{"id":1350,"date":"2010-10-19T19:14:33","date_gmt":"2010-10-19T23:14:33","guid":{"rendered":"http:\/\/www.adufpb.org.br\/site\/alunos-e-professores-voltam-as-aulas-no-litoral-norte\/"},"modified":"2010-10-19T19:15:56","modified_gmt":"2010-10-19T23:15:56","slug":"alunos-e-professores-voltam-as-aulas-no-litoral-norte","status":"publish","type":"post","link":"https:\/\/www.adufpb.org.br\/site\/alunos-e-professores-voltam-as-aulas-no-litoral-norte\/","title":{"rendered":"Alunos e professores voltam \u00e0s aulas no Litoral Norte"},"content":{"rendered":"<p><a href=\"http:\/\/www.adufpb.org.br\/site\/wp-content\/uploads\/2010\/09\/assembleia-greve-litoral-norte-31.jpg\"><img loading=\"lazy\" decoding=\"async\" class=\"size-full wp-image-1320 alignleft\" title=\"Assembleia geral com alunos e professores\" src=\"http:\/\/www.adufpb.org.br\/site\/wp-content\/uploads\/2010\/09\/assembleia-greve-litoral-norte-31.jpg\" alt=\"Alunos lotaram sagu\u00e3o para assistir \u00e0 assembleia geral\" width=\"314\" height=\"209\" srcset=\"https:\/\/www.adufpb.org.br\/site\/wp-content\/uploads\/2010\/09\/assembleia-greve-litoral-norte-31.jpg 448w, https:\/\/www.adufpb.org.br\/site\/wp-content\/uploads\/2010\/09\/assembleia-greve-litoral-norte-31-300x199.jpg 300w\" sizes=\"auto, (max-width: 314px) 100vw, 314px\" \/><\/a>Os professores e alunos do Campus IV da UFPB (Litoral Norte) retomaram as atividades do semestre letivo segunda-feira (18), ap\u00f3s paralisa\u00e7\u00e3o de 38 dias em protesto contra as condi\u00e7\u00f5es de infraestrutura e administrativas do centro. A volta \u00e0s aulas foi decidida durante assembleia na quarta-feira, dia 13, com a condi\u00e7\u00e3o de que a reitoria providenciasse melhorias no campus. Caso contr\u00e1rio, os professores retornar\u00e3o \u00e0 greve no dia 17 de dezembro.<\/p>\n<p>Para evitar a paralisa\u00e7\u00e3o, docentes e professores exigiram a entrega de todas as salas previstas para o campus (cujas obras estavam atrasadas) e o compromisso por parte do reitor R\u00f4mulo Polari de providenciar abastecimento de \u00e1gua para a unidade de Mamanguape de forma ininterrupta, valendo-se de solu\u00e7\u00f5es tempor\u00e1rias, como a utiliza\u00e7\u00e3o de caminh\u00f5es pipa, at\u00e9 que seja consolidada a solu\u00e7\u00e3o definitiva.<\/p>\n<p>Os manifestantes tamb\u00e9m fizeram exig\u00eancias para aceitar o per\u00edodo de reposi\u00e7\u00e3o de aulas a partir de 3 de janeiro de 2011. Eles pedem, primeiramente, que a universidade assine um TAC (Termo de Ajustamento de Conduta) at\u00e9 o dia 13 de dezembro comprometendo-se a solucionar os demais problemas do campus.<\/p>\n<p>Exigem, tamb\u00e9m, que seja realizada a presta\u00e7\u00e3o de contas (relato pormenorizado das receitas e despesas do CCAE) para a atual Dire\u00e7\u00e3o do Centro at\u00e9 o dia 13 de dezembro. Reivindicam, ainda, a concretiza\u00e7\u00e3o das provid\u00eancias listadas no Relat\u00f3rio de Implanta\u00e7\u00e3o com agendamento para os meses de outubro, novembro e dezembro.<\/p>\n<p><strong>Per\u00edodo letivo 2010.2<\/strong><\/p>\n<p>A assembleia tamb\u00e9m faz reivindica\u00e7\u00f5es \u00e0 universidade para dar in\u00edcio ao per\u00edodo letivo 2010.2. Exige a concretiza\u00e7\u00e3o das provid\u00eancias listadas no Relat\u00f3rio de Implanta\u00e7\u00e3o com agendamento previsto at\u00e9 o in\u00edcio do semestre e solicita em car\u00e1ter emergencial ao reitor que oficialize junto ao MEC (Minist\u00e9rio da Educa\u00e7\u00e3o) um pedido de adiamento das visitas de fiscaliza\u00e7\u00e3o e avalia\u00e7\u00e3o de cursos previstas para este ano.<\/p>\n<p>Para manter um acompanhamento constante das provid\u00eancias da reitoria para cumprir as exig\u00eancias listadas em assembl\u00e9ia, alunos e professores decidiram transformar o \u201cComando de Greve\u201d em uma \u201cComiss\u00e3o Permanente de Mobiliza\u00e7\u00e3o\u201d (CPM). A finalidade do CPM \u00e9 manter os v\u00e1rios segmentos que comp\u00f5em a comunidade acad\u00eamica informados e mobilizados quanto \u00e0 conquista das melhorias, convocando a assembleia sempre que se fizer necess\u00e1rio.<\/p>\n<p><strong> <\/strong><\/p>\n<p><strong>Desde o dia 10<\/strong><\/p>\n<p>Desde o dia 10 de setembro as aulas do Campus Litoral Norte, composto pelos cursos das cidades de Mamanguape e Rio Tinto, est\u00e3o paradas. Ap\u00f3s o desmoronamento do forro de um dos blocos de salas, os alunos deram in\u00edcio \u00e0 mobiliza\u00e7\u00e3o. No dia 13, os professores anunciaram apoio ao movimento e, no dia 22, decretaram greve.<\/p>\n<p align=\"center\"><strong>Alguns problemas destacados por alunos, professores e funcion\u00e1rios<\/strong><\/p>\n<ul>\n<li>Atraso no pagamento dos terceirizados (motoristas est\u00e3o h\u00e1 sete      meses sem receber e pessoal da faxina, h\u00e1 quatro)<\/li>\n<li>N\u00famero insuficiente de servidores t\u00e9cnico-administrativo (apenas 32      funcion\u00e1rios para atender Mamanguape e Rio Tinto)<\/li>\n<li>Falta de pagamento das bolsas de pesquisa e de monitoria<\/li>\n<li>Acesso prec\u00e1rio \u00e0 internet (rede \u00e9 lenta e n\u00e3o atende adequadamente      nem mesmo o curso de Computa\u00e7\u00e3o)<\/li>\n<li>Rachaduras em pr\u00e9dios rec\u00e9m-constru\u00eddos e perigo de desabamento (o      forro de um dos blocos, em um pr\u00e9dio reformado, chegou a cair e o local      foi interditado pelo Corpo de Bombeiros)<\/li>\n<li>Aparelhos de ar condicionado que n\u00e3o funcionam<\/li>\n<li>Banheiros sem \u00e1gua<\/li>\n<li>Falta de rampas para acesso de pessoas com defici\u00eancia<\/li>\n<li>Biblioteca sem acervo m\u00ednimo de livros<\/li>\n<li> Falta de material administrativo (professores precisam comprar at\u00e9      canetas para dar aula)<\/li>\n<li>Falta de uma resid\u00eancia universit\u00e1ria<\/li>\n<\/ul>\n<p align=\"center\"><strong>Pauta de reivindica\u00e7\u00f5es<\/strong><\/p>\n<ul>\n<li>Autonomia administrativa e financeira para o Campus IV<\/li>\n<li>Presta\u00e7\u00e3o detalhada de contas referente aos recursos alocados e      gastos no Campus IV a se apresentada em no m\u00e1ximo 30 dias<\/li>\n<li>Compra de material para os laborat\u00f3rios para suprir as demandas dos      alunos concluintes e demais alunos<\/li>\n<li>Contrata\u00e7\u00e3o de mais 30 profissionais da \u00e1rea de seguran\u00e7a<\/li>\n<li>Disponibiliza\u00e7\u00e3o do acesso digital a todos os alunos atrav\u00e9s de dez      novos terminais de consulta em Rio Tinto e dez novos terminais de consulta      em Mamanguape<\/li>\n<li>Pagamento das Bolsas de Aux\u00edlio em atraso<\/li>\n<li>Contrata\u00e7\u00e3o de funcion\u00e1rios j\u00e1 concursados para o Campus IV e com      seus respectivos c\u00f3digos de vagas liberados pelo MEC<\/li>\n<li>Disponibiliza\u00e7\u00e3o de material de expediente (toner, papel,      cartuchos, canetas etc.)<\/li>\n<li>Aumento do acervo de livros das bibliotecas<\/li>\n<\/ul>\n","protected":false},"excerpt":{"rendered":"<p>Os professores e alunos do Campus IV da UFPB (Litoral Norte) retomaram as atividades do semestre letivo segunda-feira (18), ap\u00f3s paralisa\u00e7\u00e3o de 38 dias em protesto contra as condi\u00e7\u00f5es de infraestrutura e administrativas do centro. A volta \u00e0s aulas foi decidida durante assembleia na quarta-feira, dia 13, com a condi\u00e7\u00e3o de que a reitoria providenciasse&hellip;<\/p>\n","protected":false},"author":3,"featured_media":0,"comment_status":"open","ping_status":"open","sticky":false,"template":"","format":"standard","meta":{"footnotes":""},"categories":[15],"tags":[816,132,97],"class_list":["post-1350","post","type-post","status-publish","format-standard","hentry","category-noticias","tag-assembleia","tag-greve","tag-litoral-norte","category-15","description-off"],"_links":{"self":[{"href":"https:\/\/www.adufpb.org.br\/site\/wp-json\/wp\/v2\/posts\/1350","targetHints":{"allow":["GET"]}}],"collection":[{"href":"https:\/\/www.adufpb.org.br\/site\/wp-json\/wp\/v2\/posts"}],"about":[{"href":"https:\/\/www.adufpb.org.br\/site\/wp-json\/wp\/v2\/types\/post"}],"author":[{"embeddable":true,"href":"https:\/\/www.adufpb.org.br\/site\/wp-json\/wp\/v2\/users\/3"}],"replies":[{"embeddable":true,"href":"https:\/\/www.adufpb.org.br\/site\/wp-json\/wp\/v2\/comments?post=1350"}],"version-history":[{"count":2,"href":"https:\/\/www.adufpb.org.br\/site\/wp-json\/wp\/v2\/posts\/1350\/revisions"}],"predecessor-version":[{"id":1352,"href":"https:\/\/www.adufpb.org.br\/site\/wp-json\/wp\/v2\/posts\/1350\/revisions\/1352"}],"wp:attachment":[{"href":"https:\/\/www.adufpb.org.br\/site\/wp-json\/wp\/v2\/media?parent=1350"}],"wp:term":[{"taxonomy":"category","embeddable":true,"href":"https:\/\/www.adufpb.org.br\/site\/wp-json\/wp\/v2\/categories?post=1350"},{"taxonomy":"post_tag","embeddable":true,"href":"https:\/\/www.adufpb.org.br\/site\/wp-json\/wp\/v2\/tags?post=1350"}],"curies":[{"name":"wp","href":"https:\/\/api.w.org\/{rel}","templated":true}]}}