{"id":13480,"date":"2016-03-04T13:33:35","date_gmt":"2016-03-04T17:33:35","guid":{"rendered":"http:\/\/www.adufpb.org.br\/site\/?p=13480"},"modified":"2016-03-14T08:02:06","modified_gmt":"2016-03-14T12:02:06","slug":"dia-internacional-da-mulher-sera-marcado-por-serie-de-debates-na-adufpb","status":"publish","type":"post","link":"https:\/\/www.adufpb.org.br\/site\/dia-internacional-da-mulher-sera-marcado-por-serie-de-debates-na-adufpb\/","title":{"rendered":"Dia da Mulher ter\u00e1 debates e homenagem a Elisa Mineiros"},"content":{"rendered":"<p dir=\"ltr\">Pol\u00edtica, trabalho, viol\u00eancia e diversidade sexual ser\u00e3o alguns dos tema debatidos ao longo deste m\u00eas na programa\u00e7\u00e3o de atividades da ADUFPB em comemora\u00e7\u00e3o ao Dia Internacional da Mulher. De 8 a 30 de mar\u00e7o, a comunidade acad\u00eamica ser\u00e1 convidada a refletir sobre a hist\u00f3ria, os desafios e as perspectivas das principais lutas feministas.<\/p>\n<p dir=\"ltr\">A programa\u00e7\u00e3o do evento \u201cMar\u00e7o de Mulheres em Luta! Trabalho, pol\u00edtica e reflex\u00e3o\u201d ter\u00e1 in\u00edcio com um ch\u00e1 da tarde na data em que se comemora o Dia Internacional da Mulher: 8 de mar\u00e7o. O evento acontecer\u00e1 na sede da ADUFPB, no Centro de Viv\u00eancia do campus I, a partir das 17h.<\/p>\n<p dir=\"ltr\">Na ocasi\u00e3o, ser\u00e1 prestada uma homenagem \u00e0 professora Elisa Bezerra Mineiros, falecida no dia 10 de fevereiro deste ano. S\u00f3cia fundadora da ADUFPB, ela era aposentada do Departamento de Servi\u00e7o Social, do CCHLA.<\/p>\n<p dir=\"ltr\">J\u00e1 no dia 10 de mar\u00e7o, haver\u00e1 o primeiro debate e o tema ser\u00e1 \u201cMulheres trabalhadoras, pol\u00edtica das mulheres e mulheres na pol\u00edtica\u201d. No dia 16, a comunidade universit\u00e1ria vai discutir \u201cPertencimentos etnicorraciais, desafios \u00e0 a\u00e7\u00e3o e \u00e0 reflex\u00e3o na luta das mulheres\u201d.<\/p>\n<p>O terceiro tema ser\u00e1 abordado no dia 22: \u201cViol\u00eancia de g\u00eanero e diversidade sexual: a luta contra a misoginia e a transfobia\u201d. Por fim, a s\u00e9rie de debates se encerra no dia 30 com uma discuss\u00e3o sobre \u201cG\u00eanero e feminismo hoje: perspectivas da luta pol\u00edtica, da reflex\u00e3o te\u00f3rica e da produ\u00e7\u00e3o acad\u00eamica\u201d. Todos as atividades acontecem na sede da ADUFPB.<\/p>\n<p><em>Fonte: Ascom ADUFPB<\/em><\/p>\n","protected":false},"excerpt":{"rendered":"<p>Pol\u00edtica, trabalho, viol\u00eancia e diversidade sexual ser\u00e3o alguns dos tema debatidos ao longo deste m\u00eas na programa\u00e7\u00e3o de atividades da ADUFPB em comemora\u00e7\u00e3o ao Dia Internacional da Mulher. De 8 a 30 de mar\u00e7o, a comunidade acad\u00eamica ser\u00e1 convidada a refletir sobre a hist\u00f3ria, os desafios e as perspectivas das principais lutas feministas. A programa\u00e7\u00e3o&hellip;<\/p>\n","protected":false},"author":3,"featured_media":13485,"comment_status":"closed","ping_status":"closed","sticky":false,"template":"","format":"standard","meta":{"footnotes":""},"categories":[15,417],"tags":[741,740,57,185],"class_list":["post-13480","post","type-post","status-publish","format-standard","has-post-thumbnail","hentry","category-noticias","category-noticias-destaque","tag-atividade","tag-dia-internacional-da-mulher","tag-eventos","tag-mulher","category-15","category-417","description-off"],"_links":{"self":[{"href":"https:\/\/www.adufpb.org.br\/site\/wp-json\/wp\/v2\/posts\/13480","targetHints":{"allow":["GET"]}}],"collection":[{"href":"https:\/\/www.adufpb.org.br\/site\/wp-json\/wp\/v2\/posts"}],"about":[{"href":"https:\/\/www.adufpb.org.br\/site\/wp-json\/wp\/v2\/types\/post"}],"author":[{"embeddable":true,"href":"https:\/\/www.adufpb.org.br\/site\/wp-json\/wp\/v2\/users\/3"}],"replies":[{"embeddable":true,"href":"https:\/\/www.adufpb.org.br\/site\/wp-json\/wp\/v2\/comments?post=13480"}],"version-history":[{"count":3,"href":"https:\/\/www.adufpb.org.br\/site\/wp-json\/wp\/v2\/posts\/13480\/revisions"}],"predecessor-version":[{"id":13489,"href":"https:\/\/www.adufpb.org.br\/site\/wp-json\/wp\/v2\/posts\/13480\/revisions\/13489"}],"wp:featuredmedia":[{"embeddable":true,"href":"https:\/\/www.adufpb.org.br\/site\/wp-json\/wp\/v2\/media\/13485"}],"wp:attachment":[{"href":"https:\/\/www.adufpb.org.br\/site\/wp-json\/wp\/v2\/media?parent=13480"}],"wp:term":[{"taxonomy":"category","embeddable":true,"href":"https:\/\/www.adufpb.org.br\/site\/wp-json\/wp\/v2\/categories?post=13480"},{"taxonomy":"post_tag","embeddable":true,"href":"https:\/\/www.adufpb.org.br\/site\/wp-json\/wp\/v2\/tags?post=13480"}],"curies":[{"name":"wp","href":"https:\/\/api.w.org\/{rel}","templated":true}]}}