{"id":13476,"date":"2016-03-03T17:03:52","date_gmt":"2016-03-03T21:03:52","guid":{"rendered":"http:\/\/www.adufpb.org.br\/site\/?p=13476"},"modified":"2016-03-04T08:41:23","modified_gmt":"2016-03-04T12:41:23","slug":"apos-acordo-estudantes-encerram-greve-de-fome-e-ocupacao-a-reitoria","status":"publish","type":"post","link":"https:\/\/www.adufpb.org.br\/site\/apos-acordo-estudantes-encerram-greve-de-fome-e-ocupacao-a-reitoria\/","title":{"rendered":"Ap\u00f3s acordo, estudantes encerram greve de fome e ocupa\u00e7\u00e3o \u00e0 reitoria"},"content":{"rendered":"<p dir=\"ltr\">Ap\u00f3s uma reuni\u00e3o de mais de 11 horas, os estudantes que ocupavam h\u00e1 tr\u00eas dias o pr\u00e9dio da reitoria da UFPB firmaram acordo com a administra\u00e7\u00e3o central da universidade na manh\u00e3 desta quinta-feira (3\/3). O documento atende a demandas relacionadas, por exemplo, a seguran\u00e7a no campus I, restaurante universit\u00e1rio, aux\u00edlio-moradia e melhoria na estrutura do campus IV (Litoral Norte).<\/p>\n<p dir=\"ltr\">Com o acordo, teve fim a greve de fome de quatro alunos, que estavam acorrentados \u00e0 rampa de acesso da Reitoria desde o dia 23. O processo de negocia\u00e7\u00e3o foi intermediado pelo Minist\u00e9rio P\u00fablico Federal, com a participa\u00e7\u00e3o da Defensoria P\u00fablica. A reuni\u00e3o teve in\u00edcio por volta das 20h da quarta-feira e se encerrou apenas \u00e0s 6h30 desta quinta.<\/p>\n<p dir=\"ltr\">Em entrevista no in\u00edcio da tarde de quinta-feira ao programa Fala Para\u00edba, da R\u00e1dio Tabajara, o presidente da ADUFPB, Marcelo Sitcovsky, disse que a entidade vinha acompanhando de perto a mobiliza\u00e7\u00e3o estudantil desde o primeiro dia de protesto. Segundo ele, a pauta de reivindica\u00e7\u00f5es envolve quest\u00f5es que afetam toda a comunidade universit\u00e1ria, como seguran\u00e7a e condi\u00e7\u00f5es de funcionamento da institui\u00e7\u00e3o.<\/p>\n<p dir=\"ltr\">\u201cDecidimos acompanhar para que, inclusive, as negocia\u00e7\u00f5es ocorressem em clima de tranquilidade\u201d, afirmou Sitcovsky. Segundo ele, \u201cos \u00e2nimos se acirraram\u201d depois da tentativa de di\u00e1logo com a reitora que resultou em confus\u00e3o e empurra-empurra na \u00faltima segunda-feira. E o epis\u00f3dio terminou na ocupa\u00e7\u00e3o do pr\u00e9dio da reitoria pelos estudantes, que permaneceram no local at\u00e9 meio-dia desta quinta-feira.<\/p>\n<p dir=\"ltr\">\u201cA ADUFPB decidiu participar de forma mais ativa, se colocando \u00e0 disposi\u00e7\u00e3o da administra\u00e7\u00e3o e dos estudantes para mediar aquele conflito. Junto com outros sujeitos que integram a universidade, como a Comiss\u00e3o de Direitos Humanos e o F\u00f3rum dos Diretores de Centro, n\u00f3s decidimos participar para, inclusive, evitar uma poss\u00edvel a\u00e7\u00e3o de reintegra\u00e7\u00e3o de posse imediata da reitoria. Sab\u00edamos que se aquela atitude fosse tomada, seria uma atitude violenta\u201d, disse Sitcovsky.<\/p>\n<p dir=\"ltr\">O presidente da ADUFPB participou das primeiras horas da negocia\u00e7\u00e3o que resultou no acordo entre estudantes e reitoria. \u201cFelizmente, com a intermedia\u00e7\u00e3o do Minist\u00e9rio P\u00fablico, encontrou-se a\u00ed um caminho para reiniciar as negocia\u00e7\u00f5es e ter a\u00e7\u00f5es concretas para atendimentos dessa pauta da assist\u00eancia estudantil na UFPB\u201d, afirmou.<\/p>\n<p><strong>Elei\u00e7\u00f5es e Ebserh<\/strong><\/p>\n<p dir=\"ltr\">Durante a entrevista na R\u00e1dio Tabajara, Marcelo Sitcovsky falou tamb\u00e9m sobre a manobra para aprova\u00e7\u00e3o no Conselho Universit\u00e1rio (Consuni) da proposta de inclus\u00e3o dos funcion\u00e1rios da Empresa Brasileira de Servi\u00e7os Hospitalares (Ebserh) no col\u00e9gio eleitoral da UFPB. A mudan\u00e7a est\u00e1 prevista no regimento do processo eleitoral, votado pelo Consuni no dia 16 de fevereiro, em sess\u00e3o marcada por muitos protestos e com a tentativa da reitora Margareth Diniz de realiza\u00e7\u00e3o a reuni\u00e3o a portas fechadas.<\/p>\n<p dir=\"ltr\">Por fim, a audi\u00eancia foi aberta, mas a proposta que d\u00e1 poder de voto aos funcion\u00e1rios da Ebserh terminou aprovada por 24 votos a 16, com tr\u00eas absten\u00e7\u00f5es. \u201cO resultado dessa reuni\u00e3o descaracteriza o que \u00e9 a comunidade universit\u00e1ria na UFPB. A comunidade universit\u00e1ria &#8211; inclusive isso \u00e9 estatut\u00e1rio &#8211; \u00e9 composta por professores, t\u00e9cnicos-administrativos e estudantes do quadro da universidade\u201d, reafirmou Marcelo Sitcovsky.<\/p>\n<p dir=\"ltr\">A Ebserh \u00e9 uma empresa p\u00fablica de direito privado que administra os hospitais federais do Pa\u00eds desde 2011. A entrada da institui\u00e7\u00e3o no Hospital Universit\u00e1rio Lauro Wanderley, da UFPB, se deu em 2013. No ano passado, a empresa realizou sele\u00e7\u00e3o para contrata\u00e7\u00e3o de aproximadamente 800 trabalhadores. Segundo Marcelo Sitcovsky, os funcion\u00e1rios da Ebserh s\u00e3o contratados por tempo determinado.<\/p>\n<p dir=\"ltr\">\u201cTrata-se de uma outra entidade cujos funcion\u00e1rios, agora, v\u00e3o participar da decis\u00e3o para escolha do reitor\u201d, afirmou o presidente da ADUFPB. \u201cEstamos misturando entidades distintas, estamos permitindo a inger\u00eancia da Ebserh em decis\u00e3o da universidade. Agora, o contrario n\u00e3o acontece. Os professores e os t\u00e9cnico-administrativos da universidade n\u00e3o t\u00eam o direito de escolher quem \u00e9 o superintendente do HU. Nem mesmo os trabalhadores da Ebserh escolhem quem s\u00e3o os dirigentes do HU\u201d, afirmou.<\/p>\n<p><em>Fonte: Ascom ADUFPB<\/em><\/p>\n","protected":false},"excerpt":{"rendered":"<p>Ap\u00f3s uma reuni\u00e3o de mais de 11 horas, os estudantes que ocupavam h\u00e1 tr\u00eas dias o pr\u00e9dio da reitoria da UFPB firmaram acordo com a administra\u00e7\u00e3o central da universidade na manh\u00e3 desta quinta-feira (3\/3). O documento atende a demandas relacionadas, por exemplo, a seguran\u00e7a no campus I, restaurante universit\u00e1rio, aux\u00edlio-moradia e melhoria na estrutura do&hellip;<\/p>\n","protected":false},"author":3,"featured_media":0,"comment_status":"closed","ping_status":"closed","sticky":false,"template":"","format":"standard","meta":{"footnotes":""},"categories":[15],"tags":[249,723,214,566,734],"class_list":["post-13476","post","type-post","status-publish","format-standard","hentry","category-noticias","tag-ebserh","tag-eleicao-na-ufpb","tag-eleicao-para-reitor","tag-estudantes","tag-greve-de-fome","category-15","description-off"],"_links":{"self":[{"href":"https:\/\/www.adufpb.org.br\/site\/wp-json\/wp\/v2\/posts\/13476","targetHints":{"allow":["GET"]}}],"collection":[{"href":"https:\/\/www.adufpb.org.br\/site\/wp-json\/wp\/v2\/posts"}],"about":[{"href":"https:\/\/www.adufpb.org.br\/site\/wp-json\/wp\/v2\/types\/post"}],"author":[{"embeddable":true,"href":"https:\/\/www.adufpb.org.br\/site\/wp-json\/wp\/v2\/users\/3"}],"replies":[{"embeddable":true,"href":"https:\/\/www.adufpb.org.br\/site\/wp-json\/wp\/v2\/comments?post=13476"}],"version-history":[{"count":2,"href":"https:\/\/www.adufpb.org.br\/site\/wp-json\/wp\/v2\/posts\/13476\/revisions"}],"predecessor-version":[{"id":13479,"href":"https:\/\/www.adufpb.org.br\/site\/wp-json\/wp\/v2\/posts\/13476\/revisions\/13479"}],"wp:attachment":[{"href":"https:\/\/www.adufpb.org.br\/site\/wp-json\/wp\/v2\/media?parent=13476"}],"wp:term":[{"taxonomy":"category","embeddable":true,"href":"https:\/\/www.adufpb.org.br\/site\/wp-json\/wp\/v2\/categories?post=13476"},{"taxonomy":"post_tag","embeddable":true,"href":"https:\/\/www.adufpb.org.br\/site\/wp-json\/wp\/v2\/tags?post=13476"}],"curies":[{"name":"wp","href":"https:\/\/api.w.org\/{rel}","templated":true}]}}