{"id":1338,"date":"2010-10-15T11:11:12","date_gmt":"2010-10-15T15:11:12","guid":{"rendered":"http:\/\/www.adufpb.org.br\/site\/adufpb-realiza-cafe-da-manha-no-dia-do-professor\/"},"modified":"2010-10-15T11:48:00","modified_gmt":"2010-10-15T15:48:00","slug":"adufpb-realiza-cafe-da-manha-no-dia-do-professor","status":"publish","type":"post","link":"https:\/\/www.adufpb.org.br\/site\/adufpb-realiza-cafe-da-manha-no-dia-do-professor\/","title":{"rendered":"ADUFPB realiza caf\u00e9 da manh\u00e3 no Dia do Professor"},"content":{"rendered":"<div style=\"background-color: transparent; font-family: 'Times New Roman'; line-height: normal; font-size: small; margin: 0px;\"><span style=\"font-family: Arial;\"><span style=\"white-space: pre-wrap;\">A ADUFPB realizou nesta sexta-feira (15) um caf\u00e9 da manh\u00e3 especial em comemora\u00e7\u00e3o ao Dia do Professor. A confraterniza\u00e7\u00e3o teve in\u00edcio \u00e0s 8h e se prolongou por toda a manh\u00e3. Confira as fotos do evento no \u00e1lbum virtual do Sindicato, clicando <a href=\"http:\/\/www.flickr.com\/photos\/galeria-adufpb\/sets\/72157625043963535\/\" target=\"_blank\">aqui<\/a>.<\/p>\n<p>Leia tamb\u00e9m a <a href=\"http:\/\/www.adufpb.org.br\/site\/nota-dia-do-professor-terezinha-diniz\/\">NOTA <\/a>da secret\u00e1ria-geral da ADUFPB, Terezinha Diniz, homenageando todos os professores.<\/p>\n<p><\/span><\/span><\/div>\n<div style=\"background-color: transparent; font-family: 'Times New Roman'; line-height: normal; font-size: small; margin: 0px;\"><span style=\"font-family: Arial;\"><span style=\"white-space: pre-wrap;\"><!--more--><br \/>\n<\/span><\/span><\/div>\n<div style=\"background-color: transparent; font-family: 'Times New Roman'; line-height: normal; font-size: small; margin: 0px;\"><span style=\"font-family: Arial;\"><span style=\"white-space: pre-wrap;\"><img loading=\"lazy\" decoding=\"async\" class=\"aligncenter\" src=\"http:\/\/farm5.static.flickr.com\/4088\/5083809070_103032d623.jpg\" alt=\"\" width=\"412\" height=\"500\" \/><\/span><\/span><\/div>\n<div style=\"background-color: transparent; font-family: 'Times New Roman'; line-height: normal; font-size: small; margin: 0px;\"><span style=\"font-family: Arial;\"><span style=\"white-space: pre-wrap;\"><img loading=\"lazy\" decoding=\"async\" class=\"aligncenter\" src=\"http:\/\/farm5.static.flickr.com\/4150\/5083211255_442cf07f9f.jpg\" alt=\"\" width=\"500\" height=\"333\" \/><\/span><\/span><\/div>\n<div style=\"background-color: transparent; font-family: 'Times New Roman'; line-height: normal; font-size: small; margin: 0px;\"><span style=\"font-family: Arial;\"><span style=\"white-space: pre-wrap;\"><img loading=\"lazy\" decoding=\"async\" class=\"aligncenter\" src=\"http:\/\/farm5.static.flickr.com\/4129\/5083212203_6f9b0367b9.jpg\" alt=\"\" width=\"500\" height=\"375\" \/><br \/>\n<\/span><\/span><\/div>\n<div style=\"background-color: transparent; font-family: 'Times New Roman'; line-height: normal; font-size: small; margin: 0px;\"><span style=\"font-family: Arial;\"><span style=\"white-space: pre-wrap;\"><img loading=\"lazy\" decoding=\"async\" class=\"aligncenter\" src=\"http:\/\/farm5.static.flickr.com\/4148\/5083506757_5ae9d76983.jpg\" alt=\"\" width=\"500\" height=\"271\" \/><br \/>\n<\/span><\/span><\/div>\n","protected":false},"excerpt":{"rendered":"<p>A ADUFPB realizou nesta sexta-feira (15) um caf\u00e9 da manh\u00e3 especial em comemora\u00e7\u00e3o ao Dia do Professor. A confraterniza\u00e7\u00e3o teve in\u00edcio \u00e0s 8h e se prolongou por toda a manh\u00e3. Confira as fotos do evento no \u00e1lbum virtual do Sindicato, clicando aqui. Leia tamb\u00e9m a NOTA da secret\u00e1ria-geral da ADUFPB, Terezinha Diniz, homenageando todos os&hellip;<\/p>\n","protected":false},"author":3,"featured_media":0,"comment_status":"open","ping_status":"open","sticky":false,"template":"","format":"standard","meta":{"footnotes":""},"categories":[15],"tags":[66,57],"class_list":["post-1338","post","type-post","status-publish","format-standard","hentry","category-noticias","tag-dia-do-professor","tag-eventos","category-15","description-off"],"_links":{"self":[{"href":"https:\/\/www.adufpb.org.br\/site\/wp-json\/wp\/v2\/posts\/1338","targetHints":{"allow":["GET"]}}],"collection":[{"href":"https:\/\/www.adufpb.org.br\/site\/wp-json\/wp\/v2\/posts"}],"about":[{"href":"https:\/\/www.adufpb.org.br\/site\/wp-json\/wp\/v2\/types\/post"}],"author":[{"embeddable":true,"href":"https:\/\/www.adufpb.org.br\/site\/wp-json\/wp\/v2\/users\/3"}],"replies":[{"embeddable":true,"href":"https:\/\/www.adufpb.org.br\/site\/wp-json\/wp\/v2\/comments?post=1338"}],"version-history":[{"count":9,"href":"https:\/\/www.adufpb.org.br\/site\/wp-json\/wp\/v2\/posts\/1338\/revisions"}],"predecessor-version":[{"id":1348,"href":"https:\/\/www.adufpb.org.br\/site\/wp-json\/wp\/v2\/posts\/1338\/revisions\/1348"}],"wp:attachment":[{"href":"https:\/\/www.adufpb.org.br\/site\/wp-json\/wp\/v2\/media?parent=1338"}],"wp:term":[{"taxonomy":"category","embeddable":true,"href":"https:\/\/www.adufpb.org.br\/site\/wp-json\/wp\/v2\/categories?post=1338"},{"taxonomy":"post_tag","embeddable":true,"href":"https:\/\/www.adufpb.org.br\/site\/wp-json\/wp\/v2\/tags?post=1338"}],"curies":[{"name":"wp","href":"https:\/\/api.w.org\/{rel}","templated":true}]}}