{"id":13378,"date":"2016-02-24T09:33:27","date_gmt":"2016-02-24T13:33:27","guid":{"rendered":"http:\/\/www.adufpb.org.br\/site\/?p=13378"},"modified":"2016-02-26T13:31:40","modified_gmt":"2016-02-26T17:31:40","slug":"professores-fazem-assembleia-dias-1-e-2-de-marco","status":"publish","type":"post","link":"https:\/\/www.adufpb.org.br\/site\/professores-fazem-assembleia-dias-1-e-2-de-marco\/","title":{"rendered":"Professores da UFPB fazem assembleias nos dias 1 e 2 de mar\u00e7o"},"content":{"rendered":"<p>A ADUFPB promove uma nova rodada de assembleias de professores nos dias 1 e 2 de mar\u00e7o. Em pauta, informes, avalia\u00e7\u00e3o e encaminhamentos do 35\u00ba Congresso Nacional do Andes-SN, debate sobre a decis\u00e3o do Consuni a respeito das elei\u00e7\u00f5es para Reitoria da UFPB e encaminhamentos.<\/p>\n<p dir=\"ltr\">Pela primeira vez, haver\u00e1 assembleia espec\u00edfica no campus IV &#8211; Litoral Norte. Com a nova sede da subsecretaria da ADUFPB, recentemente inaugurada na cidade de Mamanguape, os professores v\u00e3o poder se reunir no pr\u00f3prio local de trabalho e n\u00e3o precisar\u00e3o mais deslocar-se para a assembleia de Jo\u00e3o Pessoa. A reuni\u00e3o no Litoral Norte acontecer\u00e1 no dia 1\u00ba de mar\u00e7o, no per\u00edodo da tarde.<\/p>\n<p dir=\"ltr\">Tamb\u00e9m no dia 1\u00ba, por\u00e9m pela manh\u00e3, acontecer\u00e1 assembleias nas subsecretarias locais dos campi de Areia e Bananeiras. J\u00e1 em Jo\u00e3o Pessoa, os debates ser\u00e3o realizados no dia 2, a partir das 9h, no audit\u00f3rio 212 do Centro de Educa\u00e7\u00e3o (CE). Essa assembleia inclui tamb\u00e9m os professores do campus V (Centro de Tecnologia e Desenvolvimento Regional &#8211; CTDR &#8211; localizado em Mangabeira) e da unidade de Santa Rita do Centro de Ci\u00eancias Jur\u00eddicas (CCJ).<\/p>\n<p><span style=\"text-decoration: underline;\"><strong>AGENDE-SE<\/strong><\/span><\/p>\n<p dir=\"ltr\"><strong>Assembleia geral<\/strong><\/p>\n<p><span style=\"text-decoration: underline;\">Pauta:<\/span><br \/>\n1. Informes<br \/>\n2. Avalia\u00e7\u00e3o e encaminhamentos do 35\u00ba Congresso Nacional do Andes-SN<br \/>\n3. Decis\u00e3o do Consuni sobre as elei\u00e7\u00f5es para Reitoria da UFPB<br \/>\n4. Encaminhamentos<\/p>\n<p><span style=\"text-decoration: underline;\">Dia 1\/3 &#8211; ter\u00e7a-feira<\/span><\/p>\n<p dir=\"ltr\">&#8211; Campi Areia e Bananeiras<br \/>\nHor\u00e1rio: manh\u00e3<br \/>\nLocal: subsecretarias da ADUFPB<\/p>\n<p dir=\"ltr\">&#8211; Campus Litoral Norte<br \/>\nHor\u00e1rio: tarde<br \/>\nLocal: subsecretaria da ADUFPB<\/p>\n<p><span style=\"text-decoration: underline;\">Dia 2\/3 &#8211; quarta-feira<\/span><\/p>\n<p dir=\"ltr\">&#8211; Jo\u00e3o Pessoa, CTDR e CCJ-Santa Rita<br \/>\nHor\u00e1rio: 9h<br \/>\nLocal: Audit\u00f3rio 212 do Centro de Educa\u00e7\u00e3o (CE)<\/p>\n<p><em>Fonte: Ascom ADUFPB<\/em><\/p>\n","protected":false},"excerpt":{"rendered":"<p>A ADUFPB promove uma nova rodada de assembleias de professores nos dias 1 e 2 de mar\u00e7o. Em pauta, informes, avalia\u00e7\u00e3o e encaminhamentos do 35\u00ba Congresso Nacional do Andes-SN, debate sobre a decis\u00e3o do Consuni a respeito das elei\u00e7\u00f5es para Reitoria da UFPB e encaminhamentos. Pela primeira vez, haver\u00e1 assembleia espec\u00edfica no campus IV &#8211;&hellip;<\/p>\n","protected":false},"author":3,"featured_media":13386,"comment_status":"closed","ping_status":"closed","sticky":false,"template":"","format":"standard","meta":{"footnotes":""},"categories":[15,417],"tags":[677,95,178,723,214],"class_list":["post-13378","post","type-post","status-publish","format-standard","has-post-thumbnail","hentry","category-noticias","category-noticias-destaque","tag-35o-congresso-do-andes","tag-assembleias","tag-consuni","tag-eleicao-na-ufpb","tag-eleicao-para-reitor","category-15","category-417","description-off"],"_links":{"self":[{"href":"https:\/\/www.adufpb.org.br\/site\/wp-json\/wp\/v2\/posts\/13378","targetHints":{"allow":["GET"]}}],"collection":[{"href":"https:\/\/www.adufpb.org.br\/site\/wp-json\/wp\/v2\/posts"}],"about":[{"href":"https:\/\/www.adufpb.org.br\/site\/wp-json\/wp\/v2\/types\/post"}],"author":[{"embeddable":true,"href":"https:\/\/www.adufpb.org.br\/site\/wp-json\/wp\/v2\/users\/3"}],"replies":[{"embeddable":true,"href":"https:\/\/www.adufpb.org.br\/site\/wp-json\/wp\/v2\/comments?post=13378"}],"version-history":[{"count":5,"href":"https:\/\/www.adufpb.org.br\/site\/wp-json\/wp\/v2\/posts\/13378\/revisions"}],"predecessor-version":[{"id":13384,"href":"https:\/\/www.adufpb.org.br\/site\/wp-json\/wp\/v2\/posts\/13378\/revisions\/13384"}],"wp:featuredmedia":[{"embeddable":true,"href":"https:\/\/www.adufpb.org.br\/site\/wp-json\/wp\/v2\/media\/13386"}],"wp:attachment":[{"href":"https:\/\/www.adufpb.org.br\/site\/wp-json\/wp\/v2\/media?parent=13378"}],"wp:term":[{"taxonomy":"category","embeddable":true,"href":"https:\/\/www.adufpb.org.br\/site\/wp-json\/wp\/v2\/categories?post=13378"},{"taxonomy":"post_tag","embeddable":true,"href":"https:\/\/www.adufpb.org.br\/site\/wp-json\/wp\/v2\/tags?post=13378"}],"curies":[{"name":"wp","href":"https:\/\/api.w.org\/{rel}","templated":true}]}}