{"id":1333,"date":"2010-10-06T10:52:41","date_gmt":"2010-10-06T14:52:41","guid":{"rendered":"http:\/\/www.adufpb.org.br\/site\/vii-semana-de-agronomia-sera-realizada-em-areia\/"},"modified":"2014-03-31T19:35:54","modified_gmt":"2014-03-31T23:35:54","slug":"vii-semana-de-agronomia-sera-realizada-em-areia","status":"publish","type":"post","link":"https:\/\/www.adufpb.org.br\/site\/vii-semana-de-agronomia-sera-realizada-em-areia\/","title":{"rendered":"VII Semana de Agronomia ser\u00e1 realizada em Areia"},"content":{"rendered":"<p>O Centro de Ci\u00eancias Agr\u00e1rias da Universidade Federal da Para\u00edba (CCA), com sede no Campus II, na cidade de Areia, Brejo da Para\u00edba, promover\u00e1 entre os dias 12 e 15 de outubro a VII Semana de Agronomia. O tema programado \u00e9 \u201cEngenharia Agron\u00f4mica e Sua Inser\u00e7\u00e3o nos Processos Produtivos\u201d.<\/p>\n<p>A solenidade de abertura do evento est\u00e1 marcada para as 19 horas do dia 12, com a apresenta\u00e7\u00e3o da Filarm\u00f4nica Abdon Milanez. Em seguida, haver\u00e1 a primeira confer\u00eancia sobre \u201cInser\u00e7\u00e3o de Esp\u00e9cies Frut\u00edferas Nativas em Sistemas Produtivos Competitivos e no Mercado Globalizado. A palestra ser\u00e1 feita por Ricardo Elesb\u00e3o Alves, da Embrapa Agroind\u00fastria Tropical, de Fortaleza. Em seguida haver\u00e1 um coquetel.<\/p>\n<p>A programa\u00e7\u00e3o das atividades da VII Semana de Agronomia prossegue nos dias seguintes, com a programa\u00e7\u00e3o a seguir:<\/p>\n<p>DIA 13 DE OUTUBRO DE 2010 \u2014 QUARTA-FEIRA<\/p>\n<p>7h \u2014 INSCRI\u00c7\u00c3O E ENTREGA DE MATERIAL<\/p>\n<p>8h \u00c0S 9h30 &#8211; OP\u00c7\u00d5ES AGR\u00cdCOLAS BRASILEIRAS PARA A PRODU\u00c7\u00c3O DE BIODIESEL \u2014 PALESTRANTES: DRS. NAPOLE\u00c3O BELTR\u00c3O\/WALTEMILTON VIEIRA CARTAXO, EMPRESA BRASILEIRA DE PESQUISA AGROPECU\u00c1RIA (EMBRAPA ALGOD\u00c3O) &#8211; PRESIDENTE DA MESA: PROF. DR. LEONALDO ALVES DE ANDRADE (DFCA\/CCA\/UFPB)<\/p>\n<p>9h30 \u00c0S 10h \u2014 LANCHE<\/p>\n<p>10h \u00c0S 11h30 \u2014 TEMA: PRODU\u00c7\u00c3O INTEGRADA DE UVA NO SEMI\u00c1RIDO BRASILEIRO \u2014 PALESTRANTE: DR. JOS\u00c9 EUDES MORAIS DE OLIVEIRA (EMBRAPA SEMI\u00c1RIDO, PETROLINA-PE) &#8211; PRESIDENTE DA MESA: PROFA. SILVANDA DE MELO SILVA (DCFS\/CCA\/UFPB)<\/p>\n<p>14h \u00c0S 18h\u2014MINICURSOS<\/p>\n<p>18h \u2014 INAUGURA\u00c7\u00c3O DO NOVO PROJETO EXPOGR\u00c1FICO DO MUSEU DO BREJO PARAIBANO (MUSEU DA RAPADURA). REGISTRO DOS 30 ANOS DA RESTAURA\u00c7\u00c3O DAS INSTALA\u00c7\u00d5ES DO ENGENHO DA V\u00c1RZEA.<\/p>\n<p>19h \u00c0S 23h \u2014 NOITE CULTURAL: LUAU\u2014TINHO SHOW DIA 14 DE OUTUBRO DE 2010 \u2014 QUINTA-FEIRA<\/p>\n<p>08h \u00c0S 09h30 &#8211; TEMA: LEGISLA\u00c7\u00c3O PROFISSIONAL E RESPONSABILIDADE NO EXERC\u00cdCIO DA PROFISS\u00c3O DE ENGENHEIRO AGR\u00d4NOMO \u2014PALESTRANTE: ENG. AGRO. RAIMUNDO NONATO LOPES DE SOUSA (CREA-PB) &#8211; PRESIDENTE DA MESA: PROF. DR. ADAILSON PEREIRA DE SOUZA (DSER\/CCA\/UFPB E CONSELHEIRO DO CREA-PB).<\/p>\n<p>09h30\u2014LANCHE<\/p>\n<p>10h \u00c0S 11h30 &#8211; EXPANS\u00c3O E CONSOLIDA\u00c7\u00c3O DA CULTURA DO ABACAXI NA PARA\u00cdBA \u2014 PALESTRANTE: DR. LE\u00d4NCIO DA COSTA VILAR (EMATER-PB) &#8211; PRESI-DENTE DA MESA: PROFA. DRA. REJANE MARIA NUNES MENDON\u00c7A (DFCA\/CCA\/UFPB)<\/p>\n<p>14h \u00c0S 18h \u2014 MINICURSOS<\/p>\n<p>21h \u00c0 1h\u2014NOITE CULTURAL COM O DESTAQUE MUSICAL\u2014GIN\u00c1SIO LEO-NARDO VINAGRE DA SILVEIRA<\/p>\n<p>DIA 15 DE OUTUBRO DE 2010<\/p>\n<p>8h \u00c0S 9h30 &#8211; PASSADO, PRESENTE E FUTURO DA AGRONOMIA NO BRASIL\u2014PALESTRANTE: DR. JOS\u00c9 GERALDO DE VASCONCELOS BARACUHY (CCT\/UFCG &#8211; CAMPINA GRANDE \u2013 PB.) &#8211; PRESIDENTE DA MESA: PROF. DR. IVANDRO DE FRAN\u00c7A DA SILVA (DSER\/CCA\/UFPB).<\/p>\n<p>9h30 \u2014 LANCHE<\/p>\n<p>10h \u00c0S 11h30 &#8211; PANORAMA DA PRODU\u00c7\u00c3O DE HORTALI\u00c7AS NO BRASIL E NO MUNDO- PALESTRANTE: PROF. DR. PAULO C\u00c9SAR TAVARES DE MELO (ESALQ\/USP-PIRACICABA-SP) &#8211; PRESIDENTE DA MESA: PROF. DR. MAILSON MONTEIRO DO REGO (DCB\/CCA\/UFPB)<\/p>\n<p>11h30\u2014 ENCERRAMENTO\u2014LAN\u00c7AMENTO CCA 75 ANOS\u2014PROF. DR. DJAIL SANTOS\u2014DIRETOR DO CCA\/UFPB<\/p>\n<p>14h \u2014 VISITA T\u00c9CNICA: ENGENHO TRIUNFO\u2014DEGUSTA\u00c7\u00c3O<\/p>\n<p>(PARTICIPA\u00c7\u00c3O DO TRIO DE FORR\u00d3 P\u00c9-DE-SERRA \u201cREM\u00c9DIO E DESMANTELO\u201d<\/p>\n<p>MINICURSOS<\/p>\n<p>14\/10\/2009 \u2013 QUARTA FEIRA\/ 14 h \u00c0S 18 h<\/p>\n<p>MINICURSO 1 \u2013 GPS E APLICA\u00c7\u00d5ES NA AGRICULTURA\u2014FACILITADOR: DR. GUTEMBERG DA SILVA SILVINO (DSER\/CCA\/UFPB)<\/p>\n<p>MINICURSO 2 &#8211; MANEJO DE SOLOS E RECUPERA\u00c7\u00c3O DE \u00c1REAS DEGRADADAS &#8211; FACILITA-DOR: DR. JACOB SILVA SOUTO (CSTR\/UFCG).<\/p>\n<p>MINICURSO 3 &#8211; T\u00c9CNICAS AGR\u00cdCOLAS PARA CONTEN\u00c7\u00c3O DE \u00c1GUA E SOLO- FACILITADOR: DR. GERALDO BARACUHY DE VASCONCELOS (CCT\/UFCG)<\/p>\n<p>15\/10\/2009 \u2013 QUINTA FEIRA\/ 14 h \u00c0S 18 h<\/p>\n<p>MINICURSO 4 \u2013 PAISAGISMO URBANO -FACILITADOR: ENG. AGRO. ANDERSON FONTES<\/p>\n<p>MINICURSO 5 \u2013 AGRONEG\u00d3CIO DA CANA DE A\u00c7UCAR\u2014FACILITADOR: ENG. AGRO. MSC. VAMBERTO FRAN\u00c7A (USINA CUCA\u00da-PE)<\/p>\n<p>MINICURSO 6 \u2014 TECNOLOGIAS SOCIAIS APLICADAS AO DESENVOLVIMENTO SUSTENT\u00c1VEL-COORDENADOR: ENG. AGR\u00b0 ROBERTO VITAL (PREFEITURA MUNI-CIPAL DE JO\u00c3O PESSOA)<\/p>\n<p>CONTE\u00daDO PROGRAM\u00c1TICO: S\u00cdNTESE PROGRAM\u00c1TICA DO PROJETO CINTUR\u00c3O VERDE (ENG\u00b0 AGR\u00b0 ROBERTO VITAL); CONTEXTUALIZA\u00c7\u00c3O CONCEITUAL DA AGROECOLOGIA (ENG. AGRO. MSC. ARLINGTON RICARDO RIBEIRO); TECNOLOGI-AS SOCIAIS APLICADAS NA PRODU\u00c7\u00c3O, FERTILIZA\u00c7\u00c3O E CONTROLE DE PRAGAS E DOEN\u00c7AS (ENG\u00b0 AGR\u00b0 AGILSON MONTENEGRO); AVICULTURA COMO ATIVIDADE COMPLEMENTAR DE RENDA NA AGRICULTURA FAMILIAR (ZOOTECNISTA JANINE LUCENA); BIODIGESTORES ASSOCIADOS \u00c0 SUINOCULTURA (QU\u00cdM. ANAL. AMBIEN-TAL ANDR\u00c9 LUIZ SILVA E ZOOTECNISTA BRUNO LACERDA)<\/p>\n<p>MINICURSO 7 \u2013 FERTIRRIGA\u00c7\u00c3O FACILITADOR: DR. JOS\u00c9 CRISPINIANO FEITOSA FILHO (DSER\/CCA\/UFPB)<\/p>\n<p>MINICURSO 8 \u2014 CERTIFICADO FITOSSANIT\u00c1RIO DE ORIGEM DE PRAGAS EM PALMA FORRAGEIRA \u2014 FACILITADOR: DR. JACINTO DE LUNA BATISTA (DFCA\/CCA\/UFPB)<\/p>\n<p>MINICURSO 9 \u2013 EMPREENDEDORISMO NA AGRONOMIA &#8211; FACILITADOR: DR. LIDNEY HENRIQUES DA SILVA (CONSULTOR)<\/p>\n<p>MINICURSO 10 &#8211; TEMA: ATUALIZA\u00c7\u00c3O EM RECOMENDA\u00c7\u00c3O DE ADUBA\u00c7\u00c3O E CALAGEM-FACILITADOR: DR. ROBERTO WAGNER CAVALCANTI RAPOSO (DSER\/CCA\/UFPB)<\/p>\n<p>MINICURSO 11 PRODU\u00c7\u00c3O DE FLORES TROPICAIS &#8211; FACILITADOR: SEBRAE<\/p>\n<p>MINICURSO 12 EXTRA\u00c7\u00c3O E QUANTIFICA\u00c7\u00c3O DE PIGMENTOS FOTOSSINT\u00c9TICOS EM PLANTAS SUPERIORES- FACILITADOR: RONALDO NASCIMENTO \u2013 CCT\/UFCG<\/p>\n<p><em>Fonte: Ag\u00eancia UFPB<\/em><\/p>\n","protected":false},"excerpt":{"rendered":"<p>O Centro de Ci\u00eancias Agr\u00e1rias da Universidade Federal da Para\u00edba (CCA), com sede no Campus II, na cidade de Areia, Brejo da Para\u00edba, promover\u00e1 entre os dias 12 e 15 de outubro a VII Semana de Agronomia. O tema programado \u00e9 \u201cEngenharia Agron\u00f4mica e Sua Inser\u00e7\u00e3o nos Processos Produtivos\u201d. A solenidade de abertura do evento&hellip;<\/p>\n","protected":false},"author":3,"featured_media":0,"comment_status":"open","ping_status":"open","sticky":false,"template":"","format":"standard","meta":{"footnotes":""},"categories":[15,438],"tags":[],"class_list":["post-1333","post","type-post","status-publish","format-standard","hentry","category-noticias","category-secretarias-adjuntas","category-15","category-438","description-off"],"_links":{"self":[{"href":"https:\/\/www.adufpb.org.br\/site\/wp-json\/wp\/v2\/posts\/1333","targetHints":{"allow":["GET"]}}],"collection":[{"href":"https:\/\/www.adufpb.org.br\/site\/wp-json\/wp\/v2\/posts"}],"about":[{"href":"https:\/\/www.adufpb.org.br\/site\/wp-json\/wp\/v2\/types\/post"}],"author":[{"embeddable":true,"href":"https:\/\/www.adufpb.org.br\/site\/wp-json\/wp\/v2\/users\/3"}],"replies":[{"embeddable":true,"href":"https:\/\/www.adufpb.org.br\/site\/wp-json\/wp\/v2\/comments?post=1333"}],"version-history":[{"count":1,"href":"https:\/\/www.adufpb.org.br\/site\/wp-json\/wp\/v2\/posts\/1333\/revisions"}],"predecessor-version":[{"id":8572,"href":"https:\/\/www.adufpb.org.br\/site\/wp-json\/wp\/v2\/posts\/1333\/revisions\/8572"}],"wp:attachment":[{"href":"https:\/\/www.adufpb.org.br\/site\/wp-json\/wp\/v2\/media?parent=1333"}],"wp:term":[{"taxonomy":"category","embeddable":true,"href":"https:\/\/www.adufpb.org.br\/site\/wp-json\/wp\/v2\/categories?post=1333"},{"taxonomy":"post_tag","embeddable":true,"href":"https:\/\/www.adufpb.org.br\/site\/wp-json\/wp\/v2\/tags?post=1333"}],"curies":[{"name":"wp","href":"https:\/\/api.w.org\/{rel}","templated":true}]}}