{"id":13242,"date":"2016-02-18T19:21:04","date_gmt":"2016-02-18T23:21:04","guid":{"rendered":"http:\/\/www.adufpb.org.br\/site\/?p=13242"},"modified":"2016-02-18T19:21:04","modified_gmt":"2016-02-18T23:21:04","slug":"grupo-de-trabalho-reune-se-na-terca-feira-para-tratar-do-dia-da-mulher","status":"publish","type":"post","link":"https:\/\/www.adufpb.org.br\/site\/grupo-de-trabalho-reune-se-na-terca-feira-para-tratar-do-dia-da-mulher\/","title":{"rendered":"Grupo de Trabalho re\u00fane-se na ter\u00e7a-feira para tratar do Dia da Mulher"},"content":{"rendered":"<p>Professores(as),<\/p>\n<p style=\"text-align: left;\" align=\"right\">\u00a0A Coordena\u00e7\u00e3o do\u00a0<b>Grupo de Trabalho<\/b>\u00a0<b>Classe, Etnicorraciais, G\u00eanero e Diversidade Sexual (GTPCEGDS)\u00a0<\/b>convida os professores para\u00a0uma reuni\u00e3o a realizar-se no\u00a0<strong>dia 23 de fevereiro de 2016 (ter\u00e7a-feira), \u00e0s 14h00<\/strong>, na Sede da ADUFPB (Centro de Viv\u00eancia\/UFPB).<\/p>\n<p>Na pauta:<\/p>\n<p>1)\u00a0\u00a0\u00a0\u00a0\u00a0\u00a0\u00a0\u00a0\u00a0\u00a0\u00a0\u00a0\u00a0\u00a0\u00a0\u00a0\u00a0\u00a0Organiza\u00e7\u00e3o do Dia Internacional das Mulheres;<\/p>\n<p>2)\u00a0\u00a0\u00a0\u00a0\u00a0\u00a0\u00a0\u00a0\u00a0\u00a0\u00a0\u00a0\u00a0\u00a0\u00a0\u00a0\u00a0\u00a0Outros encaminhamentos<\/p>\n<p>&nbsp;<\/p>\n<p>Atenciosamente,<\/p>\n<p><b>EDUARDO HENRIQUE DE LIMA GUIMAR\u00c3ES<\/b><\/p>\n<p>Diretor Cultural da ADUFPB<\/p>\n<p>Coordenador do\u00a0<b>GTPCEGDS<\/b><\/p>\n","protected":false},"excerpt":{"rendered":"<p>Professores(as), \u00a0A Coordena\u00e7\u00e3o do\u00a0Grupo de Trabalho\u00a0Classe, Etnicorraciais, G\u00eanero e Diversidade Sexual (GTPCEGDS)\u00a0convida os professores para\u00a0uma reuni\u00e3o a realizar-se no\u00a0dia 23 de fevereiro de 2016 (ter\u00e7a-feira), \u00e0s 14h00, na Sede da ADUFPB (Centro de Viv\u00eancia\/UFPB). Na pauta: 1)\u00a0\u00a0\u00a0\u00a0\u00a0\u00a0\u00a0\u00a0\u00a0\u00a0\u00a0\u00a0\u00a0\u00a0\u00a0\u00a0\u00a0\u00a0Organiza\u00e7\u00e3o do Dia Internacional das Mulheres; 2)\u00a0\u00a0\u00a0\u00a0\u00a0\u00a0\u00a0\u00a0\u00a0\u00a0\u00a0\u00a0\u00a0\u00a0\u00a0\u00a0\u00a0\u00a0Outros encaminhamentos &nbsp; Atenciosamente, EDUARDO HENRIQUE DE LIMA GUIMAR\u00c3ES Diretor Cultural da ADUFPB&hellip;<\/p>\n","protected":false},"author":3,"featured_media":0,"comment_status":"closed","ping_status":"closed","sticky":false,"template":"","format":"standard","meta":{"footnotes":""},"categories":[15],"tags":[722],"class_list":["post-13242","post","type-post","status-publish","format-standard","hentry","category-noticias","tag-gtpcegds","category-15","description-off"],"_links":{"self":[{"href":"https:\/\/www.adufpb.org.br\/site\/wp-json\/wp\/v2\/posts\/13242","targetHints":{"allow":["GET"]}}],"collection":[{"href":"https:\/\/www.adufpb.org.br\/site\/wp-json\/wp\/v2\/posts"}],"about":[{"href":"https:\/\/www.adufpb.org.br\/site\/wp-json\/wp\/v2\/types\/post"}],"author":[{"embeddable":true,"href":"https:\/\/www.adufpb.org.br\/site\/wp-json\/wp\/v2\/users\/3"}],"replies":[{"embeddable":true,"href":"https:\/\/www.adufpb.org.br\/site\/wp-json\/wp\/v2\/comments?post=13242"}],"version-history":[{"count":1,"href":"https:\/\/www.adufpb.org.br\/site\/wp-json\/wp\/v2\/posts\/13242\/revisions"}],"predecessor-version":[{"id":13243,"href":"https:\/\/www.adufpb.org.br\/site\/wp-json\/wp\/v2\/posts\/13242\/revisions\/13243"}],"wp:attachment":[{"href":"https:\/\/www.adufpb.org.br\/site\/wp-json\/wp\/v2\/media?parent=13242"}],"wp:term":[{"taxonomy":"category","embeddable":true,"href":"https:\/\/www.adufpb.org.br\/site\/wp-json\/wp\/v2\/categories?post=13242"},{"taxonomy":"post_tag","embeddable":true,"href":"https:\/\/www.adufpb.org.br\/site\/wp-json\/wp\/v2\/tags?post=13242"}],"curies":[{"name":"wp","href":"https:\/\/api.w.org\/{rel}","templated":true}]}}