{"id":13151,"date":"2016-02-02T09:14:40","date_gmt":"2016-02-02T13:14:40","guid":{"rendered":"http:\/\/www.adufpb.org.br\/site\/?p=13151"},"modified":"2016-02-02T09:14:40","modified_gmt":"2016-02-02T13:14:40","slug":"governo-apresenta-proposta-que-garante-lucros-dos-bancos-usando-fgts","status":"publish","type":"post","link":"https:\/\/www.adufpb.org.br\/site\/governo-apresenta-proposta-que-garante-lucros-dos-bancos-usando-fgts\/","title":{"rendered":"Governo apresenta proposta que garante lucros dos bancos usando FGTS"},"content":{"rendered":"<p>A presidente Dilma Rousseff anunciou na \u00faltima quinta-feira (28), durante a reuni\u00e3o do Conselho de Desenvolvimento Econ\u00f4mico e Social (CDES), uma proposta que permite que o trabalhador do setor privado utilize 10% do saldo do Fundo de Garantia por Tempo de Servi\u00e7o (FGTS) mais a multa por demiss\u00e3o como garantia no ato da obten\u00e7\u00e3o do empr\u00e9stimo. O FGTS \u00e9 um mecanismo de aux\u00edlio ao trabalhador em caso de demiss\u00e3o.<\/p>\n<p>Segundo Atn\u00e1goras Lopes, da Secretaria Executiva Nacional (SEN) da CSP-Conlutas, a proposta de libera\u00e7\u00e3o do FGTS para garantir empr\u00e9stimo consignado \u00e9 absurda, e pretende garantir os lucros dos bancos durante a crise econ\u00f4mica e prejudicar os trabalhadores. \u201cEssa proposta \u00e9 apenas um esfor\u00e7o aparente, de quem n\u00e3o olha mesmo o lado do trabalhador, tentando passar a ideia de que tem propostas para nossa classe. Uma medida que, al\u00e9m de paliativa, \u00e9 omissa com a defesa dos trabalhadores e favorece os bancos, se apropriando das dificuldades de sobreviv\u00eancia para fazer valer sua pol\u00edtica macroecon\u00f4mica\u201d, disse.<\/p>\n<p>O dirigente da CSP-Conlutas tamb\u00e9m alertou que com o aumento das demiss\u00f5es, a alta da infla\u00e7\u00e3o e o encarecimento do custo de vida, o governo garante aos bancos o fundo de garantia do trabalhador demitido e endividado. O governo argumenta que a proposta reduziria o risco de inadimpl\u00eancia, no caso dos trabalhadores do setor privado e, por consequ\u00eancia, a taxa de juros cairia. Para Atn\u00e1goras, isso n\u00e3o resolver\u00e1 a situa\u00e7\u00e3o econ\u00f4mica do pa\u00eds.<\/p>\n<p>\u201cContinuamos com uma das maiores taxas de juros do planeta. N\u00e3o h\u00e1 sinaliza\u00e7\u00e3o de recupera\u00e7\u00e3o da economia de nosso pa\u00eds, muito menos do fim da subservi\u00eancia aos compromissos do pagamento de juros e servi\u00e7os da d\u00edvida p\u00fablica, que consomem quase metade do or\u00e7amento. Essa pol\u00edtica faz com um trabalhador, quando compra, por exemplo, um fog\u00e3o, pague o equivalente a duas ou at\u00e9 tr\u00eas vezes o seu valor, quando \u00e9 obrigado a executar tal compra num modelo de credi\u00e1rio\u201d, criticou o membro da SEN da CSP-Conlutas.<\/p>\n<p>A medida anunciada pelo governo \u00e9 uma das sete propostas para tentar injetar cr\u00e9dito na economia com linhas de financiamentos dos bancos p\u00fablicos. O total de recursos chegar\u00e1 a R$ 83 bilh\u00f5es. S\u00f3 com o uso do FGTS para servir de suporte ao cr\u00e9dito consignado ser\u00e3o R$ 17 bilh\u00f5es, al\u00e9m de R$ 10 bilh\u00f5es para a produ\u00e7\u00e3o agr\u00edcola, R$ 10 bilh\u00f5es para a compra de im\u00f3veis, R$ 22 bilh\u00f5es para obras de infraestrutura, R$ 5 bilh\u00f5es em capital de giro para pequenas e m\u00e9dias empresas, R$ 15 bilh\u00f5es para refinanciar d\u00edvidas das empresas com a compra de m\u00e1quinas e equipamentos e R$ 4 bilh\u00f5es para estimular as exporta\u00e7\u00f5es.<\/p>\n<p>A mudan\u00e7a na regra do FGTS dever\u00e1 ser analisada pelo Congresso Nacional ap\u00f3s o envio do projeto propondo a altera\u00e7\u00e3o da lei do fundo. Atualmente est\u00e1 previsto o uso do FGTS apenas para investimento em habita\u00e7\u00e3o, saneamento e infraestrutura.<\/p>\n<p><em>Fonte: ANDES-SN<\/em><\/p>\n","protected":false},"excerpt":{"rendered":"<p>A presidente Dilma Rousseff anunciou na \u00faltima quinta-feira (28), durante a reuni\u00e3o do Conselho de Desenvolvimento Econ\u00f4mico e Social (CDES), uma proposta que permite que o trabalhador do setor privado utilize 10% do saldo do Fundo de Garantia por Tempo de Servi\u00e7o (FGTS) mais a multa por demiss\u00e3o como garantia no ato da obten\u00e7\u00e3o do&hellip;<\/p>\n","protected":false},"author":3,"featured_media":0,"comment_status":"closed","ping_status":"closed","sticky":false,"template":"","format":"standard","meta":{"footnotes":""},"categories":[15],"tags":[677,269],"class_list":["post-13151","post","type-post","status-publish","format-standard","hentry","category-noticias","tag-35o-congresso-do-andes","tag-congresso-do-andes","category-15","description-off"],"_links":{"self":[{"href":"https:\/\/www.adufpb.org.br\/site\/wp-json\/wp\/v2\/posts\/13151","targetHints":{"allow":["GET"]}}],"collection":[{"href":"https:\/\/www.adufpb.org.br\/site\/wp-json\/wp\/v2\/posts"}],"about":[{"href":"https:\/\/www.adufpb.org.br\/site\/wp-json\/wp\/v2\/types\/post"}],"author":[{"embeddable":true,"href":"https:\/\/www.adufpb.org.br\/site\/wp-json\/wp\/v2\/users\/3"}],"replies":[{"embeddable":true,"href":"https:\/\/www.adufpb.org.br\/site\/wp-json\/wp\/v2\/comments?post=13151"}],"version-history":[{"count":1,"href":"https:\/\/www.adufpb.org.br\/site\/wp-json\/wp\/v2\/posts\/13151\/revisions"}],"predecessor-version":[{"id":13152,"href":"https:\/\/www.adufpb.org.br\/site\/wp-json\/wp\/v2\/posts\/13151\/revisions\/13152"}],"wp:attachment":[{"href":"https:\/\/www.adufpb.org.br\/site\/wp-json\/wp\/v2\/media?parent=13151"}],"wp:term":[{"taxonomy":"category","embeddable":true,"href":"https:\/\/www.adufpb.org.br\/site\/wp-json\/wp\/v2\/categories?post=13151"},{"taxonomy":"post_tag","embeddable":true,"href":"https:\/\/www.adufpb.org.br\/site\/wp-json\/wp\/v2\/tags?post=13151"}],"curies":[{"name":"wp","href":"https:\/\/api.w.org\/{rel}","templated":true}]}}