{"id":13108,"date":"2016-01-29T16:04:40","date_gmt":"2016-01-29T20:04:40","guid":{"rendered":"http:\/\/www.adufpb.org.br\/site\/?p=13108"},"modified":"2016-02-06T13:31:38","modified_gmt":"2016-02-06T17:31:38","slug":"bloco-corujas-cai-na-folia-no-dia-5-de-fevereiro","status":"publish","type":"post","link":"https:\/\/www.adufpb.org.br\/site\/bloco-corujas-cai-na-folia-no-dia-5-de-fevereiro\/","title":{"rendered":"Bloco Corujas cai na folia no dia 5 de fevereiro"},"content":{"rendered":"<p dir=\"ltr\">O bloco \u201cCorujas \u2013 Amantes da Folia\u201d volta a desfilar no projeto Folia de Rua (a pr\u00e9via carnavalesca de Jo\u00e3o Pessoa) na pr\u00f3xima sexta-feira, dia 5 de fevereiro. Organizado pela ADUFPB, o \u201cCorujas\u201d sai tradicionalmente com o bloco \u201cCafu\u00e7u\u201d. A concentra\u00e7\u00e3o ocorrer\u00e1 na Pra\u00e7a Rio Branco, no Centro, a partir das 21h. No local ser\u00e1 montado um palco, onde ir\u00e1 se apresentar a orquestra de frevo Para\u00edba POP, do bloco Corujas. Entre os filiados da ADUFPB ser\u00e3o distribu\u00eddos refrigerante e \u00e1gua mineral.<\/p>\n<p dir=\"ltr\">Formado por docentes da Universidade Federal da Para\u00edba e organizado pela ADUFPB, o bloco \u201cCorujas \u2013 Amantes da Folia\u201d teve sua estreia em 2006. O primeiro ano do bloco foi no Bar do Baiano, no bairro dos Banc\u00e1rios. Animada por uma orquestra de frevo, a festa, j\u00e1 na concentra\u00e7\u00e3o das Corujas, foi marcada pela execu\u00e7\u00e3o do hino oficial do grupo, composto e interpretado pelo professor Salvador Di Alc\u00e2ntara.<\/p>\n<p dir=\"ltr\">Ap\u00f3s seis anos, o \u201cCorujas \u2013 Amantes da Folia\u201d retornou \u00e0s ruas e arrastou centenas de foli\u00f5es, fazendo do bloco um dos mais destacados daquela noite do pr\u00e9-carnaval em Jo\u00e3o Pessoa. O percurso de quase dois quil\u00f4metros foi conquistado no canto e na dan\u00e7a, ao som da orquestra e no balan\u00e7o majestoso do estandarte.<\/p>\n<p dir=\"ltr\">Este ano, o bloco ganhou o patroc\u00ednio do\u00a0Pa\u00e7o dos Le\u00f5es, Buffet Sena e\u00a0Palazzo Cristal.<\/p>\n<div><strong>Sobre o Cafu\u00e7u<\/strong><\/div>\n<div><strong><\/strong>O bloco Cafu\u00e7u \u00e9 uma das agremia\u00e7\u00f5es carnavalescas mais prestigiadas do Folia de Rua e re\u00fane todos os anos milhares de foli\u00f5es no Centro da cidade. Eles levam ao Centro Hist\u00f3rico de Jo\u00e3o Pessoa uma s\u00e9rie de acess\u00f3rios extravagantes, muitas cores, brilhos e roupas espalhafatosas.<\/div>\n<p dir=\"ltr\">Nos primeiros anos de sua funda\u00e7\u00e3o, o Cafu\u00e7u desfilava na Praia do Cabo Branco e Tamba\u00fa. Em 1997, transferiu-se para o Centro Hist\u00f3rico, contribuindo para o resgate do Carnaval de rua nesta \u00e1rea urbana de funda\u00e7\u00e3o da cidade. Este ano, ele tem tr\u00eas pontos de concentra\u00e7\u00e3o, todos no Centro: Pra\u00e7a do Bispo, Pra\u00e7a Dom Adalto e Pra\u00e7a Rio Branco.<\/p>\n<p dir=\"ltr\">O bloco de arrasto opta por sair com banda de frevo no ch\u00e3o, resgatando a tradi\u00e7\u00e3o dos antigos carnavais e incentivando a criatividade atrav\u00e9s do uso de fantasias e caracteriza\u00e7\u00f5es.<\/p>\n<p dir=\"ltr\"><em>Fonte: Ascom ADUFPB<\/em><\/p>\n","protected":false},"excerpt":{"rendered":"<p>O bloco \u201cCorujas \u2013 Amantes da Folia\u201d volta a desfilar no projeto Folia de Rua (a pr\u00e9via carnavalesca de Jo\u00e3o Pessoa) na pr\u00f3xima sexta-feira, dia 5 de fevereiro. Organizado pela ADUFPB, o \u201cCorujas\u201d sai tradicionalmente com o bloco \u201cCafu\u00e7u\u201d. A concentra\u00e7\u00e3o ocorrer\u00e1 na Pra\u00e7a Rio Branco, no Centro, a partir das 21h. No local ser\u00e1&hellip;<\/p>\n","protected":false},"author":3,"featured_media":13116,"comment_status":"closed","ping_status":"closed","sticky":false,"template":"","format":"standard","meta":{"footnotes":""},"categories":[15,417],"tags":[718,528,113,303,162,310],"class_list":["post-13108","post","type-post","status-publish","format-standard","has-post-thumbnail","hentry","category-noticias","category-noticias-destaque","tag-bloco-corujas","tag-cafucu","tag-carnaval","tag-corujas","tag-festas","tag-folia-de-rua","category-15","category-417","description-off"],"_links":{"self":[{"href":"https:\/\/www.adufpb.org.br\/site\/wp-json\/wp\/v2\/posts\/13108","targetHints":{"allow":["GET"]}}],"collection":[{"href":"https:\/\/www.adufpb.org.br\/site\/wp-json\/wp\/v2\/posts"}],"about":[{"href":"https:\/\/www.adufpb.org.br\/site\/wp-json\/wp\/v2\/types\/post"}],"author":[{"embeddable":true,"href":"https:\/\/www.adufpb.org.br\/site\/wp-json\/wp\/v2\/users\/3"}],"replies":[{"embeddable":true,"href":"https:\/\/www.adufpb.org.br\/site\/wp-json\/wp\/v2\/comments?post=13108"}],"version-history":[{"count":2,"href":"https:\/\/www.adufpb.org.br\/site\/wp-json\/wp\/v2\/posts\/13108\/revisions"}],"predecessor-version":[{"id":13117,"href":"https:\/\/www.adufpb.org.br\/site\/wp-json\/wp\/v2\/posts\/13108\/revisions\/13117"}],"wp:featuredmedia":[{"embeddable":true,"href":"https:\/\/www.adufpb.org.br\/site\/wp-json\/wp\/v2\/media\/13116"}],"wp:attachment":[{"href":"https:\/\/www.adufpb.org.br\/site\/wp-json\/wp\/v2\/media?parent=13108"}],"wp:term":[{"taxonomy":"category","embeddable":true,"href":"https:\/\/www.adufpb.org.br\/site\/wp-json\/wp\/v2\/categories?post=13108"},{"taxonomy":"post_tag","embeddable":true,"href":"https:\/\/www.adufpb.org.br\/site\/wp-json\/wp\/v2\/tags?post=13108"}],"curies":[{"name":"wp","href":"https:\/\/api.w.org\/{rel}","templated":true}]}}