{"id":13097,"date":"2016-01-25T09:56:07","date_gmt":"2016-01-25T13:56:07","guid":{"rendered":"http:\/\/www.adufpb.org.br\/site\/?p=13097"},"modified":"2016-01-27T09:58:04","modified_gmt":"2016-01-27T13:58:04","slug":"espaco-de-unidade-de-acao-prepara-acoes-conjuntas-para-2016","status":"publish","type":"post","link":"https:\/\/www.adufpb.org.br\/site\/espaco-de-unidade-de-acao-prepara-acoes-conjuntas-para-2016\/","title":{"rendered":"Espa\u00e7o de Unidade de A\u00e7\u00e3o prepara a\u00e7\u00f5es conjuntas para 2016"},"content":{"rendered":"<p>Mais de 160 pessoas de diversos estados, de 62 entidades dos movimentos populares, sindical e estudantil, participaram na \u00faltima sexta-feira (22), da plen\u00e1ria sindical e popular do Espa\u00e7o de Unidade de A\u00e7\u00e3o, realizada no Sindicato dos Metrovi\u00e1rios em S\u00e3o Paulo (SP). No encontro foi reafirmada a necessidade da realizar um novo ato nacional unificado no primeiro semestre de 2016 e a constru\u00e7\u00e3o de um bloco que defenda os direitos dos trabalhadores e fortale\u00e7a as lutas que est\u00e3o em curso. Al\u00e9m da realiza\u00e7\u00e3o de uma manifesta\u00e7\u00e3o no dia 1\u00b0 de maio, no Dia do Trabalhador, de car\u00e1ter classista e independente.<\/p>\n<p>Segundo os participantes, a conjuntura enfrentada em 2015 n\u00e3o foi f\u00e1cil para os trabalhadores, que sofreram as consequ\u00eancias das medidas de ajuste fiscal adotadas pelo governo, e de retirada de direitos. E para 2016, o an\u00fancio de novas medidas como as reformas da previd\u00eancia e trabalhista amea\u00e7a ainda mais estes direitos. Assim como o\u00a0ataque patronal que tem se intensificado, com demiss\u00f5es, fechamento de empresas e tentativa de retirada de direitos, como forma de manter as margens de lucro das empresas.<\/p>\n<p>Alexandre Galv\u00e3o Carvalho, um dos coordenadores do Grupo de Trabalho de Pol\u00edtica de Forma\u00e7\u00e3o Sindical (GTPSF) do ANDES-SN, contou que a crise pol\u00edtica e econ\u00f4mica no pa\u00eds deve se agravar em 2016 e que, diante deste cen\u00e1rio, foram definidas estrat\u00e9gias e a\u00e7\u00f5es que visam fortalecer as mobiliza\u00e7\u00f5es contra os patr\u00f5es e os governos. \u201c\u00c9 necess\u00e1rio mobilizar toda a classe trabalhadora contra esses ataques que vem sendo empreendidos, principalmente, na retirada de direitos. Al\u00e9m da manifesta\u00e7\u00e3o no dia 1\u00b0de maio, iremos concentrar os nossos esfor\u00e7os para realizar um ato nacional contra as reformas da Previd\u00eancia e Trabalhista, que ainda ser\u00e1 discutido na reuni\u00e3o da coordena\u00e7\u00e3o nos dias 19 e 20 de fevereiro, nos moldes do que foi a Marcha Nacional dos Trabalhadores no dia 18 de setembro de 2015 em que reunimos 15 mil pessoas em S\u00e3o Paulo. Temos que mostrar a classe trabalhadora uma alternativa diferente a esses dois blocos que est\u00e3o postos, que fomente a mobiliza\u00e7\u00e3o de massas, em contraposi\u00e7\u00e3o ao governo e \u00e0 oposi\u00e7\u00e3o de direita\u201d, disse.<\/p>\n<p><strong>Resist\u00eancia<\/strong><\/p>\n<p>A plen\u00e1ria contou com a presen\u00e7a de muitos trabalhadores que j\u00e1 nos primeiros dias de 2016 mostraram que o ano ser\u00e1 de luta: professores das universidades, metal\u00fargicos, mineiros, oper\u00e1rios da constru\u00e7\u00e3o civil, gr\u00e1ficos, servidores p\u00fablicos federais e estaduais de v\u00e1rias \u00e1reas, estudantes secundaristas que ocuparam escolas em 2015 em S\u00e3o Paulo e que agora, neste ano, tamb\u00e9m est\u00e3o nas ruas contra o aumento das tarifas.<\/p>\n<p><a href=\"http:\/\/www.andes.org.br\/andes\/print-ultimas-noticias.andes?id=7946\" target=\"_blank\">Metal\u00fargicos da General Motors<\/a>\u00a0(GM), em greve, e da\u00a0<a href=\"http:\/\/www.andes.org.br\/andes\/print-ultimas-noticias.andes?id=7933\" target=\"_blank\">Companhia Sider\u00fargica Nacional<\/a>\u00a0(CSN) tamb\u00e9m tiveram destaque no encontro com suas lutas expressivas contra as demiss\u00f5es, ao Programa de Prote\u00e7\u00e3o do Emprego (PPE) e as persegui\u00e7\u00f5es a esses trabalhadores. Assim, como foi destacada a luta dos servidores p\u00fablicos estaduais no parcelamento dos sal\u00e1rios e no atraso de benef\u00edcios, e tamb\u00e9m contra a impunidade do crime socioambiental que ocorreu na cidade de Mariana (MG) no ano passado e que at\u00e9 hoje as empresas mineradoras Vale e Samarco n\u00e3o foram responsabilizadas.<\/p>\n<p>Para o diretor do Sindicato Nacional, a resist\u00eancia dos trabalhadores tem sido grande e o desafio do Espa\u00e7o de Unidade de A\u00e7\u00e3o \u00e9 unificar cada vez mais essas lutas. \u201cO Espa\u00e7o de Unidade de A\u00e7\u00e3o vem construindo um papel importante, para al\u00e9m da nossa Central, na perspectiva de unificar a classe trabalhadora e a juventude diante desta conjuntura em que nos encontramos de profundos ataques nos \u00e2mbitos federal, estadual e municipal\u201d, afirmou.<\/p>\n<p><em>Com informa\u00e7\u00f5es da CSP-Conlutas<\/em><\/p>\n<p><em><\/em><em>Fonte:\u00a0ANDES-SN<\/em><\/p>\n<p>&nbsp;<\/p>\n","protected":false},"excerpt":{"rendered":"<p>Mais de 160 pessoas de diversos estados, de 62 entidades dos movimentos populares, sindical e estudantil, participaram na \u00faltima sexta-feira (22), da plen\u00e1ria sindical e popular do Espa\u00e7o de Unidade de A\u00e7\u00e3o, realizada no Sindicato dos Metrovi\u00e1rios em S\u00e3o Paulo (SP). No encontro foi reafirmada a necessidade da realizar um novo ato nacional unificado no&hellip;<\/p>\n","protected":false},"author":3,"featured_media":0,"comment_status":"closed","ping_status":"closed","sticky":false,"template":"","format":"standard","meta":{"footnotes":""},"categories":[15],"tags":[715,716],"class_list":["post-13097","post","type-post","status-publish","format-standard","hentry","category-noticias","tag-espaco-de-unidade-de-acao","tag-plenaria","category-15","description-off"],"_links":{"self":[{"href":"https:\/\/www.adufpb.org.br\/site\/wp-json\/wp\/v2\/posts\/13097","targetHints":{"allow":["GET"]}}],"collection":[{"href":"https:\/\/www.adufpb.org.br\/site\/wp-json\/wp\/v2\/posts"}],"about":[{"href":"https:\/\/www.adufpb.org.br\/site\/wp-json\/wp\/v2\/types\/post"}],"author":[{"embeddable":true,"href":"https:\/\/www.adufpb.org.br\/site\/wp-json\/wp\/v2\/users\/3"}],"replies":[{"embeddable":true,"href":"https:\/\/www.adufpb.org.br\/site\/wp-json\/wp\/v2\/comments?post=13097"}],"version-history":[{"count":1,"href":"https:\/\/www.adufpb.org.br\/site\/wp-json\/wp\/v2\/posts\/13097\/revisions"}],"predecessor-version":[{"id":13098,"href":"https:\/\/www.adufpb.org.br\/site\/wp-json\/wp\/v2\/posts\/13097\/revisions\/13098"}],"wp:attachment":[{"href":"https:\/\/www.adufpb.org.br\/site\/wp-json\/wp\/v2\/media?parent=13097"}],"wp:term":[{"taxonomy":"category","embeddable":true,"href":"https:\/\/www.adufpb.org.br\/site\/wp-json\/wp\/v2\/categories?post=13097"},{"taxonomy":"post_tag","embeddable":true,"href":"https:\/\/www.adufpb.org.br\/site\/wp-json\/wp\/v2\/tags?post=13097"}],"curies":[{"name":"wp","href":"https:\/\/api.w.org\/{rel}","templated":true}]}}