{"id":13081,"date":"2016-01-20T11:04:06","date_gmt":"2016-01-20T15:04:06","guid":{"rendered":"http:\/\/www.adufpb.org.br\/site\/?p=13081"},"modified":"2016-01-21T11:08:05","modified_gmt":"2016-01-21T15:08:05","slug":"servidores-federais-dao-inicio-as-discussoes-sobre-a-campanha-unificada-de-2016","status":"publish","type":"post","link":"https:\/\/www.adufpb.org.br\/site\/servidores-federais-dao-inicio-as-discussoes-sobre-a-campanha-unificada-de-2016\/","title":{"rendered":"Servidores Federais d\u00e3o in\u00edcio \u00e0s discuss\u00f5es sobre a Campanha Unificada de 2016"},"content":{"rendered":"<p><a href=\"http:\/\/www.adufpb.org.br\/site\/wp-content\/uploads\/2016\/01\/2015.01.16-17-servidores-d\u00e3o-in\u00edcio-\u00e0s-discuss\u00f5es-sobre-Campanha-Unificada-2016.jpg\"><img loading=\"lazy\" decoding=\"async\" class=\"alignleft size-medium wp-image-13082\" alt=\"2015.01.16-17 - servidores d\u00e3o in\u00edcio \u00e0s discuss\u00f5es sobre Campanha Unificada 2016\" src=\"http:\/\/www.adufpb.org.br\/site\/wp-content\/uploads\/2016\/01\/2015.01.16-17-servidores-d\u00e3o-in\u00edcio-\u00e0s-discuss\u00f5es-sobre-Campanha-Unificada-2016-300x200.jpg\" width=\"300\" height=\"200\" srcset=\"https:\/\/www.adufpb.org.br\/site\/wp-content\/uploads\/2016\/01\/2015.01.16-17-servidores-d\u00e3o-in\u00edcio-\u00e0s-discuss\u00f5es-sobre-Campanha-Unificada-2016-300x200.jpg 300w, https:\/\/www.adufpb.org.br\/site\/wp-content\/uploads\/2016\/01\/2015.01.16-17-servidores-d\u00e3o-in\u00edcio-\u00e0s-discuss\u00f5es-sobre-Campanha-Unificada-2016.jpg 450w\" sizes=\"auto, (max-width: 300px) 100vw, 300px\" \/><\/a>Os representantes do F\u00f3rum das Entidades Nacionais dos Servidores P\u00fablicos Federais (Fonasef) participaram no \u00faltimo fim de semana (16 e 17) da primeira reuni\u00e3o ampliada do ano em Bras\u00edlia (DF), que debateu os ataques que o governo federal tem promovido contra os servidores p\u00fablicos federais e a necessidade de constru\u00e7\u00e3o da mobiliza\u00e7\u00e3o para a Campanha Unificada dos SPF 2016. A reuni\u00e3o contou com representantes de 15 entidades que comp\u00f5em o F\u00f3rum e mais duas entidades observadoras.<\/p>\n<p>A primeira mesa tratou da an\u00e1lise de conjuntura, com a presen\u00e7a das tr\u00eas centrais que comp\u00f5em o Fonasef: CSP-Conlutas, CUT e CTB. Os dirigentes das centrais foram un\u00edssonos em afirmar que 2015 foi um ano muito duro no que diz respeito aos ataques aos trabalhadores e \u00e0 precariza\u00e7\u00e3o do servi\u00e7o p\u00fablico. Na avalia\u00e7\u00e3o deles, o cen\u00e1rio econ\u00f4mico e pol\u00edtico para 2016 tende a agravar a situa\u00e7\u00e3o do pa\u00eds e, por isso, os desafios ser\u00e3o maiores.<\/p>\n<p>Segundo Saulo Arcangeli, da coordena\u00e7\u00e3o da CSP-Conlutas, o ano de 2015 foi marcado por grandes lutas decorrentes dos ataques ao servi\u00e7o p\u00fablico e aos trabalhadores. &#8220;O governo, diante da crise, optou por defender o agroneg\u00f3cio e a burguesia. Para este ano, devido aos cortes no Or\u00e7amento de 2016, os ataques ser\u00e3o maiores, com as reformas da Previd\u00eancia e Trabalhista, junto com outras medidas da Agenda Brasil\u201d, disse.<\/p>\n<p>Ap\u00f3s ampla discuss\u00e3o, o F\u00f3rum dos SPF tirou diversos encaminhamentos e tamb\u00e9m definiu uma agenda para a prepara\u00e7\u00e3o da Campanha Unificada 2016. Foi consenso entre as entidades a pol\u00edtica salarial permanente, com corre\u00e7\u00e3o das distor\u00e7\u00f5es e reposi\u00e7\u00e3o das perdas inflacion\u00e1rias, o direito de negocia\u00e7\u00e3o coletiva, conforme previsto na Conven\u00e7\u00e3o 151 (da Organiza\u00e7\u00e3o Internacional do Trabalho), e a paridade salarial entre ativos e aposentados.<\/p>\n<p>\u201cN\u00f3s mantivemos os eixos da campanha de 2015 que n\u00e3o foram atendidos. E o que foi dissenso entre as entidades na reuni\u00e3o ser\u00e1 discutido nas bases e definido na pr\u00f3xima reuni\u00e3o ampliada\u201d, explicou Francisco Jacob Paiva da Silva, um dos coordenadores do Setor das Institui\u00e7\u00f5es Federais de Ensino Superior (Ifes) do ANDES-SN.<\/p>\n<p>Outras lutas foram destacadas na reuni\u00e3o, como o combate a qualquer iniciativa do governo sobre Reforma da Previd\u00eancia, \u00e0 privatiza\u00e7\u00e3o e terceiriza\u00e7\u00e3o, contra o PL 2723\/15 &#8211; que autoriza a implanta\u00e7\u00e3o de \u201chome office\u201d no servi\u00e7o p\u00fablico -, a revoga\u00e7\u00e3o das leis que criam as Organiza\u00e7\u00f5es Sociais (OS), a Empresa Brasileira de Servi\u00e7os Hospitalares (Ebserh) e o Funda\u00e7\u00e3o de Previd\u00eancia Complementar do Servidor P\u00fablico Federal (Funpresp). Com exce\u00e7\u00e3o das OS, todos os temas ainda ser\u00e3o debatidos com profundidade nas bases das entidades. Foram aprovadas ainda campanhas contra a ades\u00e3o autom\u00e1tica ao Funpresp, em defesa e pela valoriza\u00e7\u00e3o dos servi\u00e7os p\u00fablicos de qualidade para a popula\u00e7\u00e3o e em defesa dos direitos dos servidores, demonstrando a import\u00e2ncia dos servi\u00e7os p\u00fablicos para a sociedade, entre outras.<\/p>\n<p>De acordo com o diretor do Sindicato Nacional, \u00e9 preciso continuar a manuten\u00e7\u00e3o da luta unificada dos SPF, no aperfei\u00e7oamento do processo organizativo do F\u00f3rum, para desenvolver as atividades propostas. \u201c\u00c9 fundamental resgatar e fortalecer os f\u00f3runs estaduais para dar uma capilaridade \u00e0 luta nacional nos estados. Assim, podemos fazer um trabalho mais efetivo junto aos deputados e senadores em rela\u00e7\u00e3o os projetos de lei que precarizam o servi\u00e7o p\u00fablico e retiram os direitos dos trabalhadores\u201d, ressaltou Jacob Paiva.<\/p>\n<p>Na reuni\u00e3o ainda foram aprovadas mo\u00e7\u00f5es de rep\u00fadio \u00e0 viol\u00eancia aos povos tradicionais, ind\u00edgenas e quilombolas, aos ataques aos princ\u00edpios da Reforma Psiqui\u00e1trica, ao desmonte do servi\u00e7o p\u00fablico do Rio de Janeiro, \u00e0 viol\u00eancia policial que ocorreu em S\u00e3o Paulo no protesto contra o aumento das passagens de \u00f4nibus, e ao veto da presidente Dilma Rousseff \u00e0 auditoria da d\u00edvida p\u00fablica.<\/p>\n<p><strong>Confira o calend\u00e1rio de atividades<\/strong><\/p>\n<p>22 de janeiro: Plen\u00e1ria Sindical e Popular do Espa\u00e7o de Unidade de A\u00e7\u00e3o, em S\u00e3o Paulo<br \/>\n27 de janeiro: Semin\u00e1rio sobre PLS 555, em Bras\u00edlia (DF);<br \/>\n2 de fevereiro: Audi\u00eancia sobre trabalho escravo no Senado;<br \/>\n3 de fevereiro: Reuni\u00e3o do F\u00f3rum dos SPF, em Bras\u00edlia (DF);<br \/>\n4 de fevereiro: Participar da audi\u00eancia p\u00fablica na Comiss\u00e3o de Direitos Humanos (CDH) no Senado Federal;<br \/>\n15 a 26 de fevereiro: Reuni\u00f5es\\semin\u00e1rios nos estados para discuss\u00e3o sobre a proposta de pauta indicada na Reuni\u00e3o Ampliada;<br \/>\n24 de fevereiro: Paralisa\u00e7\u00e3o nacional nas universidades\\FASUBRA;<br \/>\n27 e 28 de fevereiro: Reuni\u00e3o Ampliada dos SPF em Bras\u00edlia (DF), para definir a pauta e a\u00e7\u00f5es da Campanha Unificada 2016.<\/p>\n<p><em>Fonte: ANDES-SN<\/em><\/p>\n","protected":false},"excerpt":{"rendered":"<p>Os representantes do F\u00f3rum das Entidades Nacionais dos Servidores P\u00fablicos Federais (Fonasef) participaram no \u00faltimo fim de semana (16 e 17) da primeira reuni\u00e3o ampliada do ano em Bras\u00edlia (DF), que debateu os ataques que o governo federal tem promovido contra os servidores p\u00fablicos federais e a necessidade de constru\u00e7\u00e3o da mobiliza\u00e7\u00e3o para a Campanha&hellip;<\/p>\n","protected":false},"author":3,"featured_media":0,"comment_status":"closed","ping_status":"closed","sticky":false,"template":"","format":"standard","meta":{"footnotes":""},"categories":[15],"tags":[690,707,591,519,708,505],"class_list":["post-13081","post","type-post","status-publish","format-standard","hentry","category-noticias","tag-campanha-unificada-2016","tag-fonasef","tag-forum-das-spf","tag-forum-dos-servidores","tag-reuniao-ampliada","tag-servidores-federais","category-15","description-off"],"_links":{"self":[{"href":"https:\/\/www.adufpb.org.br\/site\/wp-json\/wp\/v2\/posts\/13081","targetHints":{"allow":["GET"]}}],"collection":[{"href":"https:\/\/www.adufpb.org.br\/site\/wp-json\/wp\/v2\/posts"}],"about":[{"href":"https:\/\/www.adufpb.org.br\/site\/wp-json\/wp\/v2\/types\/post"}],"author":[{"embeddable":true,"href":"https:\/\/www.adufpb.org.br\/site\/wp-json\/wp\/v2\/users\/3"}],"replies":[{"embeddable":true,"href":"https:\/\/www.adufpb.org.br\/site\/wp-json\/wp\/v2\/comments?post=13081"}],"version-history":[{"count":1,"href":"https:\/\/www.adufpb.org.br\/site\/wp-json\/wp\/v2\/posts\/13081\/revisions"}],"predecessor-version":[{"id":13083,"href":"https:\/\/www.adufpb.org.br\/site\/wp-json\/wp\/v2\/posts\/13081\/revisions\/13083"}],"wp:attachment":[{"href":"https:\/\/www.adufpb.org.br\/site\/wp-json\/wp\/v2\/media?parent=13081"}],"wp:term":[{"taxonomy":"category","embeddable":true,"href":"https:\/\/www.adufpb.org.br\/site\/wp-json\/wp\/v2\/categories?post=13081"},{"taxonomy":"post_tag","embeddable":true,"href":"https:\/\/www.adufpb.org.br\/site\/wp-json\/wp\/v2\/tags?post=13081"}],"curies":[{"name":"wp","href":"https:\/\/api.w.org\/{rel}","templated":true}]}}