{"id":13065,"date":"2016-01-15T15:46:08","date_gmt":"2016-01-15T19:46:08","guid":{"rendered":"http:\/\/www.adufpb.org.br\/site\/?p=13065"},"modified":"2016-01-27T10:03:39","modified_gmt":"2016-01-27T14:03:39","slug":"agenda-adufpb-2016-comeca-a-ser-distribuida-aos-filiados","status":"publish","type":"post","link":"https:\/\/www.adufpb.org.br\/site\/agenda-adufpb-2016-comeca-a-ser-distribuida-aos-filiados\/","title":{"rendered":"Agenda ADUFPB 2016 come\u00e7a a ser distribu\u00edda aos filiados nesta segunda-feira"},"content":{"rendered":"<p dir=\"ltr\">Come\u00e7am a ser distribu\u00eddos nesta segunda-feira (18\/1) os exemplares da Agenda ADUFPB 2016. Para receber a publica\u00e7\u00e3o, o professor sindicalizado deve se dirigir \u00e0 sede da entidade, no Centro de Viv\u00eancia do campus I da UFPB, no hor\u00e1rio das 8h \u00e0s 17h. Este ano, a agenda tem na capa a foto do professor Bertrand Lira, intitulada \u201cPraia Playa Coco Cuba\u201d, vencedora do 4\u00ba Concurso de Fotografia da ADUFPB, realizado no ano passado.<\/p>\n<p dir=\"ltr\">Fotografias de outros 29 docentes que tamb\u00e9m disputaram o concurso ilustram as p\u00e1ginas internas da agenda. Entre elas, destaque para o segundo lugar, \u201cAnemona\u201d, do professor Luis Carlos Carvalho, e o terceiro, &#8220;Cores e formas no Rio Sanhau\u00e1&#8221;, do professor Rog\u00e9rio Almeida.<\/p>\n<p dir=\"ltr\">Al\u00e9m das belas imagens, a Agenda ADUFPB 2016 traz nas p\u00e1ginas internas poemas de autoria dos professores sindicalizados. No total, 29 docentes cederam textos para colaborar com a publica\u00e7\u00e3o. Confira abaixo a lista dos professores que possuem poemas e fotografias nesta edi\u00e7\u00e3o da agenda.<\/p>\n<p><strong>Sobre a publica\u00e7\u00e3o<\/strong><\/p>\n<p dir=\"ltr\">A Agenda ADUFPB \u00e9 mais uma das publica\u00e7\u00f5es editadas periodicamente pelo Sindicato e j\u00e1 se consolidou como um produto conceituado e muito requisitado pelos professores. Ela \u00e9 ilustrada com fotografias dos pr\u00f3prios docentes, selecionadas por meio de um concurso realizado ao longo do ano anterior. Este ano, a publica\u00e7\u00e3o sofreu um atraso na distribui\u00e7\u00e3o em decorr\u00eancia do recesso de fim de ano da gr\u00e1fica que imprime o material<\/p>\n<p>&nbsp;<\/p>\n<p dir=\"ltr\">Veja quem foram os professores que contribu\u00edram com imagens:<\/p>\n<ol>\n<li dir=\"ltr\">\n<p dir=\"ltr\">Alexandrino de Souza<\/p>\n<\/li>\n<li dir=\"ltr\">\n<p dir=\"ltr\">Antonio Gualberto<\/p>\n<\/li>\n<li dir=\"ltr\">\n<p dir=\"ltr\">Bertrand Lira<\/p>\n<\/li>\n<li dir=\"ltr\">\n<p dir=\"ltr\">Carla Reichmann<\/p>\n<\/li>\n<li dir=\"ltr\">\n<p dir=\"ltr\">Carlos Azevedo<\/p>\n<\/li>\n<li dir=\"ltr\">\n<p dir=\"ltr\">Carlos Cartaxo<\/p>\n<\/li>\n<li dir=\"ltr\">\n<p dir=\"ltr\">Cristiano Bonneau<\/p>\n<\/li>\n<li dir=\"ltr\">\n<p dir=\"ltr\">Derval Golzio<\/p>\n<\/li>\n<li dir=\"ltr\">\n<p dir=\"ltr\">Fl\u00e1vio Pereira<\/p>\n<\/li>\n<li dir=\"ltr\">\n<p dir=\"ltr\">Gladys Fonseca<\/p>\n<\/li>\n<li dir=\"ltr\">\n<p dir=\"ltr\">Gla\u0301ucio Fonseca<\/p>\n<\/li>\n<li dir=\"ltr\">\n<p dir=\"ltr\">Iris Braga<\/p>\n<\/li>\n<li dir=\"ltr\">\n<p dir=\"ltr\">Jo\u00e3o de Lima<\/p>\n<\/li>\n<li dir=\"ltr\">\n<p dir=\"ltr\">Jos\u00e9 Maur\u00edcio Gurgel<\/p>\n<\/li>\n<li dir=\"ltr\">\n<p dir=\"ltr\">Juan Carlos<\/p>\n<\/li>\n<li dir=\"ltr\">\n<p dir=\"ltr\">Kadidja Santos<\/p>\n<\/li>\n<li dir=\"ltr\">\n<p dir=\"ltr\">Luis Carlos Carvalho<\/p>\n<\/li>\n<li dir=\"ltr\">\n<p dir=\"ltr\">Mabel de Barros Batista<\/p>\n<\/li>\n<li dir=\"ltr\">\n<p dir=\"ltr\">Marcelo Bulh\u00f5es<\/p>\n<\/li>\n<li dir=\"ltr\">\n<p dir=\"ltr\">Maria da Concei\u00e7\u00e3o Mac\u00eado<\/p>\n<\/li>\n<li dir=\"ltr\">\n<p dir=\"ltr\">Maria Esp\u00edndola<\/p>\n<\/li>\n<li dir=\"ltr\">\n<p dir=\"ltr\">Ricardo Targino<\/p>\n<\/li>\n<li dir=\"ltr\">\n<p dir=\"ltr\">Rita Cristiana<\/p>\n<\/li>\n<li dir=\"ltr\">\n<p dir=\"ltr\">Rivete Lima<\/p>\n<\/li>\n<li dir=\"ltr\">\n<p dir=\"ltr\">Rog\u00e9rio Almeida<\/p>\n<\/li>\n<li dir=\"ltr\">\n<p dir=\"ltr\">Rossana Honorato<\/p>\n<\/li>\n<li dir=\"ltr\">\n<p dir=\"ltr\">Rubens Teixeira Queiroz<\/p>\n<\/li>\n<li dir=\"ltr\">\n<p dir=\"ltr\">Sandra Raquew Azevedo<\/p>\n<\/li>\n<li dir=\"ltr\">\n<p dir=\"ltr\">S\u00f4nia van Dijck<\/p>\n<\/li>\n<li dir=\"ltr\">\n<p dir=\"ltr\">Tatiane Santi<\/p>\n<\/li>\n<\/ol>\n<p dir=\"ltr\"><img loading=\"lazy\" decoding=\"async\" alt=\"\" src=\"https:\/\/lh4.googleusercontent.com\/QtuHN7gSmPMsVm0-hwuF_2C6onDyyoYG5Mp7RadrW3WK5tZWQevJKF_O-uHl9IT4Cig1YjeYIYxzFEGzPYdTXgyp2CUQ_lONgiHyB38-yIfXY8V0XsOGIoB6JnLPfp-tAfjJv0m-\" width=\"20\" height=\"8\" \/><\/p>\n<p dir=\"ltr\">Veja quem foram os professores que contribu\u00edram com poemas<\/p>\n<ol>\n<li dir=\"ltr\">\n<p dir=\"ltr\">Alexandre Eduardo de Araujo<\/p>\n<\/li>\n<li dir=\"ltr\">\n<p dir=\"ltr\">Alysson Nascimento dos Santos<\/p>\n<\/li>\n<li dir=\"ltr\">\n<p dir=\"ltr\">Amador Ribeiro Neto<\/p>\n<\/li>\n<li dir=\"ltr\">\n<p dir=\"ltr\">Andr\u00e9a Karinne Albuquerque Maia<\/p>\n<\/li>\n<li dir=\"ltr\">\n<p dir=\"ltr\">Antonio Gomes (dTapero\u00e1)<\/p>\n<\/li>\n<li dir=\"ltr\">\n<p dir=\"ltr\">Arturo Gouveia<\/p>\n<\/li>\n<li dir=\"ltr\">\n<p dir=\"ltr\">Christina Maria Brazil de Paiva<\/p>\n<\/li>\n<li dir=\"ltr\">\n<p dir=\"ltr\">Ed Porto<\/p>\n<\/li>\n<li dir=\"ltr\">\n<p dir=\"ltr\">Erinaldo Alves do Nascimento<\/p>\n<\/li>\n<li dir=\"ltr\">\n<p dir=\"ltr\">Francisco de Assis Cunha Metri (Chic\u00e3o de Bodocong\u00f3)<\/p>\n<\/li>\n<li dir=\"ltr\">\n<p dir=\"ltr\">Gilmar Leite<\/p>\n<\/li>\n<li dir=\"ltr\">\n<p dir=\"ltr\">Jo\u00e3o Luiz Fonseca dos Santos<\/p>\n<\/li>\n<li dir=\"ltr\">\n<p dir=\"ltr\">Jos\u00e9 Ricardo da Silva<\/p>\n<\/li>\n<li dir=\"ltr\">\n<p dir=\"ltr\">Lenisio Bragante de Araujo.<\/p>\n<\/li>\n<li dir=\"ltr\">\n<p dir=\"ltr\">Leoncio Francisco Camino<\/p>\n<\/li>\n<li dir=\"ltr\">\n<p dir=\"ltr\">Marcos Vasconcelos<\/p>\n<\/li>\n<li dir=\"ltr\">\n<p dir=\"ltr\">Maria Auxiliadora Botelho<\/p>\n<\/li>\n<li dir=\"ltr\">\n<p dir=\"ltr\">Mar\u00edlia Meyer (Tarc\u00edsio Bregalda)<\/p>\n<\/li>\n<li dir=\"ltr\">\n<p dir=\"ltr\">Neide Medeiros Santos<\/p>\n<\/li>\n<li dir=\"ltr\">\n<p dir=\"ltr\">Ramon David<\/p>\n<\/li>\n<li dir=\"ltr\">\n<p dir=\"ltr\">Regina Lyra<\/p>\n<\/li>\n<li dir=\"ltr\">\n<p dir=\"ltr\">Ricardo Lucena<\/p>\n<\/li>\n<li dir=\"ltr\">\n<p dir=\"ltr\">Rita Cristiana Barbosa<\/p>\n<\/li>\n<li dir=\"ltr\">\n<p dir=\"ltr\">Rivete Lima<\/p>\n<\/li>\n<li dir=\"ltr\">\n<p dir=\"ltr\">Robson Xavier<\/p>\n<\/li>\n<li dir=\"ltr\">\n<p dir=\"ltr\">Salvador Di Alcantara<\/p>\n<\/li>\n<li dir=\"ltr\">\n<p dir=\"ltr\">Sandra B. Costa<\/p>\n<\/li>\n<li dir=\"ltr\">\n<p dir=\"ltr\">Stella Gaspar<\/p>\n<\/li>\n<li dir=\"ltr\">\n<p dir=\"ltr\">Terezinha Diniz<\/p>\n<\/li>\n<\/ol>\n<p><em>Fonte: Ascom ADUFPB<\/em><\/p>\n","protected":false},"excerpt":{"rendered":"<p>Come\u00e7am a ser distribu\u00eddos nesta segunda-feira (18\/1) os exemplares da Agenda ADUFPB 2016. Para receber a publica\u00e7\u00e3o, o professor sindicalizado deve se dirigir \u00e0 sede da entidade, no Centro de Viv\u00eancia do campus I da UFPB, no hor\u00e1rio das 8h \u00e0s 17h. Este ano, a agenda tem na capa a foto do professor Bertrand Lira,&hellip;<\/p>\n","protected":false},"author":3,"featured_media":13071,"comment_status":"closed","ping_status":"closed","sticky":false,"template":"","format":"standard","meta":{"footnotes":""},"categories":[15,417],"tags":[807,704,251,89],"class_list":["post-13065","post","type-post","status-publish","format-standard","has-post-thumbnail","hentry","category-noticias","category-noticias-destaque","tag-agenda","tag-agenda-adufpb-2016","tag-concurso-de-fotografia","tag-poemas","category-15","category-417","description-off"],"_links":{"self":[{"href":"https:\/\/www.adufpb.org.br\/site\/wp-json\/wp\/v2\/posts\/13065","targetHints":{"allow":["GET"]}}],"collection":[{"href":"https:\/\/www.adufpb.org.br\/site\/wp-json\/wp\/v2\/posts"}],"about":[{"href":"https:\/\/www.adufpb.org.br\/site\/wp-json\/wp\/v2\/types\/post"}],"author":[{"embeddable":true,"href":"https:\/\/www.adufpb.org.br\/site\/wp-json\/wp\/v2\/users\/3"}],"replies":[{"embeddable":true,"href":"https:\/\/www.adufpb.org.br\/site\/wp-json\/wp\/v2\/comments?post=13065"}],"version-history":[{"count":9,"href":"https:\/\/www.adufpb.org.br\/site\/wp-json\/wp\/v2\/posts\/13065\/revisions"}],"predecessor-version":[{"id":13075,"href":"https:\/\/www.adufpb.org.br\/site\/wp-json\/wp\/v2\/posts\/13065\/revisions\/13075"}],"wp:featuredmedia":[{"embeddable":true,"href":"https:\/\/www.adufpb.org.br\/site\/wp-json\/wp\/v2\/media\/13071"}],"wp:attachment":[{"href":"https:\/\/www.adufpb.org.br\/site\/wp-json\/wp\/v2\/media?parent=13065"}],"wp:term":[{"taxonomy":"category","embeddable":true,"href":"https:\/\/www.adufpb.org.br\/site\/wp-json\/wp\/v2\/categories?post=13065"},{"taxonomy":"post_tag","embeddable":true,"href":"https:\/\/www.adufpb.org.br\/site\/wp-json\/wp\/v2\/tags?post=13065"}],"curies":[{"name":"wp","href":"https:\/\/api.w.org\/{rel}","templated":true}]}}