{"id":1299,"date":"2010-09-16T13:05:10","date_gmt":"2010-09-16T17:05:10","guid":{"rendered":"http:\/\/www.adufpb.org.br\/site\/debate-com-candidatos-ao-governo-lota-auditorio-do-ct\/"},"modified":"2010-09-16T16:37:01","modified_gmt":"2010-09-16T20:37:01","slug":"debate-com-candidatos-ao-governo-lota-auditorio-do-ct","status":"publish","type":"post","link":"https:\/\/www.adufpb.org.br\/site\/debate-com-candidatos-ao-governo-lota-auditorio-do-ct\/","title":{"rendered":"Debate com candidatos ao governo lota audit\u00f3rio do CT"},"content":{"rendered":"<div id=\"_mcePaste\" style=\"overflow: hidden; position: absolute; left: -10000px; top: 0px; width: 1px; height: 1px;\">O debate entre candidatos ao governo do Estado realizado na manh\u00e3 desta quinta-feira (16) lotou o audit\u00f3rio do Centro de Tecnologia da UFPB (Universidade Federal da Para\u00edba). O evento foi organizado pela ADUFPB, pelo Sindicato dos Trabalhadores em Ensino Superior da universidade (Sintespb) e pelo Diret\u00f3rio Central dos Estudantes (DCE). Dos seis candidatos, apenas Jos\u00e9 Maranh\u00e3, do PMDB, e Lourdes Sarmento, do PCO, n\u00e3o compareceram. Nenhum dos dois justificou o motivo da aus\u00eancia.<\/div>\n<div id=\"_mcePaste\" style=\"overflow: hidden; position: absolute; left: -10000px; top: 0px; width: 1px; height: 1px;\">Em nota lida durante o evento, a organiza\u00e7\u00e3o do debate registrou que todos os candidatos foram devida e antecipadamente convidados atrav\u00e9s de correspond\u00eancia oficial, expedida por Sedex, com aviso de recebimento e registrada junto ao TRE-PB. \u201clamentavelmente, nem todos demonstraram a grandeza dos que aqui est\u00e3o e se dispuseram a debater com a comunidade universit\u00e1ria seus planos e projetos para o nosso estado\u201d, complementa a nota. Participaram do evento os candidatos Francisco de Oliveira (PCB), Marcelino Rodrigues (PSTU), Nelson J\u00fanior (Psol) e Ricardo Coutinho (PSB).<\/div>\n<div id=\"_mcePaste\" style=\"overflow: hidden; position: absolute; left: -10000px; top: 0px; width: 1px; height: 1px;\">No primeiro bloco, representantes das tr\u00eas entidades organizadoras falaram, tr\u00eas minutos cada um, sobre a import\u00e2ncia do evento. Os presidentes da Adufpb, Jaldes Meneses, e o coordenador do DCE, Pedro Ari, destacaram o movimento de paralisa\u00e7\u00e3o iniciado no final da semana passada no Campus do Litoral Norte (nos munic\u00edpios de Mamanguape e Rio Tinto). Na \u00faltima sexta-feira, dia 10, os alunos decidiram parar as aulas por causa da falta de infraestrutura nos pr\u00e9dios. Al\u00e9m disso, segundo Jaldes, profissionais terceirizados sofrem com atrasos de sal\u00e1rios. Os motoristas, por exemplo, est\u00e3o h\u00e1 sete meses sem receber.<\/div>\n<div id=\"_mcePaste\" style=\"overflow: hidden; position: absolute; left: -10000px; top: 0px; width: 1px; height: 1px;\">Na quarta-feira (15), uma assembleia foi realizada com a presen\u00e7a do reitor, R\u00f4mulo Polari, dos estudantes, dos professores e dos servidores t\u00e9cnico-administrativos. Eles apresentaram um documento exigindo melhorias no Campus e condicionaram a volta \u00e0s aulas ao atendimento das reivindica\u00e7\u00f5es. Alunos, professores e funcion\u00e1rios pedem, por exemplo, compra de material para laborat\u00f3rios e contrata\u00e7\u00e3o de mais 30 profissionais da \u00e1rea de seguran\u00e7a. As propostas foram entregues ao reitor R\u00f4mulo Polari e uma nova assembleia est\u00e1 marcada para a pr\u00f3xima quarta-feira (22).<\/div>\n<div id=\"_mcePaste\" style=\"overflow: hidden; position: absolute; left: -10000px; top: 0px; width: 1px; height: 1px;\">Debate<\/div>\n<div id=\"_mcePaste\" style=\"overflow: hidden; position: absolute; left: -10000px; top: 0px; width: 1px; height: 1px;\">No primeiro bloco do debate, cada candidato teve tr\u00eas minutos para falar e apresentar suas propostas de governo. Em seguida, eles puderam fazer questionamentos uns aos outros, com direito a r\u00e9plica e tr\u00e9plica. Ap\u00f3s esse bloco, os candidatos passaram a responder perguntas da plat\u00e9ia, depositadas em uma urna.<\/div>\n<div id=\"_mcePaste\" style=\"overflow: hidden; position: absolute; left: -10000px; top: 0px; width: 1px; height: 1px;\">Com o audit\u00f3rio lotado, o debate contou com uma forte participa\u00e7\u00e3o dos presentes, que aplaudiam, vaivam e gritavam o nome dos candidatos. Um dos momentos de mais agita\u00e7\u00e3o foi quando o candidato Ricardo Coutinho dirigiu uma pergunta ao advers\u00e1rio, Jos\u00e9 Maranh\u00e3o, ausente ao evento, sobre a implanta\u00e7\u00e3o de a\u00e7\u00f5es de pol\u00edticas p\u00fablicas para as mulheres.<\/div>\n<div id=\"_mcePaste\" style=\"overflow: hidden; position: absolute; left: -10000px; top: 0px; width: 1px; height: 1px;\">Para o vice-presidente do Sintespb, Gideon Soares, o debate na UFPB superou as expectativas. \u201cFoi muito grande a participa\u00e7\u00e3o da comunidade universit\u00e1ria e todos o candidatos puderam apresentar suas propostas\u201d, declarou.<\/div>\n<p><a href=\"http:\/\/www.adufpb.org.br\/site\/wp-content\/uploads\/2010\/09\/debateUFPB_2.jpg\"><img loading=\"lazy\" decoding=\"async\" class=\"alignleft size-medium wp-image-1300\" title=\"debateUFPB_2\" src=\"http:\/\/www.adufpb.org.br\/site\/wp-content\/uploads\/2010\/09\/debateUFPB_2-300x225.jpg\" alt=\"debateUFPB_2\" width=\"300\" height=\"225\" srcset=\"https:\/\/www.adufpb.org.br\/site\/wp-content\/uploads\/2010\/09\/debateUFPB_2-300x225.jpg 300w, https:\/\/www.adufpb.org.br\/site\/wp-content\/uploads\/2010\/09\/debateUFPB_2.jpg 600w\" sizes=\"auto, (max-width: 300px) 100vw, 300px\" \/><\/a>O debate entre candidatos ao governo do Estado realizado na manh\u00e3 desta quinta-feira (16) lotou o audit\u00f3rio do Centro de Tecnologia da UFPB (Universidade Federal da Para\u00edba). O evento foi organizado pela ADUFPB, pelo Sindicato dos Trabalhadores em Ensino Superior da universidade (Sintespb) e pelo Diret\u00f3rio Central dos Estudantes (DCE). Dos seis candidatos, apenas Jos\u00e9 Maranh\u00e3, do PMDB, e Lourdes Sarmento, do PCO, n\u00e3o compareceram. Nenhum dos dois justificou o motivo da aus\u00eancia.<\/p>\n<p>Em nota lida durante o evento, a organiza\u00e7\u00e3o do debate registrou que todos os candidatos foram devida e antecipadamente convidados atrav\u00e9s de correspond\u00eancia oficial, expedida por Sedex, com aviso de recebimento e registrada junto ao TRE-PB. \u201clamentavelmente, nem todos demonstraram a grandeza dos que aqui est\u00e3o e se dispuseram a debater com a comunidade universit\u00e1ria seus planos e projetos para o nosso estado\u201d, complementa a nota. Participaram do evento os candidatos Francisco de Oliveira (PCB), Marcelino Rodrigues (PSTU), Nelson J\u00fanior (Psol) e Ricardo Coutinho (PSB).<\/p>\n<p>No primeiro bloco, representantes das tr\u00eas entidades organizadoras falaram, tr\u00eas minutos cada um, sobre a import\u00e2ncia do evento. Os presidentes da Adufpb, Jaldes Meneses, e o coordenador do DCE, Pedro Ari, destacaram o movimento de paralisa\u00e7\u00e3o iniciado no final da semana passada no Campus do Litoral Norte (nos munic\u00edpios de Mamanguape e Rio Tinto). Na \u00faltima sexta-feira, dia 10, os alunos decidiram parar as aulas por causa da falta de infraestrutura nos pr\u00e9dios. Al\u00e9m disso, segundo Jaldes, profissionais terceirizados sofrem com atrasos de sal\u00e1rios. Os motoristas, por exemplo, est\u00e3o h\u00e1 sete meses sem receber.<\/p>\n<p>Na quarta-feira (15), uma assembleia foi realizada com a presen\u00e7a do reitor, R\u00f4mulo Polari, dos estudantes, dos professores e dos servidores t\u00e9cnico-administrativos. Eles apresentaram um documento exigindo melhorias no Campus e condicionaram a volta \u00e0s aulas ao atendimento das reivindica\u00e7\u00f5es. Alunos, professores e funcion\u00e1rios pedem, por exemplo, compra de material para laborat\u00f3rios e contrata\u00e7\u00e3o de mais 30 profissionais da \u00e1rea de seguran\u00e7a. As propostas foram entregues ao reitor R\u00f4mulo Polari e uma nova assembleia est\u00e1 marcada para a pr\u00f3xima quarta-feira (22).<\/p>\n<p><a href=\"http:\/\/www.adufpb.org.br\/site\/wp-content\/uploads\/2010\/09\/debateUFPB.jpg\"><img loading=\"lazy\" decoding=\"async\" class=\"aligncenter size-full wp-image-1302\" title=\"debateUFPB\" src=\"http:\/\/www.adufpb.org.br\/site\/wp-content\/uploads\/2010\/09\/debateUFPB.jpg\" alt=\"debateUFPB\" width=\"600\" height=\"338\" srcset=\"https:\/\/www.adufpb.org.br\/site\/wp-content\/uploads\/2010\/09\/debateUFPB.jpg 600w, https:\/\/www.adufpb.org.br\/site\/wp-content\/uploads\/2010\/09\/debateUFPB-300x169.jpg 300w\" sizes=\"auto, (max-width: 600px) 100vw, 600px\" \/><\/a><\/p>\n<p><strong>Debate<\/strong><\/p>\n<p>No primeiro bloco do debate, cada candidato teve tr\u00eas minutos para falar e apresentar suas propostas de governo. Em seguida, eles puderam fazer questionamentos uns aos outros, com direito a r\u00e9plica e tr\u00e9plica. Ap\u00f3s esse bloco, os candidatos passaram a responder perguntas da plat\u00e9ia, depositadas em uma urna.<\/p>\n<p>Com o audit\u00f3rio lotado, o debate contou com uma forte participa\u00e7\u00e3o dos presentes, que aplaudiam, vaivam e gritavam o nome dos candidatos. Um dos momentos de mais agita\u00e7\u00e3o foi quando o candidato Ricardo Coutinho dirigiu uma pergunta ao advers\u00e1rio, Jos\u00e9 Maranh\u00e3o, ausente ao evento, sobre a implanta\u00e7\u00e3o de a\u00e7\u00f5es de pol\u00edticas p\u00fablicas para as mulheres.<\/p>\n<p><a href=\"http:\/\/www.adufpb.org.br\/site\/wp-content\/uploads\/2010\/09\/debateUFPB_3.jpg\"><img loading=\"lazy\" decoding=\"async\" class=\"alignright size-medium wp-image-1303\" title=\"debateUFPB_3\" src=\"http:\/\/www.adufpb.org.br\/site\/wp-content\/uploads\/2010\/09\/debateUFPB_3-300x189.jpg\" alt=\"debateUFPB_3\" width=\"300\" height=\"189\" srcset=\"https:\/\/www.adufpb.org.br\/site\/wp-content\/uploads\/2010\/09\/debateUFPB_3-300x189.jpg 300w, https:\/\/www.adufpb.org.br\/site\/wp-content\/uploads\/2010\/09\/debateUFPB_3.jpg 600w\" sizes=\"auto, (max-width: 300px) 100vw, 300px\" \/><\/a>Para o vice-presidente do Sintespb, Gideon Soares, o debate na UFPB superou as expectativas. \u201cFoi muito grande a participa\u00e7\u00e3o da comunidade universit\u00e1ria e todos o candidatos puderam apresentar suas propostas\u201d, declarou.<\/p>\n<p><em>Fonte: Ascom ADUFPB<\/em><\/p>\n","protected":false},"excerpt":{"rendered":"<p>O debate entre candidatos ao governo do Estado realizado na manh\u00e3 desta quinta-feira (16) lotou o audit\u00f3rio do Centro de Tecnologia da UFPB (Universidade Federal da Para\u00edba). O evento foi organizado pela ADUFPB, pelo Sindicato dos Trabalhadores em Ensino Superior da universidade (Sintespb) e pelo Diret\u00f3rio Central dos Estudantes (DCE). Dos seis candidatos, apenas Jos\u00e9&hellip;<\/p>\n","protected":false},"author":3,"featured_media":0,"comment_status":"open","ping_status":"open","sticky":false,"template":"","format":"standard","meta":{"footnotes":""},"categories":[15],"tags":[30,57],"class_list":["post-1299","post","type-post","status-publish","format-standard","hentry","category-noticias","tag-debate","tag-eventos","category-15","description-off"],"_links":{"self":[{"href":"https:\/\/www.adufpb.org.br\/site\/wp-json\/wp\/v2\/posts\/1299","targetHints":{"allow":["GET"]}}],"collection":[{"href":"https:\/\/www.adufpb.org.br\/site\/wp-json\/wp\/v2\/posts"}],"about":[{"href":"https:\/\/www.adufpb.org.br\/site\/wp-json\/wp\/v2\/types\/post"}],"author":[{"embeddable":true,"href":"https:\/\/www.adufpb.org.br\/site\/wp-json\/wp\/v2\/users\/3"}],"replies":[{"embeddable":true,"href":"https:\/\/www.adufpb.org.br\/site\/wp-json\/wp\/v2\/comments?post=1299"}],"version-history":[{"count":2,"href":"https:\/\/www.adufpb.org.br\/site\/wp-json\/wp\/v2\/posts\/1299\/revisions"}],"predecessor-version":[{"id":1304,"href":"https:\/\/www.adufpb.org.br\/site\/wp-json\/wp\/v2\/posts\/1299\/revisions\/1304"}],"wp:attachment":[{"href":"https:\/\/www.adufpb.org.br\/site\/wp-json\/wp\/v2\/media?parent=1299"}],"wp:term":[{"taxonomy":"category","embeddable":true,"href":"https:\/\/www.adufpb.org.br\/site\/wp-json\/wp\/v2\/categories?post=1299"},{"taxonomy":"post_tag","embeddable":true,"href":"https:\/\/www.adufpb.org.br\/site\/wp-json\/wp\/v2\/tags?post=1299"}],"curies":[{"name":"wp","href":"https:\/\/api.w.org\/{rel}","templated":true}]}}