{"id":12894,"date":"2015-12-17T22:32:06","date_gmt":"2015-12-18T02:32:06","guid":{"rendered":"http:\/\/www.adufpb.org.br\/site\/?p=12894"},"modified":"2015-12-17T22:32:06","modified_gmt":"2015-12-18T02:32:06","slug":"reuniao-ampliada-dos-spf-discutira-campanha-unificada-para-2016","status":"publish","type":"post","link":"https:\/\/www.adufpb.org.br\/site\/reuniao-ampliada-dos-spf-discutira-campanha-unificada-para-2016\/","title":{"rendered":"Reuni\u00e3o Ampliada dos SPF discutir\u00e1 Campanha Unificada para 2016"},"content":{"rendered":"<p>Os servidores p\u00fablicos federais (SPF) realizam nos dias 16 e 17 de janeiro de 2016 uma reuni\u00e3o ampliada do F\u00f3rum das Entidades Nacionais dos SPF (Fonasef) em Bras\u00edlia (DF) para discutir propostas para a Campanha Unificada dos SPF 2016. Representantes de todas as 23 entidades sindicais que comp\u00f5e o F\u00f3rum poder\u00e3o participar da Reuni\u00e3o Ampliada, conforme delibera\u00e7\u00e3o de suas bases.<\/p>\n<p>Marinalva Oliveira, 1\u00aa vice-presidente do ANDES-SN, ressalta a import\u00e2ncia das se\u00e7\u00f5es sindicais participarem do encontro para que possam discutir, acumular e tirar proposta de a\u00e7\u00f5es unificadas para enfrentar os ataques aos direitos dos servidores e aos servi\u00e7os p\u00fablicos, que n\u00e3o cessar\u00e3o no ano que vem. \u201cO ano de 2016 ser\u00e1 marcado por uma conjuntura mais dura do que a de 2015, por isso \u00e9 fundamental construir as lutas em defesa dos servi\u00e7os p\u00fablicos de qualidade para a popula\u00e7\u00e3o e dos direitos dos servidores, de forma articulada, consolidando a unidade pol\u00edtica de a\u00e7\u00e3o dos servidores p\u00fablicos federais. Esta reuni\u00e3o ampliada \u00e9 o primeiro passo para a campanha unificada dos SPF de 2016\u201d, disse.<\/p>\n<p>A diretoria do Sindicato Nacional publicou no Caderno de Textos do 35\u00b0 Congresso do ANDES-SN, que ocorrer\u00e1 entre 25 a 30 de janeiro de 2016 em Curitiba (PR), uma proposta de Campanha Unificada e que, segundo Marinalva, poder\u00e1 ser utilizada pelas se\u00e7\u00f5es sindicais como base para a discuss\u00e3o, inclusive apresentando outras propostas para a Reuni\u00e3o Ampliada de janeiro. \u201cO ANDES-SN est\u00e1 empenhado na constru\u00e7\u00e3o deste encontro e convoca as se\u00e7\u00f5es sindicais a organizem f\u00f3runs regionais dos servidores p\u00fablicos federais, especialmente nos estados em que ainda n\u00e3o est\u00e3o constitu\u00eddos, para iniciarem as discuss\u00f5es e potencializar as a\u00e7\u00f5es da agenda nacional e local\u201d, acrescentou.<\/p>\n<p>Antecedendo a Reuni\u00e3o Ampliada, o ANDES-SN convocou reuni\u00e3o do Setor dos Docentes das Institui\u00e7\u00f5es Federais de Ensino (Ifes) para o dia 15 de janeiro, na sede do Sindicato Nacional, que discutir\u00e1 as contribui\u00e7\u00f5es da categoria docente para a Campanha Unificada dos SPF 2016 a serem levadas \u00e0 reuni\u00e3o.\u00a0\u00a0<a href=\"http:\/\/portal.andes.org.br\/imprensa\/noticias\/imp-ult-235499028.pdf\" target=\"_blank\">(veja a circular aqui)<\/a><\/p>\n<p><em>Fonte:\u00a0ANDES-SN<\/em><\/p>\n<p><em>\u00a0<\/em><\/p>\n","protected":false},"excerpt":{"rendered":"<p>Os servidores p\u00fablicos federais (SPF) realizam nos dias 16 e 17 de janeiro de 2016 uma reuni\u00e3o ampliada do F\u00f3rum das Entidades Nacionais dos SPF (Fonasef) em Bras\u00edlia (DF) para discutir propostas para a Campanha Unificada dos SPF 2016. Representantes de todas as 23 entidades sindicais que comp\u00f5e o F\u00f3rum poder\u00e3o participar da Reuni\u00e3o Ampliada,&hellip;<\/p>\n","protected":false},"author":3,"featured_media":0,"comment_status":"closed","ping_status":"closed","sticky":false,"template":"","format":"standard","meta":{"footnotes":""},"categories":[15],"tags":[684,526,585],"class_list":["post-12894","post","type-post","status-publish","format-standard","hentry","category-noticias","tag-campanha-salarial-2016","tag-campanha-salarial-unificada","tag-spf","category-15","description-off"],"_links":{"self":[{"href":"https:\/\/www.adufpb.org.br\/site\/wp-json\/wp\/v2\/posts\/12894","targetHints":{"allow":["GET"]}}],"collection":[{"href":"https:\/\/www.adufpb.org.br\/site\/wp-json\/wp\/v2\/posts"}],"about":[{"href":"https:\/\/www.adufpb.org.br\/site\/wp-json\/wp\/v2\/types\/post"}],"author":[{"embeddable":true,"href":"https:\/\/www.adufpb.org.br\/site\/wp-json\/wp\/v2\/users\/3"}],"replies":[{"embeddable":true,"href":"https:\/\/www.adufpb.org.br\/site\/wp-json\/wp\/v2\/comments?post=12894"}],"version-history":[{"count":1,"href":"https:\/\/www.adufpb.org.br\/site\/wp-json\/wp\/v2\/posts\/12894\/revisions"}],"predecessor-version":[{"id":12895,"href":"https:\/\/www.adufpb.org.br\/site\/wp-json\/wp\/v2\/posts\/12894\/revisions\/12895"}],"wp:attachment":[{"href":"https:\/\/www.adufpb.org.br\/site\/wp-json\/wp\/v2\/media?parent=12894"}],"wp:term":[{"taxonomy":"category","embeddable":true,"href":"https:\/\/www.adufpb.org.br\/site\/wp-json\/wp\/v2\/categories?post=12894"},{"taxonomy":"post_tag","embeddable":true,"href":"https:\/\/www.adufpb.org.br\/site\/wp-json\/wp\/v2\/tags?post=12894"}],"curies":[{"name":"wp","href":"https:\/\/api.w.org\/{rel}","templated":true}]}}