{"id":12857,"date":"2015-12-07T10:47:59","date_gmt":"2015-12-07T14:47:59","guid":{"rendered":"http:\/\/www.adufpb.org.br\/site\/?p=12857"},"modified":"2015-12-07T11:00:07","modified_gmt":"2015-12-07T15:00:07","slug":"comissao-eleitoral-divulga-os-eleitos-para-o-conselho-de-representantes","status":"publish","type":"post","link":"https:\/\/www.adufpb.org.br\/site\/comissao-eleitoral-divulga-os-eleitos-para-o-conselho-de-representantes\/","title":{"rendered":"Comiss\u00e3o Eleitoral divulga os eleitos para o Conselho de Representantes"},"content":{"rendered":"<p>A Comiss\u00e3o Eleitoral da ADUFPB concluiu na \u00faltima sexta-feira (4\/12) a apura\u00e7\u00e3o dos votos para o Conselho de Representantes da entidade referente \u00e0 Gest\u00e3o 2015\/2017. A elei\u00e7\u00e3o foi realizada na quinta-feira, 3\/12, juntamente com a vota\u00e7\u00e3o para escolha da nova Diretoria Executiva (clique aqui para ver o resultado para a Diretoria).<\/p>\n<p>O Conselho de Representantes \u00e9 um \u00f3rg\u00e3o representantivo dos diversos centros de ensino da UFPB. Compete a ele, por exemplo, formular pol\u00edticas gerais e espec\u00edficas da se\u00e7\u00e3o sindical, elaborar documentos b\u00e1sicos sobre problemas de interesse dos sindicalizados, encaminhar sugest\u00f5es aos outros \u00f3rg\u00e3os da entidade etc.<\/p>\n<p dir=\"ltr\">Segundo o regimento da ADUFPB, a composi\u00e7\u00e3o do Conselho de Representantes depender\u00e1 do n\u00famero de sindicalizados existentes em cada centro, observada a propor\u00e7\u00e3o de um para cada 40 sindicalizados e garantido o m\u00ednimo de um representante por unidade.<\/p>\n<p dir=\"ltr\">As duas chapas que concorreram \u00e0 Diretoria Executiva tamb\u00e9m inscreveram candidatos ao Conselho de Representantes (titular e suplente), mas a vota\u00e7\u00e3o n\u00e3o ocorreu por \u201cbloco\u201d de candidatos e sim de forma individual. Os professores escolheram os nomes de sua prefer\u00eancia entre todos os inscritos para o centro em que trabalham, at\u00e9 o limite do n\u00famero de vagas daquela respectiva unidade.<\/p>\n<p dir=\"ltr\">Abaixo veja o resultado completo, com o n\u00famero de votos de todos os concorrentes. Os eleitos est\u00e3o destacados em azul.<\/p>\n<p><b><span style=\"text-decoration: underline;\">CENTRO DE CI\u00caNCIAS HUMANAS, SOCIAIS E AGR\u00c1RIAS \u2013 CCHSA<\/span><\/b><\/p>\n<p><b><span style=\"text-decoration: underline;\">(At\u00e9 4 chapas)<\/span><\/b><\/p>\n<p>&nbsp;<\/p>\n<p><span style=\"color: #3366ff;\">Alexandre Eduardo de Ara\u00fajo (DA) \u2013 Titular<\/span><\/p>\n<p><span style=\"color: #3366ff;\">Marcelo Luis Gomes Ribeiro (DCA) \u2013 Suplente _____________75 votos<\/span><\/p>\n<p><span style=\"color: #3366ff;\">\u00a0<\/span><\/p>\n<p><span style=\"color: #3366ff;\">Edson Brito Guedes (DE) \u2013 Titular<\/span><\/p>\n<p><span style=\"color: #3366ff;\">\u00c1lvaro Carlos Gon\u00e7alves Neto (DA) \u2013 Suplente_____________69 votos<\/span><\/p>\n<p><span style=\"color: #3366ff;\">\u00a0<\/span><\/p>\n<p><span style=\"color: #3366ff;\">Edson Cavalcanti da Silva (DCA) \u2013 Titular<\/span><\/p>\n<p><span style=\"color: #3366ff;\">Maria do Socorro Silva (DCA) \u2013 Suplente__________________72 votos<\/span><\/p>\n<p>&nbsp;<\/p>\n<p>Lucicl\u00e9a Teixeira Lins (DE) \u2013 Titular<\/p>\n<p>Breno Henrique de Sousa (DE) \u2013 Suplente_________________24 votos<\/p>\n<p>&nbsp;<\/p>\n<p><span style=\"color: #3366ff;\">Nilv\u00e2nia dos Santos Silva (DE) \u2013 Titular<\/span><\/p>\n<p><span style=\"color: #3366ff;\">Jo\u00e3o Maria P. do Nascimento (DGTA) \u2013 Suplente___________65 votos<\/span><\/p>\n<p>&nbsp;<\/p>\n<p><b><span style=\"text-decoration: underline;\">CENTRO DE CI\u00caNCIAS AGR\u00c1RIAS \u2013 CCA (At\u00e9 3 chapas)<\/span><\/b><\/p>\n<p><b><span style=\"text-decoration: underline;\">\u00a0<\/span><\/b><\/p>\n<p>Anita Leoc\u00e1dia Pereira dos Santos (DCFS) \u2013 Titular<\/p>\n<p>Joaquim Regis Malheiros Filho (DZ) \u2013 Suplente______________27 votos<\/p>\n<p>&nbsp;<\/p>\n<p><span style=\"color: #3366ff;\">Gisele Castro (CV) \u2013 Titular<\/span><\/p>\n<p><span style=\"color: #3366ff;\">\u00c2ngela Cristina Alves Albino (DCFS) \u2013 Suplente______________34 votos<\/span><\/p>\n<p><span style=\"color: #3366ff;\">\u00a0<\/span><\/p>\n<p><span style=\"color: #3366ff;\">Jos\u00e9 Ferreira da Costa Filho (DSER) \u2013 Titular<\/span><\/p>\n<p><span style=\"color: #3366ff;\">Jesiel Ferreira de Souza (DCFS) \u2013 Suplente_________________37 votos<\/span><\/p>\n<p><span style=\"color: #3366ff;\">\u00a0<\/span><\/p>\n<p><span style=\"color: #3366ff;\">Saulo Cabral Gondim (DSER) \u2013 Titular<\/span><\/p>\n<p><span style=\"color: #3366ff;\">Marcelo Luis Rodrigues (DZ) \u2013 Suplente____________________42 votos<\/span><\/p>\n<p><b><span style=\"text-decoration: underline;\">\u00a0<\/span><\/b><\/p>\n<p><b><span style=\"text-decoration: underline;\">LITORAL NORTE (RIO TINTO E MAMANGUAPE) (At\u00e9 1 chapa)<\/span><\/b><\/p>\n<p><span style=\"text-decoration: underline;\">\u00a0<\/span><\/p>\n<p><span style=\"color: #3366ff;\">Saulo Emmanuel Vieira Maciel (DCSA) \u2013 Titular<\/span><\/p>\n<p><span style=\"color: #3366ff;\">Jos\u00e9 Elias dos Santos Filho (DCE) \u2013 Suplente _______________ 07 votos<\/span><\/p>\n<p><b><span style=\"text-decoration: underline;\">\u00a0<\/span><\/b><\/p>\n<p><b><span style=\"text-decoration: underline;\">CENTRO DE EDUCA\u00c7\u00c3O \u2013 CE (At\u00e9 6 chapas)<\/span><\/b><\/p>\n<p><span style=\"text-decoration: underline;\">\u00a0<\/span><\/p>\n<p><span style=\"color: #3366ff;\">Auta de Souza Costa (DME) \u2013 Titular<\/span><\/p>\n<p><span style=\"color: #3366ff;\">Maria Ivete Martins Correia (DFE) \u2013 Suplente _________________ 78 votos<\/span><\/p>\n<p><span style=\"color: #3366ff;\">\u00a0<\/span><\/p>\n<p><span style=\"color: #3366ff;\">Galdino Toscano de Brito Filho (DFE) \u2013 Titular<\/span><\/p>\n<p><span style=\"color: #3366ff;\">M\u00f4nica Dias Palitot (DPsicop) \u2013 Suplente _____________________ 87 votos<\/span><\/p>\n<p><span style=\"color: #3366ff;\">\u00a0<\/span><\/p>\n<p><span style=\"color: #3366ff;\">Marisete Fernandes de Lima (DFE) \u2013 Titular<\/span><\/p>\n<p><span style=\"color: #3366ff;\">Severino Elias Sobrinho (DHP) \u2013 Suplente ____________________ 80 votos<\/span><\/p>\n<p><span style=\"color: #3366ff;\">\u00a0<\/span><\/p>\n<p><span style=\"color: #3366ff;\">Pedro Jusselino Filho (DFE) \u2013 Titular<\/span><\/p>\n<p><span style=\"color: #3366ff;\">Swamy de Paula L. Soares (DFE) \u2013 Suplente __________________ 78 votos<\/span><\/p>\n<p><span style=\"color: #3366ff;\">\u00a0<\/span><\/p>\n<p><span style=\"color: #3366ff;\">Ricardo de Figueiredo Lucena (DFE) \u2013 Titular<\/span><\/p>\n<p><span style=\"color: #3366ff;\">Maria Bernadete Silveira de Andrade (DME) \u2013 Suplente __________ 85 votos<\/span><\/p>\n<p><span style=\"color: #3366ff;\">\u00a0<\/span><\/p>\n<p><span style=\"color: #3366ff;\">Romildo Raposo Fernandes (DFE) \u2013 Titular<\/span><\/p>\n<p><span style=\"color: #3366ff;\">Jorge Chaves Cordeiro (DME) \u2013 Suplente _____________________\u00a0 65 votos<\/span><\/p>\n<p>&nbsp;<\/p>\n<p><b><span style=\"text-decoration: underline;\">CENTRO DE CI\u00caNCIAS SOCIAIS APLICADAS (CCSA) (At\u00e9 4 chapas)<\/span><\/b><\/p>\n<p><b><span style=\"text-decoration: underline;\">\u00a0<\/span><\/b><\/p>\n<p><span style=\"color: #3366ff;\">Edivaldo Teixeira de Carvalho (DE) \u2013 Titular<\/span><\/p>\n<p><span style=\"color: #3366ff;\">Karla Katiuscia N\u00f3brega de Almeida (DFC)- Suplente____________________ 29 votos<\/span><\/p>\n<p><span style=\"color: #3366ff;\">\u00a0<\/span><\/p>\n<p><span style=\"color: #3366ff;\">Edson Franco de Moraes (DFC) \u2013 Titular<\/span><\/p>\n<p><span style=\"color: #3366ff;\">Jaimar Medeiros de Souza (DFC) \u2013 Suplente ____________________ 32 votos<\/span><\/p>\n<p><span style=\"color: #3366ff;\">\u00a0<\/span><\/p>\n<p><span style=\"color: #3366ff;\">Glaucia Guimar\u00e3es da Silveira Silva (CI) \u2013 Titular<\/span><\/p>\n<p><span style=\"color: #3366ff;\">Rosa Zuleide Lima de Brito (CI) \u2013 Suplente ______________________ 32 votos<\/span><\/p>\n<p><span style=\"color: #3366ff;\">\u00a0<\/span><\/p>\n<p><span style=\"color: #3366ff;\">Maria das Gra\u00e7as N. de Almeida (DFC) \u2013 Titular<\/span><\/p>\n<p><span style=\"color: #3366ff;\">Vald\u00e9rio Freire de Moraes Jr. (DFC) \u2013 Suplente _________________ 21 votos<\/span><\/p>\n<p><b><span style=\"text-decoration: underline;\">\u00a0<\/span><\/b><\/p>\n<p><b><span style=\"text-decoration: underline;\">CENTRO DE CI\u00caNCIAS M\u00c9DICAS \u2013 CCM (At\u00e9 9 chapas)<\/span><\/b><\/p>\n<p>&nbsp;<\/p>\n<p><span style=\"color: #3366ff;\">Evanizio Roque de Arruda Jr. (DPS) \u2013 Titular<\/span><\/p>\n<p><span style=\"color: #3366ff;\">M\u00e1rio Toscano de Brito Filho (DCir) \u2013 Suplente&#8212;&#8212;&#8212;&#8212;&#8212;&#8212;&#8212;&#8212;&#8212;&#8212;&#8212;-13 votos<\/span><\/p>\n<p><span style=\"color: #3366ff;\">\u00a0<\/span><\/p>\n<p><span style=\"color: #3366ff;\">Wladimir Nunes Pinheiro (DPS) \u2013 Titular<\/span><\/p>\n<p><span style=\"color: #3366ff;\">Ricardo de Sousa Soares (DPS) \u2013 Suplente &#8212;&#8212;&#8212;&#8212;&#8212;&#8212;&#8212;&#8212;&#8212;&#8212;&#8212;&#8212;&#8212;13 votos<\/span><\/p>\n<p>&nbsp;<\/p>\n<p><b><span style=\"text-decoration: underline;\">CENTRO DE CI\u00caNCIAS EXATAS E DA NATUREZA \u2013 CCEN (At\u00e9 6 chapas)<\/span><\/b><\/p>\n<p><b><span style=\"text-decoration: underline;\">\u00a0<\/span><\/b><\/p>\n<p><span style=\"color: #3366ff;\">Afr\u00e2nio Gabriel da Silva (DQ) \u2013 Titular<\/span><\/p>\n<p><span style=\"color: #3366ff;\">Jos\u00e9 de Queiroz Caluete (DQ) \u2013 Suplente _______________________ 47 votos<\/span><\/p>\n<p><span style=\"color: #3366ff;\">\u00a0<\/span><\/p>\n<p><span style=\"color: #3366ff;\">Antonio Marcos Moreira (DF) \u2013 Titular<\/span><\/p>\n<p><span style=\"color: #3366ff;\">Luiz Isnard Barroso Bastos (DQ) \u2013 Suplente _____________________48 votos<\/span><\/p>\n<p><span style=\"color: #3366ff;\">\u00a0<\/span><\/p>\n<p><span style=\"color: #3366ff;\">Francisco Elmiro de Sousa Filho (DE) \u2013 Titular<\/span><\/p>\n<p><span style=\"color: #3366ff;\">Ivoneide Dantas Barbosa (DBM) \u2013 Suplente ______________________51 votos<\/span><\/p>\n<p><span style=\"color: #3366ff;\">\u00a0<\/span><\/p>\n<p><span style=\"color: #3366ff;\">Gianna de Souza Sorrentino (DQ) \u2013 Titular<\/span><\/p>\n<p><span style=\"color: #3366ff;\">Luiz Lineu Matos da Costa (DE) \u2013 Suplente _______________________55 votos<\/span><\/p>\n<p><span style=\"color: #3366ff;\">\u00a0<\/span><\/p>\n<p><span style=\"color: #3366ff;\">Milton de Lacerda Oliveira (DM) \u2013 Titular<\/span><\/p>\n<p><span style=\"color: #3366ff;\">Jos\u00e9 Martinho de Albuquerque Silva (DM) \u2013 Suplente _______________40 votos<\/span><\/p>\n<p><span style=\"color: #3366ff;\">\u00a0<\/span><\/p>\n<p><span style=\"color: #3366ff;\">Valdenilza Ferreira da Silva (DM) \u2013 Titular<\/span><\/p>\n<p><span style=\"color: #3366ff;\">Eduardo Gon\u00e7alves dos Santos (DM) \u2013 Suplente _________________65 votos<\/span><\/p>\n<p><b><span style=\"text-decoration: underline;\">\u00a0<\/span><\/b><\/p>\n<p><b><span style=\"text-decoration: underline;\">CENTRO DE TECNOLOGIA \u2013 CT (At\u00e9 4 chapas)<\/span><\/b><\/p>\n<p><b><span style=\"text-decoration: underline;\">\u00a0<\/span><\/b><\/p>\n<p><span style=\"color: #3366ff;\">Antonio Luiz de Albuquerque Gomes (DEQ) \u2013 Titular<\/span><\/p>\n<p><span style=\"color: #3366ff;\">Edjalma Ferreira de Sousa (DEP) \u2013 Suplente _________________________35 votos<\/span><\/p>\n<p><span style=\"color: #3366ff;\">\u00a0<\/span><\/p>\n<p><span style=\"color: #3366ff;\">Edjanio Barbosa Ara\u00fajo (DEM) &#8211; Titular<\/span><\/p>\n<p><span style=\"color: #3366ff;\">Mabel de Barros Batista (DEA) \u2013 Suplente ___________________________31 votos<\/span><\/p>\n<p><span style=\"color: #3366ff;\">\u00a0<\/span><\/p>\n<p><span style=\"color: #3366ff;\">Josinaldo Pereira Leite (DEM) \u2013 Titular<\/span><\/p>\n<p><span style=\"color: #3366ff;\">Marcos de Oliveira Chaves (DEM) \u2013 Suplente ________________________23 votos<\/span><\/p>\n<p>&nbsp;<\/p>\n<p>Leopoldo Oswaldo Alc\u00e1zar Rojas (DEQ) \u2013 Titular<\/p>\n<p>Freddy Arsenio Rivera Carbajal (DEA) \u2013 Suplente _____________________20 votos<\/p>\n<p>&nbsp;<\/p>\n<p><span style=\"color: #3366ff;\">Liney Carneiro Benevides (DECA) \u2013 Titular<\/span><\/p>\n<p><span style=\"color: #3366ff;\">Jair Silveira (DEM) \u2013 Suplente ___________________________________39 votos<\/span><\/p>\n<p>&nbsp;<\/p>\n<p><b><span style=\"text-decoration: underline;\">CENTRO DE COMUNICA\u00c7\u00c3O, TURISMO E ARTES \u2013 CCTA (At\u00e9 4 chapas)<\/span><\/b><\/p>\n<p><b><span style=\"text-decoration: underline;\">\u00a0<\/span><\/b><\/p>\n<p><span style=\"color: #3366ff;\">Antonio Carlos Batista P. Coelho (DEMus) \u2013 Titular<\/span><\/p>\n<p><span style=\"color: #3366ff;\">Francisco Xavier de Souza Neto (DMus) \u2013 Suplente ________________________42 votos<\/span><\/p>\n<p><span style=\"color: #3366ff;\">\u00a0<\/span><\/p>\n<p><span style=\"color: #3366ff;\">Carlos An\u00edsio de Oliveira e Silva (DMus) \u2013 Titular<\/span><\/p>\n<p><span style=\"color: #3366ff;\">Alexandre Magno Silva Ferreira (DMus) \u2013 Suplente _________________________49 votos<\/span><\/p>\n<p><span style=\"color: #3366ff;\">\u00a0<\/span><\/p>\n<p><span style=\"color: #3366ff;\">Eduardo de Oliveira N\u00f3brega (DEMus) \u2013 Titular<\/span><\/p>\n<p><span style=\"color: #3366ff;\">Sandoval Moreno de Oliveira (DMus) \u2013 Suplente___________________________42 votos<\/span><\/p>\n<p><span style=\"color: #3366ff;\">\u00a0<\/span><\/p>\n<p><span style=\"color: #3366ff;\">Mariza de Oliveira Pinheiro (DAV) \u2013 Titular<\/span><\/p>\n<p><span style=\"color: #3366ff;\">Liana Miranda Chaves (DAV) \u2013 Suplente _______________________________41 votos<\/span><\/p>\n<p>&nbsp;<\/p>\n<p><b><span style=\"text-decoration: underline;\">CENTRO DE CI\u00caNCIAS DA SA\u00daDE &#8211; CCS<\/span><\/b><span style=\"text-decoration: underline;\"> <b>(At\u00e9 9 chapas)<\/b><\/span><\/p>\n<p><b><span style=\"text-decoration: underline;\">\u00a0<\/span><\/b><\/p>\n<p><span style=\"color: #3366ff;\">Cl\u00e1udio Luiz de Souza Meireles (DEF) \u2013 Titular<\/span><\/p>\n<p><span style=\"color: #3366ff;\">Sandra Maria Cordeiro R. de Carvalho (DFisio) \u2013 Suplente_____________85 votos<\/span><\/p>\n<p><span style=\"color: #3366ff;\">\u00a0<\/span><\/p>\n<p><span style=\"color: #3366ff;\">Dailton Alencar Lucas de Lacerda (DFisio) \u2013 Titular<\/span><\/p>\n<p><span style=\"color: #3366ff;\">Lenilma Bento de Ara\u00fajo Meneses (DENC) \u2013 Suplente_________________116 votos<\/span><\/p>\n<p><span style=\"color: #3366ff;\">\u00a0<\/span><\/p>\n<p><span style=\"color: #3366ff;\">F\u00e1bia Danielle Sales C. M. e Silva (ETS) \u2013 Titular<\/span><\/p>\n<p><span style=\"color: #3366ff;\">Nilsamira da Silva Oliveira (ETS) \u2013 Suplente _________________________63 votos<\/span><\/p>\n<p><span style=\"color: #3366ff;\">\u00a0<\/span><\/p>\n<p><span style=\"color: #3366ff;\">Jamilton Alves Farias (DENC) \u2013 Titular<\/span><\/p>\n<p><span style=\"color: #3366ff;\">Wilma Dias de Fontes (DENC) \u2013 Suplente ___________________________119 votos<\/span><\/p>\n<p>&nbsp;<\/p>\n<p>Jorge Fernando Hermida Aveiro (DEF) \u2013 Titular<\/p>\n<p>Roberto Teixeira de Lima (DN) \u2013 Suplente ___________________________59 votos<\/p>\n<p>&nbsp;<\/p>\n<p><span style=\"color: #3366ff;\">Jos\u00e9 da Paz Oliveira Alvarenga (DENC) \u2013 Titular<\/span><\/p>\n<p><span style=\"color: #3366ff;\">Fernando Roberto Cabral de Vasconcelos (DMorf) \u2013 Suplente____________113 votos<\/span><\/p>\n<p><span style=\"color: #3366ff;\">\u00a0<\/span><\/p>\n<p><span style=\"color: #3366ff;\">Marta Maria Diniz Cordeiro (DEF) \u2013 Titular<\/span><\/p>\n<p><span style=\"color: #3366ff;\">Antonio Carlos Lopes Branco (DOR) \u2013 Suplente_______________________ 118 votos<\/span><\/p>\n<p><span style=\"color: #3366ff;\">\u00a0<\/span><\/p>\n<p><span style=\"color: #3366ff;\">Rossana Souto Maior Serrano (DCF) \u2013 Titular<\/span><\/p>\n<p><span style=\"color: #3366ff;\">Tatiana Faria Macedo Bezerra (DMorf) \u2013 Suplente_____________________113 votos<\/span><\/p>\n<p><span style=\"color: #3366ff;\">\u00a0<\/span><\/p>\n<p><span style=\"color: #3366ff;\">Valter Azevedo Pereira (DEF) \u2013 Titular<\/span><\/p>\n<p><span style=\"color: #3366ff;\">Eug\u00eanio Pacelli do Nascimento (DEF) \u2013 Suplente _____________________ 86 votos<\/span><\/p>\n<p><span style=\"color: #3366ff;\">\u00a0<\/span><\/p>\n<p><span style=\"color: #3366ff;\">Wagl\u00e2nia de Mendon\u00e7a F. Freitas (DESPP) \u2013 Titular<\/span><\/p>\n<p><span style=\"color: #3366ff;\">Rodrigo Pinheiro de Toledo Vianna (DN) \u2013 Suplente ___________________ 80 votos<\/span><\/p>\n<p>&nbsp;<\/p>\n<p><b><span style=\"text-decoration: underline;\">CENTRO DE CI\u00caNCIAS Jur\u00eddicas \u2013 CCJ (At\u00e9 2 chapas)<\/span><\/b><\/p>\n<p><b><span style=\"text-decoration: underline;\">\u00a0<\/span><\/b><\/p>\n<p><span style=\"color: #3366ff;\">Antonio A\u00e9cio Bandeira da Silva (DCJ \u2013 Sta Rita) \u2013 Titular<\/span><\/p>\n<p><span style=\"color: #3366ff;\">F\u00e1bio Bezerra dos Santos (DDPPJ) \u2013 Suplente_______________________\u00a0 11 votos<\/span><\/p>\n<p><span style=\"color: #3366ff;\">\u00a0<\/span><\/p>\n<p><span style=\"color: #3366ff;\">Jo\u00e3o Francisco da Silva (DDPPJ) \u2013 Titular<\/span><\/p>\n<p><span style=\"color: #3366ff;\">Francisco Jos\u00e9 Garcia Figueiredo (DDP) \u2013 Suplente &#8212;&#8212;&#8212;&#8212;&#8212;&#8212;&#8212;&#8212;&#8212;&#8212;&#8211; 13 votos<\/span><\/p>\n<p><b><span style=\"text-decoration: underline;\">\u00a0<\/span><\/b><\/p>\n<p><b><span style=\"text-decoration: underline;\">CENTRO DE CI\u00caNCIAS HUMANAS, LETRAS E ARTES \u2013 CCHLA (At\u00e9 9 chapas)<\/span><\/b><\/p>\n<p><b><span style=\"text-decoration: underline;\">\u00a0<\/span><\/b><\/p>\n<p><span style=\"color: #3366ff;\">Anderson D\u2019Arc Ferreira (DF) \u2013 Titular<\/span><\/p>\n<p><span style=\"color: #3366ff;\">W\u00e9cio Pinheiro Ara\u00fajo (DSS) \u2013 Suplente___________________________73 votos<\/span><\/p>\n<p><span style=\"color: #3366ff;\">\u00a0<\/span><\/p>\n<p><span style=\"color: #3366ff;\">Arturo Gouveia de Ara\u00fajo (DLCV) \u2013 Titular<\/span><\/p>\n<p><span style=\"color: #3366ff;\">Maria de Lourdes Soares (DSS) \u2013 Suplente_________________________80 votos<\/span><\/p>\n<p><span style=\"color: #3366ff;\">\u00a0<\/span><\/p>\n<p><span style=\"color: #3366ff;\">Isaias Moreira Ferreira (DLCV) \u2013 Titular<\/span><\/p>\n<p><span style=\"color: #3366ff;\">Maria Tereza Santana da Costa R. Almeida (DCS) \u2013 Suplente __________56 votos<\/span><\/p>\n<p><span style=\"color: #3366ff;\">\u00a0<\/span><\/p>\n<p><span style=\"color: #3366ff;\">Maria das Gra\u00e7as Miranda F. Silva (DSS) \u2013 Titular<\/span><\/p>\n<p><span style=\"color: #3366ff;\">Maria Otilia Telles Storni (DCS) \u2013 Suplente _________________________65 votos<\/span><\/p>\n<p><span style=\"color: #3366ff;\">\u00a0<\/span><\/p>\n<p><span style=\"color: #3366ff;\">Maria de Lourdes Magno Bacalhau (DSS) \u2013 Titular<\/span><\/p>\n<p><span style=\"color: #3366ff;\">Maria de F\u00e1tima Leite (DSS) \u2013 Suplente ___________________________58 votos<\/span><\/p>\n<p><span style=\"color: #3366ff;\">\u00a0<\/span><\/p>\n<p><span style=\"color: #3366ff;\">Maria Jandira Ramos (DLCV) \u2013 Titular<\/span><\/p>\n<p><span style=\"color: #3366ff;\">Gl\u00f3ria de Maria M. L. Obermark (DLEM) \u2013 Suplente __________________55 votos<\/span><\/p>\n<p><span style=\"color: #3366ff;\">\u00a0<\/span><\/p>\n<p><span style=\"color: #3366ff;\">Paulo Cezar dos Santos Cardoso (DCS) \u2013 Titular<\/span><\/p>\n<p><span style=\"color: #3366ff;\">Itamar Nunes da Silva (DCS) \u2013 Suplente ___________________________55 votos<\/span><\/p>\n<p><span style=\"color: #3366ff;\">\u00a0<\/span><\/p>\n<p><span style=\"color: #3366ff;\">Zacarias Dias Paredes Filho (DLEM) \u2013 Titular<\/span><\/p>\n<p><span style=\"color: #3366ff;\">Maria do Socorro de Souza Vieira (DSS) \u2013 Suplente ________________68 votos<\/span><\/p>\n<p>&nbsp;<\/p>\n<p class=\"MsoNormal\" style=\"margin-right: 2.55pt; text-align: justify; line-height: 18.0pt; tab-stops: 418.2pt 441.0pt;\"><b><span style=\"text-decoration: underline;\"><span lang=\"EN-US\" style=\"font-size: 10.5pt; font-family: 'Helvetica','sans-serif'; mso-bidi-font-family: Arial;\">\u00a0<\/span><\/span><\/b><\/p>\n","protected":false},"excerpt":{"rendered":"<p>A Comiss\u00e3o Eleitoral da ADUFPB concluiu na \u00faltima sexta-feira (4\/12) a apura\u00e7\u00e3o dos votos para o Conselho de Representantes da entidade referente \u00e0 Gest\u00e3o 2015\/2017. A elei\u00e7\u00e3o foi realizada na quinta-feira, 3\/12, juntamente com a vota\u00e7\u00e3o para escolha da nova Diretoria Executiva (clique aqui para ver o resultado para a Diretoria). O Conselho de Representantes&hellip;<\/p>\n","protected":false},"author":3,"featured_media":0,"comment_status":"closed","ping_status":"closed","sticky":false,"template":"","format":"standard","meta":{"footnotes":""},"categories":[15],"tags":[141,667,363],"class_list":["post-12857","post","type-post","status-publish","format-standard","hentry","category-noticias","tag-conselho-de-representantes","tag-eleicoes-2015","tag-eleicoes-adufpb","category-15","description-off"],"_links":{"self":[{"href":"https:\/\/www.adufpb.org.br\/site\/wp-json\/wp\/v2\/posts\/12857","targetHints":{"allow":["GET"]}}],"collection":[{"href":"https:\/\/www.adufpb.org.br\/site\/wp-json\/wp\/v2\/posts"}],"about":[{"href":"https:\/\/www.adufpb.org.br\/site\/wp-json\/wp\/v2\/types\/post"}],"author":[{"embeddable":true,"href":"https:\/\/www.adufpb.org.br\/site\/wp-json\/wp\/v2\/users\/3"}],"replies":[{"embeddable":true,"href":"https:\/\/www.adufpb.org.br\/site\/wp-json\/wp\/v2\/comments?post=12857"}],"version-history":[{"count":4,"href":"https:\/\/www.adufpb.org.br\/site\/wp-json\/wp\/v2\/posts\/12857\/revisions"}],"predecessor-version":[{"id":12859,"href":"https:\/\/www.adufpb.org.br\/site\/wp-json\/wp\/v2\/posts\/12857\/revisions\/12859"}],"wp:attachment":[{"href":"https:\/\/www.adufpb.org.br\/site\/wp-json\/wp\/v2\/media?parent=12857"}],"wp:term":[{"taxonomy":"category","embeddable":true,"href":"https:\/\/www.adufpb.org.br\/site\/wp-json\/wp\/v2\/categories?post=12857"},{"taxonomy":"post_tag","embeddable":true,"href":"https:\/\/www.adufpb.org.br\/site\/wp-json\/wp\/v2\/tags?post=12857"}],"curies":[{"name":"wp","href":"https:\/\/api.w.org\/{rel}","templated":true}]}}