{"id":12747,"date":"2015-11-18T09:54:12","date_gmt":"2015-11-18T13:54:12","guid":{"rendered":"http:\/\/www.adufpb.org.br\/site\/?p=12747"},"modified":"2015-11-18T10:46:52","modified_gmt":"2015-11-18T14:46:52","slug":"dia-internacional-da-filosofia-sera-comemorado-com-atividade-na-ufpb","status":"publish","type":"post","link":"https:\/\/www.adufpb.org.br\/site\/dia-internacional-da-filosofia-sera-comemorado-com-atividade-na-ufpb\/","title":{"rendered":"Dia Internacional da Filosofia ser\u00e1 comemorado com atividade na UFPB"},"content":{"rendered":"<p dir=\"ltr\">O Dia Internacional da Filosofia ser\u00e1 comemorado com uma atividade no Centro de Viv\u00eancia do campus I, em Jo\u00e3o Pessoa, na pr\u00f3xima sexta-feira (20\/11). A ONG Padre-Mestre Jo\u00e3o do Rego Moura, com o apoio da ADUFPB, vai realizar distribui\u00e7\u00e3o de livros e uma exposi\u00e7\u00e3o de gravuras do \u201cMito da \u201cCaverna\u201d, do fil\u00f3sofo Plat\u00e3o, no desenho atualizado do cartunista brasileiro Maur\u00edcio.<\/p>\n<p dir=\"ltr\">Al\u00e9m disso, os participantes do evento ser\u00e3o convidados a responder a uma enquete sobre o estudo da Filosofia no Ensino M\u00e9dio e receber\u00e3o informa\u00e7\u00f5es sobre o tema. Posteriormente, a exposi\u00e7\u00e3o ser\u00e1 levada tamb\u00e9m para escolas da rede p\u00fablica de Jo\u00e3o Pessoa.<\/p>\n<p>O Dia Mundial da Filosofia foi institu\u00eddo pela Organiza\u00e7\u00e3o das Na\u00e7\u00f5es Unidas para a Educa\u00e7\u00e3o, a Ci\u00eancia e a Cultura (Unesco). Todos os anos, ele \u00e9 comemorado na terceira quinta-feira do m\u00eas de novembro (em 2015, ser\u00e1 dia 19\/11). A data oferece uma oportunidade para enfatizar mais uma vez a import\u00e2ncia do pensamento cr\u00edtico para a compreens\u00e3o das mudan\u00e7as na sociedade contempor\u00e2nea.<\/p>\n<p style=\"padding-left: 210px;\"><b>&#8220;<i>Quem fala ou escreve mal pensa mal. Quem pensa bem, quando fala ou escreve, o faz bem. E pensar bem constitui caracter\u00edstica imprescind\u00edvel dos verdadeiros fil\u00f3sofos. Logo, estes almejam diligentemente dominar os segredos contidos na linguagem e nas palavras.&#8221;<\/i><\/b><\/p>\n<p style=\"padding-left: 210px;\" align=\"right\"><i><\/i><b>Prof. Dr. Luiz Dias Rodrigues (Luizito)<\/b><\/p>\n<p><em>Fonte: Ascom ADUFPB<\/em><\/p>\n","protected":false},"excerpt":{"rendered":"<p>O Dia Internacional da Filosofia ser\u00e1 comemorado com uma atividade no Centro de Viv\u00eancia do campus I, em Jo\u00e3o Pessoa, na pr\u00f3xima sexta-feira (20\/11). A ONG Padre-Mestre Jo\u00e3o do Rego Moura, com o apoio da ADUFPB, vai realizar distribui\u00e7\u00e3o de livros e uma exposi\u00e7\u00e3o de gravuras do \u201cMito da \u201cCaverna\u201d, do fil\u00f3sofo Plat\u00e3o, no desenho&hellip;<\/p>\n","protected":false},"author":3,"featured_media":0,"comment_status":"closed","ping_status":"closed","sticky":false,"template":"","format":"standard","meta":{"footnotes":""},"categories":[15],"tags":[67],"class_list":["post-12747","post","type-post","status-publish","format-standard","hentry","category-noticias","tag-atividades","category-15","description-off"],"_links":{"self":[{"href":"https:\/\/www.adufpb.org.br\/site\/wp-json\/wp\/v2\/posts\/12747","targetHints":{"allow":["GET"]}}],"collection":[{"href":"https:\/\/www.adufpb.org.br\/site\/wp-json\/wp\/v2\/posts"}],"about":[{"href":"https:\/\/www.adufpb.org.br\/site\/wp-json\/wp\/v2\/types\/post"}],"author":[{"embeddable":true,"href":"https:\/\/www.adufpb.org.br\/site\/wp-json\/wp\/v2\/users\/3"}],"replies":[{"embeddable":true,"href":"https:\/\/www.adufpb.org.br\/site\/wp-json\/wp\/v2\/comments?post=12747"}],"version-history":[{"count":3,"href":"https:\/\/www.adufpb.org.br\/site\/wp-json\/wp\/v2\/posts\/12747\/revisions"}],"predecessor-version":[{"id":12750,"href":"https:\/\/www.adufpb.org.br\/site\/wp-json\/wp\/v2\/posts\/12747\/revisions\/12750"}],"wp:attachment":[{"href":"https:\/\/www.adufpb.org.br\/site\/wp-json\/wp\/v2\/media?parent=12747"}],"wp:term":[{"taxonomy":"category","embeddable":true,"href":"https:\/\/www.adufpb.org.br\/site\/wp-json\/wp\/v2\/categories?post=12747"},{"taxonomy":"post_tag","embeddable":true,"href":"https:\/\/www.adufpb.org.br\/site\/wp-json\/wp\/v2\/tags?post=12747"}],"curies":[{"name":"wp","href":"https:\/\/api.w.org\/{rel}","templated":true}]}}