{"id":1273,"date":"2010-08-27T11:46:40","date_gmt":"2010-08-27T15:46:40","guid":{"rendered":"http:\/\/www.adufpb.org.br\/site\/companheiros-das-americas-realiza-assembleia-3\/"},"modified":"2010-08-27T11:46:40","modified_gmt":"2010-08-27T15:46:40","slug":"companheiros-das-americas-realiza-assembleia-3","status":"publish","type":"post","link":"https:\/\/www.adufpb.org.br\/site\/companheiros-das-americas-realiza-assembleia-3\/","title":{"rendered":"Companheiros das Am\u00e9ricas realiza assembleia"},"content":{"rendered":"<p>O Comit\u00ea Para\u00edba-Connecticut da rede internacional de volunt\u00e1rios \u201cCompanheiros das Am\u00e9ricas\u201d convida todos os seus associados a participarem nesta ter\u00e7a-feira, dia 31 de agosto, da reuni\u00e3o de Assembleia Geral que ser\u00e1 realizada no Audit\u00f3rio do Hotel Igatu (avenida Cabo Branco, 1948, em Jo\u00e3o Pessoa), a partir das 19h30.<\/p>\n<p>A reuni\u00e3o apresentar\u00e1 informes sobre eventos e not\u00edcias do Comit\u00ea local e do Central, em Washington. Haver\u00e1 tamb\u00e9m a palestra e exposi\u00e7\u00e3o \u201cMarrocos \u2013 Um olhar do outro lado do Oceano\u201d, do professor Carlos Cartaxo, do Departamento de Artes C\u00eanicas.<\/p>\n<p>O Comit\u00ea Para\u00edba-Connecticut lembra, ainda, que os associados devem enviar a ficha de recadastramento \u00e0 sede da entidade (SIUSP \u2013 Secretaria de Integra\u00e7\u00e3o Universidade Setor Produtivo da UFPB \u2013 Cidade Universit\u00e1ria, 3\u00ba andar da Reitoria) e realizar o pagamento da anuidade, no valor de R$ 50. Os associados podem procurar o tesoureiro, professor Jo\u00e3o Batista, ou o diretor Executivo, professor Jos\u00e9 Antonio da Silva.<\/p>\n<p><em>Fonte: Ascom ADUFPB<\/em><\/p>\n","protected":false},"excerpt":{"rendered":"<p>O Comit\u00ea Para\u00edba-Connecticut da rede internacional de volunt\u00e1rios \u201cCompanheiros das Am\u00e9ricas\u201d convida todos os seus associados a participarem nesta ter\u00e7a-feira, dia 31 de agosto, da reuni\u00e3o de Assembleia Geral que ser\u00e1 realizada no Audit\u00f3rio do Hotel Igatu (avenida Cabo Branco, 1948, em Jo\u00e3o Pessoa), a partir das 19h30. A reuni\u00e3o apresentar\u00e1 informes sobre eventos e&hellip;<\/p>\n","protected":false},"author":3,"featured_media":0,"comment_status":"open","ping_status":"open","sticky":false,"template":"","format":"standard","meta":{"footnotes":""},"categories":[15],"tags":[138],"class_list":["post-1273","post","type-post","status-publish","format-standard","hentry","category-noticias","tag-companheiros-das-americas","category-15","description-off"],"_links":{"self":[{"href":"https:\/\/www.adufpb.org.br\/site\/wp-json\/wp\/v2\/posts\/1273","targetHints":{"allow":["GET"]}}],"collection":[{"href":"https:\/\/www.adufpb.org.br\/site\/wp-json\/wp\/v2\/posts"}],"about":[{"href":"https:\/\/www.adufpb.org.br\/site\/wp-json\/wp\/v2\/types\/post"}],"author":[{"embeddable":true,"href":"https:\/\/www.adufpb.org.br\/site\/wp-json\/wp\/v2\/users\/3"}],"replies":[{"embeddable":true,"href":"https:\/\/www.adufpb.org.br\/site\/wp-json\/wp\/v2\/comments?post=1273"}],"version-history":[{"count":0,"href":"https:\/\/www.adufpb.org.br\/site\/wp-json\/wp\/v2\/posts\/1273\/revisions"}],"wp:attachment":[{"href":"https:\/\/www.adufpb.org.br\/site\/wp-json\/wp\/v2\/media?parent=1273"}],"wp:term":[{"taxonomy":"category","embeddable":true,"href":"https:\/\/www.adufpb.org.br\/site\/wp-json\/wp\/v2\/categories?post=1273"},{"taxonomy":"post_tag","embeddable":true,"href":"https:\/\/www.adufpb.org.br\/site\/wp-json\/wp\/v2\/tags?post=1273"}],"curies":[{"name":"wp","href":"https:\/\/api.w.org\/{rel}","templated":true}]}}