{"id":12635,"date":"2015-10-21T08:09:47","date_gmt":"2015-10-21T12:09:47","guid":{"rendered":"http:\/\/www.adufpb.org.br\/site\/?p=12635"},"modified":"2015-10-21T08:09:47","modified_gmt":"2015-10-21T12:09:47","slug":"xiii-festival-paraibano-de-coros-divulga-programacao-oficial-de-2015","status":"publish","type":"post","link":"https:\/\/www.adufpb.org.br\/site\/xiii-festival-paraibano-de-coros-divulga-programacao-oficial-de-2015\/","title":{"rendered":"XIII Festival Paraibano de Coros divulga programa\u00e7\u00e3o oficial de 2015"},"content":{"rendered":"<p><a href=\"http:\/\/www.adufpb.org.br\/site\/wp-content\/uploads\/2015\/10\/festivalcoros.png\"><img loading=\"lazy\" decoding=\"async\" class=\"alignleft size-medium wp-image-12636\" alt=\"festivalcoros\" src=\"http:\/\/www.adufpb.org.br\/site\/wp-content\/uploads\/2015\/10\/festivalcoros-300x239.png\" width=\"300\" height=\"239\" srcset=\"https:\/\/www.adufpb.org.br\/site\/wp-content\/uploads\/2015\/10\/festivalcoros-300x239.png 300w, https:\/\/www.adufpb.org.br\/site\/wp-content\/uploads\/2015\/10\/festivalcoros.png 600w\" sizes=\"auto, (max-width: 300px) 100vw, 300px\" \/><\/a>Representantes dos Estados de Alagoas, Bahia, Para\u00edba, Pernambuco, Rio Grande do Norte, Rio de Janeiro, Sergipe e do Distrito Federal v\u00e3o est\u00e1 presente no XIII Festival Paraibano de Coros &#8211; Fepac que acontece a partir do pr\u00f3ximo dia 28 de outubro a 1 de novembro. O evento acontece a partir das 18h, na Sala de Concerto Radegundis Feitosa, no Centro de Comunica\u00e7\u00e3o Turismo e Artes \u2013 CCTA da Universidade Federal da Para\u00edba, em Jo\u00e3o Pessoa . A entrada \u00e9 franca.\u00a0O Coral Vozes da ADUFPB ser\u00e1 um dos que ir\u00e1 se apresentar na abertura do Festival.<\/p>\n<p>Coordenado pelo professor da UFPB e maestro Eduardo N\u00f3brega, o XIII Fepac \u00e9 uma realiza\u00e7\u00e3o da UFPB, atrav\u00e9s da CCTA, e a Empresa Coteminas, com apoio cultural da Empresa D\u2019LUCK Confec\u00e7\u00f5es Varejo e Atacado; do escrit\u00f3rio de advocacia Mendon\u00e7a &amp; Crisanto; e do escrit\u00f3rio \u201cEduardo N\u00f3brega e Mariana Silveira Arquitetura e Interiores\u201d, Associa\u00e7\u00e3o dos Docentes da UFPB (AdufPb) e Cooperativa de Cr\u00e9dito (Creduni).<\/p>\n<p>Todos os dias, a partir das 18h00, antes do primeiro coral, o festival vai promover para o p\u00fablico presente uma audi\u00e7\u00e3o com participa\u00e7\u00e3o de convidados. Na quarta-feira (28\/10), a abertura oficial, ficar\u00e1 por conta do Coral da UFPB Gazzi de S\u00e1 que apresentar\u00e1 o espet\u00e1culo \u201c\u00c8 com voc\u00ea Mesmo\u201d. J\u00e1 na quinta-feira (29\/10) \u00e9 a vez da Orquestra Armorial do Col\u00e9gio Marista Pio X, sob a reg\u00eancia do maestro Yuri Ribeiro.<\/p>\n<p>Na sexta-feira (30\/10), a abertura ficar\u00e1 a cargo do show do cantor e compositor Glauco Meireles. No s\u00e1bado (31\/10) o Grupo IAMAK\u00c1 \u2013 apresentar\u00e1 o espet\u00e1culo Stella Splendens, mini-or\u00e1torio profano do compositor Eli-Eri Moura. J\u00e1 no domingo (01\/11), \u00faltimo dia do evento haver\u00e1 duas apresenta\u00e7\u00f5es, o show de abertura com a cantora Elisa Le\u00e3o e convidados, e o show de encerramento com o cantor e compositor paraibano Adeildo Vieira.<\/p>\n<p>O coordenador Eduardo N\u00f3brega informou que o festival tamb\u00e9m vai disponibilizar apresenta\u00e7\u00f5es paralelas na Empresa Coteminas, AdufPb, Creduni, D\u2019Luck, Receita Federal e no munic\u00edpio de Sap\u00e9. \u201cNossa inten\u00e7\u00e3o \u00e9 levar as atividades do festival para junto das empresas, uma forma de interagir e divulgar o trabalho do coro que passa o ano todo ensaiando\u201d, relatou o maestro revelando que esse ano as atividades do Fepac v\u00e3o at\u00e9 Sap\u00e9 que receber\u00e1 um grupo para uma apresenta\u00e7\u00e3o informal.<\/p>\n<p>O festival tamb\u00e9m vai disponibilizar duas oficinas : \u201cEncantar na Escola\u201d, ministrada pela professora, Gisele Cruz (SP) e visa a orienta\u00e7\u00e3o de pessoas interessadas em formar e\/ou conduzir um grupo coral\/vocal. J\u00e1 a \u201cOficina Vocal, com prepara\u00e7\u00e3o corporal\u201d, ministrada pela professora Kenia Muraoka (SP) ser\u00e1 realizado um trabalho de t\u00e9cnica vocal utilizando a express\u00e3o corporal como elemento importante na emiss\u00e3o sonora. Para maiores informa\u00e7\u00f5es \u00e9 s\u00f3 acessar o site: www.festivalparaibanodecoros.com.br<\/p>\n<p>&#8211; Confira a programa\u00e7\u00e3o oficial do XIII Fepac:<\/p>\n<p><strong>RELA\u00c7\u00c3O CORAIS QUARTA-FEIRA 28\/10\/2015<\/strong><\/p>\n<p>\u201318h: Solenidade de abertura: pronunciamento da Reitora Margareth de F\u00e1tima Formiga Diniz<\/p>\n<p>18h30: Apresenta\u00e7\u00e3o especial: Coral Universit\u00e1rio Gazzi de S\u00e1: Espet\u00e1culo: \u201c\u00c9 com Voc\u00ea Mesmo\u201d Maestro: Eduardo N\u00f3brega<\/p>\n<p>01. Coral Sinf\u00f4nico Infantil da Para\u00edba \u2013 Jo\u00e3o Pessoa \u2013 PB<\/p>\n<p>Maestro: Jo\u00e3o Alberto Gurgel<\/p>\n<p>02. Coral do IPM \u2013 Instituto Previd\u00eancia do Munic\u00edpio \u2013 Jo\u00e3o Pessoa \u2013 PB<\/p>\n<p>Maestro: Yuri Ribeiro<\/p>\n<p>03. Coral Ladies \u2013 Jo\u00e3o Pessoa \u2013 PB<\/p>\n<p>Maestro: Jo\u00e3o Alberto Gurgel<\/p>\n<p>04. Coral Vozes da Vida e Sa\u00fade \u2013 Natal \u2013 RN<\/p>\n<p>Maestro: Marcelo Pereira da Silva<\/p>\n<p>05. Coral Coteminas \u2013 Jo\u00e3o Pessoa \u2013 PB<\/p>\n<p>Maestrina: Ana Catarina Le\u00e3o\/\/ Josy Castro<\/p>\n<p>06. Vozes da ADUFPB \u2013 Jo\u00e3o Pessoa \u2013 PB<\/p>\n<p>Maestro: Carlos An\u00edsio<\/p>\n<p>07. Coro Municipal Jaboat\u00e3o dos Guararapes \u2013 Jaboat\u00e3o Canta \u2013 PE<\/p>\n<p>Maestro: Tarik Bispo<\/p>\n<p>08. Coro Sinf\u00f4nico da Para\u00edba<\/p>\n<p>Maestro: Daniel Seixas<\/p>\n<p>09. Mosaico Coral \u2013 Jo\u00e3o Pessoa \u2013 PB<\/p>\n<p>Maestro: Onivaldo J\u00fanior<\/p>\n<p><strong>RELA\u00c7\u00c3O CORAIS QUINTA-FEIRA 29\/10\/2015<\/strong><\/p>\n<p>18h00: Apresenta\u00e7\u00e3o especial: Orquestra Armorial do Col\u00e9gio Marista Pio X<\/p>\n<p>Maestro: Yuri Ribeiro<\/p>\n<p>01. Coral Jovem UNIMED \u2013 Jo\u00e3o Pessoa \u2013 PB<\/p>\n<p>Maestrina: Socorro Estrela<\/p>\n<p>02. Coral Vozes do Sanhau\u00e1 \u2013 Jo\u00e3o Pessoa \u2013 PB<\/p>\n<p>Maestro: Maur\u00edcio Gurgel<\/p>\n<p>03. Coral do Tribunal de Contas da Para\u00edba \u2013 Jo\u00e3o Pessoa \u2013 PB<\/p>\n<p>Maestro: Jo\u00e3o Alberto Gurgel<\/p>\n<p>04. Coral Despertar \u2013 Jo\u00e3o Pessoa \u2013 PB<\/p>\n<p>Maestro: Luiz Carlos Ot\u00e1vio<\/p>\n<p>05. Coral Maestro Jo\u00e3o Eduardo \u2013 Jo\u00e3o Pessoa \u2013 PB<\/p>\n<p>Maestrina: Ariadne de Lima<\/p>\n<p>06. Coral da ABCMI \u2013 Macei\u00f3 \u2013 AL<\/p>\n<p>Maestrina: Maria das Vit\u00f3rias Santos<\/p>\n<p>07. Coral Feminino Monte da Ora\u00e7\u00e3o \u2013 Jo\u00e3o Pessoa \u2013 PB<\/p>\n<p>Maestro: Daniel Berg<\/p>\n<p>08. Coro de C\u00e2mara Villa Lobos \u2013 Jo\u00e3o Pessoa \u2013 PB<\/p>\n<p>Maestro: Carlos An\u00edsio<\/p>\n<p>09. Coral Canta Bras\u00edlia \u2013 Bras\u00edlia \u2013 DF<\/p>\n<p>Maestro: Elvis Ventura<\/p>\n<p>10. Coro Comemorativo da Reforma Protestante do S\u00e9culo XVI \u2013 Jo\u00e3o Pessoa \u2013 PB<\/p>\n<p>Maestros: Edmilson Coelho Falc\u00e3o e H\u00e9lio Nunes<\/p>\n<p><strong>RELA\u00c7\u00c3O CORAIS SEXTA-FEIRA 30\/10\/2015<\/strong><\/p>\n<p>18h00 \u2013 Apresenta\u00e7\u00e3o especial do compositor cantor: Glauco Meireles<\/p>\n<p>01.Coral Meninos e Meninas de Lucena \u2013 Lucena \u2013 PB<\/p>\n<p>Maestrina: Viviane Vieira<\/p>\n<p>02. Coral Vozes da Floresta &#8211; Nova Floresta \u2013 PB<\/p>\n<p>Maestro: S\u00e9rgio Cruz<\/p>\n<p>03. Coral Fonte da Vida \u2013 Recife \u2013 PE<\/p>\n<p>Maestro: Mois\u00e9s Vicente<\/p>\n<p>04. Coral Municipal Sons da Terra- Natal \u2013 RN<\/p>\n<p>Maestrina: Ros\u00e2ngela Albuquerque<\/p>\n<p>05. Coral Jo\u00e3o Pernambuco \u2013 Recife \u2013 PE<\/p>\n<p>Maestrina: Vanessa Santana<\/p>\n<p>06.Coral Municipal S\u00e3o Gon\u00e7alo do Amarante \u2013 RN<\/p>\n<p>Maestros: J\u00f4natas de Melo e Cl\u00e1udio Ananias<\/p>\n<p>07. Coral Vozes de Pernambuco \u2013 Recife \u2013 PE<\/p>\n<p>Maestrina: M\u00f4nica Muniz<\/p>\n<p>08.Coro Hatsuhinode \u2013 Jo\u00e3o Pessoa \u2013 PB<\/p>\n<p>Maestrina: Alice Lumi Satomi<\/p>\n<p>09. Coral Canto de Todo Lugar \u2013 Salvador \u2013 BA<\/p>\n<p>Maestro: Magno Aguiar\/<\/p>\n<p>10. Coral Universit\u00e1rio UNIP\u00ca \u2013 Jo\u00e3o Pessoa \u2013 PB<\/p>\n<p>Maestro: Jo\u00e3o Alberto Gurgel<\/p>\n<p><strong>RELA\u00c7\u00c3O CORAIS S\u00c1BADO 31\/10\/2015<\/strong><\/p>\n<p>18h00- Apresenta\u00e7\u00e3o Especial: Grupo IAMAK\u00c1 apresenta \u201cStella Splendens\u201d um mini-orat\u00f3rio profano do compositor Eli-Eri Moura<\/p>\n<p>01. Coral Luzes Boa Vista \u2013 Boa Vista \u2013 PB<\/p>\n<p>Maestro: M\u00e1rcio Teles<\/p>\n<p>02. Coral Municipal Vox Gaudium \u201cA voz da Alegria\u201d \u2013 Gurinh\u00e9m \u2013 PB<\/p>\n<p>Maestrina: Flaviana Galdino<\/p>\n<p>03.Coral Masculino Filhos do Asafe \u2013 Jo\u00e3o Pessoa \u2013 PB<\/p>\n<p>Maestro: Daniel Berg<\/p>\n<p>04. Coral SEBRAE \u2013 Natal \u2013 RN<\/p>\n<p>Maestrina: Ros\u00e2ngela Albuquerque<\/p>\n<p>05. Coral da APCEF\/PB \u2013 Jo\u00e3o Pessoa \u2013 PB<\/p>\n<p>Maestro: Tom K<\/p>\n<p>06. Coro Oficina de Canto \u2013 Rio de Janeiro \u2013 RJ<\/p>\n<p>Maestro: Andr\u00e9 Miranda<\/p>\n<p>07. Coral Toque de Caixa da APCEF \u2013 Natal \u2013 RN<\/p>\n<p>Maestro: Kleber Praxedes<\/p>\n<p>08. Madrigal Lindbergh Pires \u2013 Recife \u2013 PE<\/p>\n<p>Maestro: Jadson Oliveira\/<\/p>\n<p>09. Coro UFRPE \u2013 Recife \u2013 PE<\/p>\n<p>Maestrina: Evani Barbosa<\/p>\n<p>10. Coral Universit\u00e1rio da Para\u00edba Gazzi de S\u00e1 \u2013 Jo\u00e3o Pessoa -PB<\/p>\n<p>Maestro: Eduardo N\u00f3brega<\/p>\n<p><strong>RELA\u00c7\u00c3O CORAIS DOMINGO 01\/11\/2015<\/strong><\/p>\n<p>18h00 -Apresenta\u00e7\u00e3o especial com a cantora Elisa Le\u00e3o e convidados<\/p>\n<p>01. Coral Art\u2019Encanto \u2013 Jo\u00e3o Pessoa \u2013 PB<\/p>\n<p>Maestro: Jean Fidelis<\/p>\n<p>02. Coral CPM Encanto \u2013 Macei\u00f3 \u2013 AL<\/p>\n<p>Maestrina: Laura Margarida<\/p>\n<p>03. Coral Cantos da F\u00e9 \u2013 Natal \u2013 RN<\/p>\n<p>Maestro: F\u00e1bio Cruz<\/p>\n<p>04.Coral Estrela D\u2019Alva \u2013 Parnamirim \u2013 RN<\/p>\n<p>Maestro: Rui de Castro Filho<\/p>\n<p>05 Coral Cartavozes \u2013 Aracaju \u2013 SE<\/p>\n<p>Maestro: Elias dos Santos<\/p>\n<p>06. Coral Clarear \u2013 Natal \u2013 RN<\/p>\n<p>Maestro: Harisson Dantas<\/p>\n<p>07. Coral Voz Ativa \u2013 Jo\u00e3o Pessoa \u2013 PB<\/p>\n<p>Maestro: Luiz Carlos Ot\u00e1vio<\/p>\n<p>08-ENCERRAMENTO OFICIAL DO XIII FEPAC<\/p>\n<p>Show com o cantor e compositor ADEILDO VIEIRA<\/p>\n<p><em>Fonte: Assessoria<\/em><\/p>\n","protected":false},"excerpt":{"rendered":"<p>Representantes dos Estados de Alagoas, Bahia, Para\u00edba, Pernambuco, Rio Grande do Norte, Rio de Janeiro, Sergipe e do Distrito Federal v\u00e3o est\u00e1 presente no XIII Festival Paraibano de Coros &#8211; Fepac que acontece a partir do pr\u00f3ximo dia 28 de outubro a 1 de novembro. O evento acontece a partir das 18h, na Sala de&hellip;<\/p>\n","protected":false},"author":3,"featured_media":0,"comment_status":"closed","ping_status":"closed","sticky":false,"template":"","format":"standard","meta":{"footnotes":""},"categories":[15],"tags":[488,404,663],"class_list":["post-12635","post","type-post","status-publish","format-standard","hentry","category-noticias","tag-coral-vozes-da-adufpb","tag-fepac","tag-festival-paraibano-de-coros","category-15","description-off"],"_links":{"self":[{"href":"https:\/\/www.adufpb.org.br\/site\/wp-json\/wp\/v2\/posts\/12635","targetHints":{"allow":["GET"]}}],"collection":[{"href":"https:\/\/www.adufpb.org.br\/site\/wp-json\/wp\/v2\/posts"}],"about":[{"href":"https:\/\/www.adufpb.org.br\/site\/wp-json\/wp\/v2\/types\/post"}],"author":[{"embeddable":true,"href":"https:\/\/www.adufpb.org.br\/site\/wp-json\/wp\/v2\/users\/3"}],"replies":[{"embeddable":true,"href":"https:\/\/www.adufpb.org.br\/site\/wp-json\/wp\/v2\/comments?post=12635"}],"version-history":[{"count":1,"href":"https:\/\/www.adufpb.org.br\/site\/wp-json\/wp\/v2\/posts\/12635\/revisions"}],"predecessor-version":[{"id":12637,"href":"https:\/\/www.adufpb.org.br\/site\/wp-json\/wp\/v2\/posts\/12635\/revisions\/12637"}],"wp:attachment":[{"href":"https:\/\/www.adufpb.org.br\/site\/wp-json\/wp\/v2\/media?parent=12635"}],"wp:term":[{"taxonomy":"category","embeddable":true,"href":"https:\/\/www.adufpb.org.br\/site\/wp-json\/wp\/v2\/categories?post=12635"},{"taxonomy":"post_tag","embeddable":true,"href":"https:\/\/www.adufpb.org.br\/site\/wp-json\/wp\/v2\/tags?post=12635"}],"curies":[{"name":"wp","href":"https:\/\/api.w.org\/{rel}","templated":true}]}}