{"id":1261,"date":"2010-08-25T10:54:02","date_gmt":"2010-08-25T14:54:02","guid":{"rendered":"http:\/\/www.adufpb.org.br\/site\/poesia-no-cosmo-do-campus\/"},"modified":"2010-09-24T13:24:58","modified_gmt":"2010-09-24T17:24:58","slug":"poesia-no-cosmo-do-campus","status":"publish","type":"post","link":"https:\/\/www.adufpb.org.br\/site\/poesia-no-cosmo-do-campus\/","title":{"rendered":"POESIA: No Cosmo do Campus"},"content":{"rendered":"<p><strong>NO COSMO DO<\/strong><\/p>\n<p><strong>CAMPUS<\/strong><\/p>\n<p><em>Dedica Antonio Gomes<\/em><\/p>\n<p><em>\u00e0 multipoetisa C\u00e9lia Lopes.<\/em><\/p>\n<p>Quando<\/p>\n<p>a poetisa<\/p>\n<p>C\u00e9lia,<\/p>\n<p>l\u00e1 no<\/p>\n<p>sindicato<\/p>\n<p>de todos n\u00f3s professores,<\/p>\n<p>nos<\/p>\n<p>cumprimentou<\/p>\n<p>(a mim e a meu filho Pablo)<\/p>\n<p>mais que<\/p>\n<p>educadamente<\/p>\n<p>(generosamente, at\u00e9),<\/p>\n<p>com as duas m\u00e3os<\/p>\n<p>espal-<\/p>\n<p>dadas<\/p>\n<p>no sentido<\/p>\n<p>das nuvens dos<\/p>\n<p>c\u00e9us&#8230;,<\/p>\n<p style=\"padding-left: 60px;\">EU ME<\/p>\n<p style=\"padding-left: 60px;\">ALEMBREI,<\/p>\n<p style=\"padding-left: 60px;\">PELA IMAGINA\u00c7\u00c3O,<\/p>\n<p style=\"padding-left: 60px;\">DE SUA M\u00c3E E<\/p>\n<p style=\"padding-left: 60px;\">DE MINHA M\u00c3E<\/p>\n<p style=\"padding-left: 60px;\">DONA NIN\u00c1<\/p>\n<p style=\"padding-left: 60px;\">D\u2019TAPERO\u00c1 E<\/p>\n<p style=\"padding-left: 60px;\">DE TODAS AS NOSSAS M\u00c3ES,<\/p>\n<p style=\"padding-left: 60px;\">JUNTAS,<\/p>\n<p style=\"padding-left: 60px;\">ORANDO,<\/p>\n<p style=\"padding-left: 60px;\">PELO MUNDO AFORA<\/p>\n<p style=\"padding-left: 60px;\">(TAL A COMPANHEIRA DO<\/p>\n<p style=\"padding-left: 60px;\">POETA CAMARADA<\/p>\n<p style=\"padding-left: 60px;\">JO\u00c3O CABRAL DE MELO NETO),<\/p>\n<p style=\"padding-left: 60px;\">ORANDO<\/p>\n<p style=\"padding-left: 60px;\">PARA TODOS N\u00d3S<\/p>\n<p style=\"padding-left: 60px;\">SERMOS<\/p>\n<p style=\"padding-left: 60px;\">FELIZES.<\/p>\n<p align=\"right\">UFPB, Campus 1,<\/p>\n<p align=\"right\">Jo\u00e3o Pessoa, 20.03.2010&#8243;<\/p>\n<p style=\"text-align: left;\">\n<p style=\"text-align: left;\"><strong>\u00caH, CARREGADOR<\/strong><br \/>\n<em>(Do nosso livro de poemas e letras de m\u00fasicas O INTERESSANTE DO DIA DE CADA DIA)<br \/>\nAutor: Antonio Gomes<\/em><\/p>\n<p>\u00cah, homemboi,<br \/>\n&#8211; carrega dor &#8211;<br \/>\nque o mundo obriga<br \/>\na n\u00e3o menos.<\/p>\n<p>\u00cah, carregador,<br \/>\n&#8211; boihomem &#8211;<br \/>\ntransporta na cabe\u00e7a<br \/>\no que os membros do corpo social<br \/>\npagam<br \/>\npara &#8211; sozinhos &#8211; consumir.<\/p>\n<p>\u00cah, homemboi,<br \/>\nO MUNDO N\u00c3O MUDA N\u00c3O?<\/p>\n<p>O terr\u00edvel,<br \/>\ncarregador,<br \/>\nn\u00e3o \u00e9 suportar no cr\u00e2nio o peso,<br \/>\nem balaio,<br \/>\ndo p\u00e3o de cada dia &#8211; dos outros!<\/p>\n<p>N\u00e3o h\u00e1 dor em tom maior<br \/>\nque a que o corpo ronca<br \/>\nem tempo de boi sem pastagem!!!<\/p>\n<p><strong><br \/>\nQUE \u00c9 UM SOL?<\/strong><br \/>\n<em>(Do nosso livro de poemas e letras de m\u00fasicas\u00a0 MEIO TEMPO MEIO MUNDO)<br \/>\nAutor: Antonio Gomes<\/em><\/p>\n<p>Maria de fome chorou,<br \/>\nMaria ontem chorou,<br \/>\nChorou de fome Maria.<\/p>\n<p>&#8230;&#8230;&#8230;&#8230;&#8230;&#8230;&#8230;&#8230;&#8230;&#8230;&#8230;&#8230;<br \/>\nMaria acordava com fome,<br \/>\nE no horizonte se via<br \/>\nQue o sol gigante surgia&#8230;<\/p>\n<p>Mas, que \u00e9 o sol,<br \/>\nQue \u00e9 um sol pra Maria?<\/p>\n","protected":false},"excerpt":{"rendered":"<p>NO COSMO DO CAMPUS Dedica Antonio Gomes \u00e0 multipoetisa C\u00e9lia Lopes. Quando a poetisa C\u00e9lia, l\u00e1 no sindicato de todos n\u00f3s professores, nos cumprimentou (a mim e a meu filho Pablo) mais que educadamente (generosamente, at\u00e9), com as duas m\u00e3os espal- dadas no sentido das nuvens dos c\u00e9us&#8230;, EU ME ALEMBREI, PELA IMAGINA\u00c7\u00c3O, DE SUA&hellip;<\/p>\n","protected":false},"author":3,"featured_media":0,"comment_status":"open","ping_status":"open","sticky":false,"template":"","format":"standard","meta":{"footnotes":""},"categories":[16],"tags":[],"class_list":["post-1261","post","type-post","status-publish","format-standard","hentry","category-artigos","category-16","description-off"],"_links":{"self":[{"href":"https:\/\/www.adufpb.org.br\/site\/wp-json\/wp\/v2\/posts\/1261","targetHints":{"allow":["GET"]}}],"collection":[{"href":"https:\/\/www.adufpb.org.br\/site\/wp-json\/wp\/v2\/posts"}],"about":[{"href":"https:\/\/www.adufpb.org.br\/site\/wp-json\/wp\/v2\/types\/post"}],"author":[{"embeddable":true,"href":"https:\/\/www.adufpb.org.br\/site\/wp-json\/wp\/v2\/users\/3"}],"replies":[{"embeddable":true,"href":"https:\/\/www.adufpb.org.br\/site\/wp-json\/wp\/v2\/comments?post=1261"}],"version-history":[{"count":5,"href":"https:\/\/www.adufpb.org.br\/site\/wp-json\/wp\/v2\/posts\/1261\/revisions"}],"predecessor-version":[{"id":1328,"href":"https:\/\/www.adufpb.org.br\/site\/wp-json\/wp\/v2\/posts\/1261\/revisions\/1328"}],"wp:attachment":[{"href":"https:\/\/www.adufpb.org.br\/site\/wp-json\/wp\/v2\/media?parent=1261"}],"wp:term":[{"taxonomy":"category","embeddable":true,"href":"https:\/\/www.adufpb.org.br\/site\/wp-json\/wp\/v2\/categories?post=1261"},{"taxonomy":"post_tag","embeddable":true,"href":"https:\/\/www.adufpb.org.br\/site\/wp-json\/wp\/v2\/tags?post=1261"}],"curies":[{"name":"wp","href":"https:\/\/api.w.org\/{rel}","templated":true}]}}