{"id":12245,"date":"2015-09-30T17:08:36","date_gmt":"2015-09-30T21:08:36","guid":{"rendered":"http:\/\/www.adufpb.org.br\/site\/?p=12245"},"modified":"2015-09-30T17:08:36","modified_gmt":"2015-09-30T21:08:36","slug":"reitora-garante-pagamento-de-salarios-a-professores-e-tecnico-administrativos","status":"publish","type":"post","link":"https:\/\/www.adufpb.org.br\/site\/reitora-garante-pagamento-de-salarios-a-professores-e-tecnico-administrativos\/","title":{"rendered":"Reitora garante pagamento de sal\u00e1rios a professores e t\u00e9cnico-administrativos"},"content":{"rendered":"<p dir=\"ltr\">A reitora da UFPB, Margareth Diniz, garantiu que os sal\u00e1rios dos professores e servidores t\u00e9cnico-administrativos da institui\u00e7\u00e3o referentes ao m\u00eas de setembro ser\u00e3o pagos normalmente no in\u00edcio de outubro. Segundo ela, a administra\u00e7\u00e3o central da universidade n\u00e3o recebeu at\u00e9 o momento qualquer documento oficial da Justi\u00e7a ou do Minist\u00e9rio P\u00fablico solicitando o corte de ponto dos funcion\u00e1rios.<\/p>\n<p dir=\"ltr\">As declara\u00e7\u00f5es da reitora foram feitas durante reuni\u00e3o com a ADUFPB e o Sintespb na manh\u00e3 desta quarta-feira (30\/9). A audi\u00eancia foi convocada pela pr\u00f3pria gestora e contou com a presen\u00e7a de quatro representantes de cada Sindicato. Em nome dos professores, participaram da reuni\u00e3o Jaldes Meneses, Marcelo Sitcovsky, Fernando Cunha (representando a diretoria da ADUFPB) e Cristine Hirsch (representando o Comando Local de Greve).<\/p>\n<p dir=\"ltr\">Os professores e t\u00e9cnico-administrativos da UFPB est\u00e3o em greve por melhores condi\u00e7\u00f5es de trabalho desde o dia 28 de maio. Na \u00faltima ter\u00e7a-feira (29\/9), ve\u00edculos de imprensa locais publicaram mat\u00e9ria dizendo que o Minist\u00e9rio P\u00fablico do Trabalho na Para\u00edba havia entrado com representa\u00e7\u00e3o na Procuradoria da Rep\u00fablica requerendo a abertura de procedimento preparat\u00f3rio contra a reitora Margareth Diniz e o pr\u00f3-reitor de Gest\u00e3o de Pessoas, Francisco Ramalho, por n\u00e3o terem efetuado o corte de ponto dos funcion\u00e1rios.<\/p>\n<p dir=\"ltr\">A reitora, no entanto, reafirma que n\u00e3o recebeu qualquer comunica\u00e7\u00e3o oficial sobre o assunto nem do Minist\u00e9rio P\u00fablico do Trabalho, nem de qualquer outro \u00f3rg\u00e3o de fiscaliza\u00e7\u00e3o. Al\u00e9m disso, a greve dos servidores continua dentro dos par\u00e2metros legais.<\/p>\n<p dir=\"ltr\">Margareth Diniz declarou, ainda, que levar\u00e1 o assunto para ser tratado na pr\u00f3xima reuni\u00e3o da Andifes (Associa\u00e7\u00e3o Nacional dos Dirigentes das Institui\u00e7\u00f5es Federais de Ensino Superior), que deve acontecer nos dias 6 e 7 de outubro.<\/p>\n<p dir=\"ltr\"><em>Fonte: Ascom ADUFPB<\/em><\/p>\n","protected":false},"excerpt":{"rendered":"<p>A reitora da UFPB, Margareth Diniz, garantiu que os sal\u00e1rios dos professores e servidores t\u00e9cnico-administrativos da institui\u00e7\u00e3o referentes ao m\u00eas de setembro ser\u00e3o pagos normalmente no in\u00edcio de outubro. Segundo ela, a administra\u00e7\u00e3o central da universidade n\u00e3o recebeu at\u00e9 o momento qualquer documento oficial da Justi\u00e7a ou do Minist\u00e9rio P\u00fablico solicitando o corte de ponto&hellip;<\/p>\n","protected":false},"author":3,"featured_media":0,"comment_status":"closed","ping_status":"closed","sticky":false,"template":"","format":"standard","meta":{"footnotes":""},"categories":[417],"tags":[649,132,618,387],"class_list":["post-12245","post","type-post","status-publish","format-standard","hentry","category-noticias-destaque","tag-corte-de-ponto","tag-greve","tag-reitora","tag-reitoria","category-417","description-off"],"_links":{"self":[{"href":"https:\/\/www.adufpb.org.br\/site\/wp-json\/wp\/v2\/posts\/12245","targetHints":{"allow":["GET"]}}],"collection":[{"href":"https:\/\/www.adufpb.org.br\/site\/wp-json\/wp\/v2\/posts"}],"about":[{"href":"https:\/\/www.adufpb.org.br\/site\/wp-json\/wp\/v2\/types\/post"}],"author":[{"embeddable":true,"href":"https:\/\/www.adufpb.org.br\/site\/wp-json\/wp\/v2\/users\/3"}],"replies":[{"embeddable":true,"href":"https:\/\/www.adufpb.org.br\/site\/wp-json\/wp\/v2\/comments?post=12245"}],"version-history":[{"count":2,"href":"https:\/\/www.adufpb.org.br\/site\/wp-json\/wp\/v2\/posts\/12245\/revisions"}],"predecessor-version":[{"id":12247,"href":"https:\/\/www.adufpb.org.br\/site\/wp-json\/wp\/v2\/posts\/12245\/revisions\/12247"}],"wp:attachment":[{"href":"https:\/\/www.adufpb.org.br\/site\/wp-json\/wp\/v2\/media?parent=12245"}],"wp:term":[{"taxonomy":"category","embeddable":true,"href":"https:\/\/www.adufpb.org.br\/site\/wp-json\/wp\/v2\/categories?post=12245"},{"taxonomy":"post_tag","embeddable":true,"href":"https:\/\/www.adufpb.org.br\/site\/wp-json\/wp\/v2\/tags?post=12245"}],"curies":[{"name":"wp","href":"https:\/\/api.w.org\/{rel}","templated":true}]}}