{"id":12230,"date":"2015-09-29T07:51:14","date_gmt":"2015-09-29T11:51:14","guid":{"rendered":"http:\/\/www.adufpb.org.br\/site\/?p=12230"},"modified":"2015-09-29T07:51:57","modified_gmt":"2015-09-29T11:51:57","slug":"comunicado-cng-n-o-43","status":"publish","type":"post","link":"https:\/\/www.adufpb.org.br\/site\/comunicado-cng-n-o-43\/","title":{"rendered":"COMUNICADO CNG N\u00ba 43"},"content":{"rendered":"<p align=\"JUSTIFY\">O Comando Nacional de Greve realizou reuni\u00e3o nos dias 19, 21, 22, 25 e 26 de setembro de 2015 com os seguintes pontos de pauta:<\/p>\n<p align=\"JUSTIFY\"><strong>01 \u2013\u00a0LISTA DE PRESENTES<\/strong><\/p>\n<p align=\"JUSTIFY\"><strong>02 \u2013 INFORMES<\/strong><\/p>\n<p align=\"JUSTIFY\"><strong>03 \u2013 AVALIA\u00c7\u00c3O<\/strong><\/p>\n<p align=\"JUSTIFY\"><strong>04 \u2013 ENCAMINHAMENTOS<\/strong><\/p>\n<p align=\"JUSTIFY\"><strong>05 \u2013 ANEXOS<\/strong><\/p>\n<p align=\"JUSTIFY\"><strong>06 \u2013\u00a0QUADRO ATUALIZADO DA DEFLAGRA\u00c7\u00c3O DA GREVE NAS IFE<\/strong><\/p>\n<p align=\"JUSTIFY\"><strong>01 \u2013 LISTA DE PRESENTES:<\/strong><\/p>\n<p align=\"JUSTIFY\"><strong>19\/09\/2015<\/strong>:\u00a0<strong>Diretoria:<\/strong>\u00a0Olga\u00edses Mau\u00e9s e Andr\u00e9 Rodrigues Guimar\u00e3es.\u00a0<strong>Delegados:<\/strong>Amazoneida S.P. Pinheiro (ADUA), Carlos Eduardo Ramos (SESDUF-RR), Francisco Orinaldo Pinto Santiago (SINDIFAP), Saulo Pinto (APRUMA), Ant\u00f4nio Luis Silva Souza (SINDIFPI-PI), Suene Honorato (ADUFC), Arturo Gouveia (ADUFPB), Maria de Lourdes Dion\u00edzio Santos (ADUC), Anderson David Gomes dos Santos (ADUFAL), Elyson \u00c1dan Nunes Carvalho (ADUFS), Selma Cristina Silva de Jesus (APUB), Nedelka S\u00f3lis Palma (ADUFOB), Fabiana Itaci Corr\u00eaa de Araujo (CLG- Goi\u00e1s), Vanessa C. Furtado (ADUFMAT), Mariuza A. C. Guimar\u00e3es (ADUFMS), Adeir Archanjo da Mota (ADUFDOURADOS), Elizabeth Barbosa (ADUFF), Gustavo C. Souza (ADUFLA), Allan Kenji Seki (CLG \u2013 UFSC),\u00a0<strong>Observadores:<\/strong>\u00a0Cristine Hirsch Monteiro (ADUFPB), Adriana Hessel Dalagassa (APUFPR Get\u00falio Silva Lemos (SEDUFSM).<\/p>\n<p align=\"JUSTIFY\"><strong>21\/09\/2015<\/strong>:\u00a0<strong>Diretoria:<\/strong>\u00a0Jacob Paiva, Olga\u00edses Mau\u00e9us e Andr\u00e9 Rodrigues Guimar\u00e3es.<strong>Delegados:<\/strong>\u00a0Andr\u00e9a Cristina Cunha Solim\u00f5es (ADUFPA), Francisco Orinaldo Pinto Santiago (SINDUFAP), Saulo Pinto (APRUMA), Ant\u00f4nio Luis da Silva Souza (SINDIFPI-PI), Arturo Gouveia (ADUFPB), Anderson David Gomes dos Santos (ADUFAL), Elyson \u00c1dan Nunes Carvalho (ADUFS), Selma Cristina Silva de Jesus (APUB),\u00a0Ant\u00f4nio Eduardo (APUR),\u00a0Nedelka S\u00f3lis Palma (ADUFOB), Vanessa C. Furtado (ADUFMAT), Adeir Archanjo da Mota (ADUFDOURADOS), Gustavo C. Souza (ADUFLA);\u00a0<strong>Observadores:<\/strong>\u00a0Cristine Hirsch Monteiro (ADUFPB) e Cla\u00fadio A. Tonegutti (APUFPR); e\u00a0<strong>Convidados:<\/strong>\u00a0Suene Honorato (ADUFC), Adriana Hessel Dalagassa (APUFPR), Josevaldo Pessoa da Cunha (ADUFCG), Jos\u00e9 Luiz Moraes (ADUFRA) e Elizandra Garcia da Silva (ADUA).<\/p>\n<p align=\"JUSTIFY\"><strong>22\/09\/2015<\/strong>:\u00a0<strong>Diretoria:<\/strong>\u00a0Jacob Paiva, Olga\u00edses Mau\u00e9us e Andr\u00e9 Rodrigues Guimar\u00e3es.<strong>Delegados:<\/strong>\u00a0Elizandra Garcia da Silva (ADUA), Carlos Eduardo Ramos (SESDUF-RR), Andr\u00e9a Cristina Cunha Solim\u00f5es (ADUFPA), Francisco Orinaldo Pinto Santiago (SINDUFAP), Saulo Pinto (APRUMA), Alyson Luiz Santos de Almeida (ADUFPI); Ant\u00f4nio Luis da Silva Souza (SINDIFPI-PI), Suene Honorato (ADUFC), Arturo Gouveia (ADUFPB),\u00a0Anderson David Gomes dos Santos (ADUFAL),\u00a0Elyson \u00c1dan Nunes Carvalho (ADUFS), Selma Cristina Silva de Jesus (APUB), Ant\u00f4nio Eduardo (APUR), Nedelka S\u00f3lis Palma (ADUFOB), Alair Silveira (ADUFMAT), Gustavo C. Souza (ADUFLA);\u00a0<strong>Observadores:<\/strong>\u00a0Cristine Hirsch Monteiro (ADUFPB), Gon\u00e7alo\u00a0 Adri\u00e1n Rojas (ADUFG), Vanessa C. Furtado (ADUFMAT) e Cla\u00fadio A. Tonegutti (APUFPR); e\u00a0<strong>Convidados:<\/strong>\u00a0Cl\u00e1udio Anselmo de Souza Mendon\u00e7a (APRUMA),\u00a0Adriana Hessel Dalagassa (APUFPR), Josevaldo Pessoa da Cunha (ADUFCG), Jos\u00e9 Luiz Moraes (ADUFRA).<\/p>\n<p align=\"JUSTIFY\"><strong>25\/09\/2015<\/strong>:\u00a0<strong>Diretoria:<\/strong>\u00a0Jacob Paiva, Andr\u00e9 Rodrigues Guimar\u00e3es, Claudia March, Paulo Rizzo e Amauri Fragoso de Medeiros.\u00a0<strong>Delegados:<\/strong>\u00a0Jos\u00e9 S\u00e1vio da Costa Maia (ADUFAC), Elizandra Garcia da Silva (ADUA), Carlos Eduardo Ramos (SESDUF-RR), Andr\u00e9a Cristina Cunha Solim\u00f5es (ADUFPA), Jos\u00e9 Luiz Moraes (ADUFRA), Silvana de Souza Lourinho (SINDUNIFESSPA-SSIND), Francisco Orinaldo Pinto Santiago (SINDUFAP) substitu\u00eddo \u00e0s 10:30 horas por Camila Soares Lippi (SINDUFAP), Saulo Pinto (APRUMA), Alyson Luiz Santos de Almeida (ADUFPI), Marcos Fernandes Lima (SINDIFPI-PI), Thiago Arruda Q. Lima (ADUFERSA), ,\u00a0Josevaldo Pessoa da Cunha (ADUFCG), Sofia Dion\u00edzio Santos (ADUC), Anderson David Gomes dos Santos (ADUFAL),\u00a0Benedito Carlos Ara\u00fajo (ADUFS), Selma Cristina Silva de Jesus (APUB), Ant\u00f4nio Eduardo Alves Oliveira (APUR), Nedelka S\u00f3lis Palma (ADUFOB), Marco A. Escher (ASPESJF), Gustavo C. Souza (ADUFLA), Isabela Vit\u00f3ria Pedroso (ADUFF) e Maria do C\u00e9u de Lima (ADUFC).\u00a0<strong>Observadores:<\/strong>\u00a0Cristiano Bonneau (ADUFPB), J\u00falio C\u00e9zar Gandarela Rezende (ADUFS), Elizabeth Barbosa (ADUFF), Davi L. Pantoja (ADUFPI) e Cla\u00fadio Antonio Tonegutti (APUFPR).\u00a0<strong>Convidados:<\/strong>\u00a0Adriana Hessel Dalagassa (APUFPR), Alexandre L. Gaselha (APUB), Bernardo Ordo\u00f1ez (APUB), Jailson Alves dos Santos (APUB), Maise Caroline Zucco (APUB), Tatiane Ara\u00fajo dos Santos (APUB), Mariana Costa da Silva (APUB (APUB), Liliane Elze Falc\u00e3o Linz Kusterer (APUB), Sandra C. Siqueira (APUB), Lana Bleicher (APUB), Marcos Vin\u00edcius Ara\u00fajo e Davi L. Pantoja (ADUFPI).<\/p>\n<p align=\"JUSTIFY\"><strong>26\/09\/2015<\/strong>:\u00a0<strong>Diretoria:\u00a0<\/strong>Jacob Paiva, Amauri Fragoso, Andr\u00e9 Rodrigues Guimar\u00e3es e Claudia March.\u00a0<strong>Delegados:<\/strong>\u00a0Jos\u00e9 S\u00e1vio da Costa Maia (ADUFAC), Elizandra Garcia da Silva (ADUA), Carlos Eduardo Ramos (SESDUF-RR), Andr\u00e9a Cristina Cunha Solim\u00f5es (ADUFPA), Jos\u00e9 Luiz Moraes (ADUFRA), Silvana de Sousa Lourinho (SINDUNIFESSPA-SSIND), Camila Soares Lippi (SINDUFAP), Saulo Pinto (APRUMA), Marcos Fernandes Lima (SINDIFPI-PI), Thiago Arruda Q. Lima (ADUFERSA), Eduardo H. de L. Guimar\u00e3es (ADUFPB), Sofia Dionizio Santos (ADUC), Benedito Carlos Lib\u00f3rio C. Ara\u00fajo (ADUFS), Selma Cristina Silva de Jesus (APUB), Ant\u00f4nio Eduardo Alves de Oliveira (APUR), Nedelka Solis Palma (ADUFOB), Vanessa C. Furtado (ADUFMAT), Gustavo C. Souza (ADUFLA), Isabella Vit\u00f3ria C. P. Pedroso (ADUFF), Maria do C\u00e9u de Lima (ADUFC-SINDICATO).\u00a0<strong>Observadores:<\/strong>\u00a0Davi Lima Pantoja Leite (ADUFPI), Cristiano Bonneau (ADUFPB), J\u00falio C\u00e9zar Gandarela Rezende (ADUFS), Claudio Antonio Tonegutti (APUFPR).<\/p>\n<p align=\"JUSTIFY\"><strong>02 \u2013 INFORMES:<\/strong><\/p>\n<p align=\"JUSTIFY\"><strong>22\/09\/2015:<\/strong>\u00a0Informes da Reuni\u00e3o do F\u00f3rum das Entidades Nacionais dos SPF do dia 21\/09\/2015<\/p>\n<p align=\"JUSTIFY\">A reuni\u00e3o foi realizada na sede do ANDES-SN, teve in\u00edcio \u00e0s 18h50min e os trabalhos da Mesa Diretora ficaram sob responsabilidade do ANDES-SN (Jacob Paiva), CSP\/CONLUTAS (Saulo Arcangeli), SINASEFE (Eug\u00eania Tavares Martins) a relatoria por Marcelo Vargas (CNESF). Entidades presentes:\u00a0<strong>CNG\/ANDES-SN; ANFFA-Sindical; ASFOC-SN; ASMETRO-SN; CONDSEF; CSP\/CONLUTAS; C.T.B; CUT; FASUBRA; FENASPS; PROIFES ; SINAL; SINASEFE.<\/strong>\u00a0observadoras:\u00a0<strong>ANESP-Sindical e SINAG\u00caNCIAS.<\/strong><\/p>\n<p align=\"JUSTIFY\">Delibera\u00e7\u00f5es: concentra\u00e7\u00e3o no Minist\u00e9rio da Fazenda bloco \u201cP\u201d, as 09 horas e depois seguir para o MPOG bloco \u201cK\u201d ; \u00c1s 15 horas do dia 23.9.15, representantes das Entidades do F\u00f3rum devem se concentrar na Chapelaria do Congresso Nacional para protocolar, na C\u00e2mara e no Senado, Carta do F\u00f3rum com o Manifesto contr\u00e1rio ao pacote de ajuste do governo. As tr\u00eas Centrais (CTB, CSP-CONLUTAS e CUT) far\u00e3o contato com parlamentares para pedir apoio ao ato de entrega da carta\/manifesto e \u00e0 nossa campanha salarial; A Comiss\u00e3o de Organiza\u00e7\u00e3o do ato (ANDES-SN, CONDSEF, CUT, CSP\/CONLUTAS) ficou de providenciar caf\u00e9 da manh\u00e3, \u00e1gua, banheiro qu\u00edmico e alimenta\u00e7\u00e3o (almo\u00e7o); as entidades ficaram de informar as demandas de caf\u00e9 da manh\u00e3 e de almo\u00e7o para a coordena\u00e7\u00e3o do ato at\u00e9 o meio dia do dia 22-09; Ficou marcada uma reuni\u00e3o da coordena\u00e7\u00e3o do ato \u00e0s 14h na CONDSEF; foi deliberado que as despesas do ato do 23-09 ser\u00e3o rateadas entre as entidades do F\u00f3rum; Como suporte ao ato, a CONDSEF ir\u00e1 montar barraca em frente ao Minist\u00e9rio da Fazenda\/ Bloco P e o SINASEFE ir\u00e1 montar outra barraca no MPOG \/ Bloco K; As Centrais devem elaborar o documento pedindo nova audi\u00eancia para SRT\/MPOG e protocolar no dia 22\/09, enviando a c\u00f3pia do protocolo para CNESF que a repassar\u00e1 para entidades; ANDES-SN e CUT ficaram de finalizar a proposta do Manifesto e envi\u00e1-la \u00e0 CNESF, que o repassar\u00e1 \u00e0s entidades, que ter\u00e3o at\u00e9 \u00e0s 17h para fazer ajustes. A CNESF deve repassar as sugest\u00f5es para as duas entidades respons\u00e1veis. A vers\u00e3o final dever\u00e1 ser enviada \u00e0 CNESF para repassar \u00e0s demais entidades; As tr\u00eas Centrais ir\u00e3o definir sobre a manuten\u00e7\u00e3o ou altera\u00e7\u00e3o da reuni\u00e3o pr\u00e9-agendada para o dia 28-09, na qual devem discutir com demais sindicatos o indicativo de greve geral; A coordena\u00e7\u00e3o pol\u00edtica do ato ser\u00e1 de responsabilidade das entidades organizadoras; A pr\u00f3xima reuni\u00e3o do F\u00f3rum ficou de ser definida ao final do Ato do dia 23.9.15.<\/p>\n<p align=\"JUSTIFY\"><strong>25\/09\/2015<\/strong>: Manifesta\u00e7\u00e3o dos SPF e MTST<\/p>\n<p align=\"JUSTIFY\">O dia 23 de setembro foi convocado pelo F\u00f3rum das Entidades Nacionais de Servidores Federais, como dia nacional de paralisa\u00e7\u00e3o, com atos nos estados e manifesta\u00e7\u00e3o em Bras\u00edlia contra o pacote de cortes or\u00e7ament\u00e1rios do governo federal e tamb\u00e9m para pressionar o governo pela reabertura de negocia\u00e7\u00f5es com os servidores p\u00fablicos federais (SPF). Atendendo ao chamado do F\u00f3rum dos SPF, o CNG do ANDES-SN orientou a vinda de caravanas dos docentes \u00e0 manifesta\u00e7\u00e3o na capital federal. Em Bras\u00edlia, a manifesta\u00e7\u00e3o, que reuniu mais de duas mil pessoas, entre servidores e integrantes do Movimento dos Trabalhadores Sem Teto (MTST) e o movimento estudantil foi feita pela manh\u00e3 em frente ao Minist\u00e9rio da Fazenda. No per\u00edodo da tarde, uma comiss\u00e3o com representantes do F\u00f3rum dos SPF estregou uma Carta no Congresso Nacional, um manifesto p\u00fablico de rejei\u00e7\u00e3o do F\u00f3rum dos SPF ao pacote de ajustes do governo federal, apontando sa\u00eddas para a crise fiscal que n\u00e3o retirem direitos dos trabalhadores, como a auditoria da d\u00edvida p\u00fablica e a taxa\u00e7\u00e3o de grandes fortunas. Pela manh\u00e3, integrantes do Movimento dos Trabalhadores Sem Teto (MTST) ocuparam o Minist\u00e9rio da Fazenda. Policiais Militares agiram com viol\u00eancia diante da ocupa\u00e7\u00e3o realizada pelo MTST, com o uso de g\u00e1s lacrimog\u00eaneo para expulsar os manifestantes do pr\u00e9dio. Os PM montaram um cord\u00e3o de isolamento na frente do pr\u00e9dio e, mesmo com a desocupa\u00e7\u00e3o, intimidaram os manifestantes com g\u00e1s lacrimog\u00eaneo durante toda a manifesta\u00e7\u00e3o que ocorreu em frente \u00e0 portaria do pr\u00e9dio.<\/p>\n<p align=\"JUSTIFY\">Enquanto ocorria a manifesta\u00e7\u00e3o no Minist\u00e9rio da Fazenda, integrantes do Movimento Sem Terra (MST) protestaram em frente ao Minist\u00e9rio da Educa\u00e7\u00e3o (MEC) contra os cortes no or\u00e7amento na \u00e1rea da Educa\u00e7\u00e3o e a favor da reforma agr\u00e1ria. Os manifestantes protocolaram um documento com reivindica\u00e7\u00f5es no MEC e depois seguiram pelo Eixo Monumental at\u00e9 a Pra\u00e7a dos Tr\u00eas Poderes e depois ocuparam tamb\u00e9m o Minist\u00e9rio de Desenvolvimento Agr\u00e1rio.<\/p>\n<p align=\"JUSTIFY\"><strong>Reuni\u00e3o de professores<\/strong><\/p>\n<p align=\"JUSTIFY\">No per\u00edodo da tarde, os professores participantes das atividades, fizeram uma reuni\u00e3o que avaliou o ato da manh\u00e3, debateu a conjuntura da greve e o ato do dia seguinte. Esta reuni\u00e3o contribuiu para a avalia\u00e7\u00e3o que o CNG fez e que consta deste comunicado.<\/p>\n<p align=\"JUSTIFY\"><strong>Atos no MPOG e no MEC<\/strong><\/p>\n<p align=\"JUSTIFY\">Pela manh\u00e3, os professores e estudantes que participaram das caravanas, concentraram-se em frente ao Minist\u00e9rio do Planejamento, Or\u00e7amento e Gest\u00e3o (MPOG) para se manifestarem junto \u00e0 Secretaria de Rela\u00e7\u00f5es de Trabalho (SRT-MPOG). Foi solicitada realiza\u00e7\u00e3o de reuni\u00e3o com o Secret\u00e1rio, o que n\u00e3o ocorreu naquele momento e os representantes do CNG, ent\u00e3o, n\u00e3o subiram \u00e0 Secretaria e se comunicaram por telefone com Vladmir Nepomuceno, Assessor da SRT. Este informou que o ANDES-SN receberia, naquele dia, of\u00edcio com nova proposta do governo, o que se concretizou (Of\u00edcio SEI n\u00ba 11976\/2015-MP) e, na conversa foi insistido que o governo marcasse reuni\u00e3o no in\u00edcio na pr\u00f3xima semana e o referido assessor respondeu que a reuni\u00e3o ser\u00e1 convocada ap\u00f3s cada uma das entidades (Andes-SN, Sinasefe, Proifes) responder o mencionado Of\u00edcio e ele disse que est\u00e3o dispostos a convocar para o in\u00edcio da semana.<\/p>\n<p align=\"JUSTIFY\">Pela tarde, ap\u00f3s a sa\u00edrem do MPOG, os manifestantes dirigiram-se ao MEC, onde um grupo de 16 professores, em a\u00e7\u00e3o coordenada pelo CNG, acabava de ocupar a entrada do gabinete do Ministro, no oitavo andar, fazendo a exig\u00eancia de que ele recebesse o CNG.<\/p>\n<p align=\"JUSTIFY\">Os demais manifestantes se concentraram na porta do minist\u00e9rio, onde foram reprimidos pela Pol\u00edcia Militar com g\u00e1s de pimenta e cassetetes, for\u00e7ando o afastamento dos manifestantes das proximidades da porta do Minist\u00e9rio.<\/p>\n<p align=\"JUSTIFY\">Nas negocia\u00e7\u00f5es estabelecidas, o MEC definiu que o Secret\u00e1rio da SESU receberia os manifestantes, mas exigia a desocupa\u00e7\u00e3o da entrada do gabinete do Ministro. Os professores mantiveram a ocupa\u00e7\u00e3o enquanto ocorria a reuni\u00e3o com o Secret\u00e1rio.<\/p>\n<p align=\"JUSTIFY\">Al\u00e9m da representa\u00e7\u00e3o dos professores, dois estudantes participaram da reuni\u00e3o com o Secret\u00e1rio. Nela foi reiterada a necessidade de o Ministro receber o Andes-SN. O Secret\u00e1rio da SESU conversou com o Secret\u00e1rio Geral do MEC, que afirmou que s\u00f3 trataria de reuni\u00e3o com o Ministro ap\u00f3s a desocupa\u00e7\u00e3o. Terminada a reuni\u00e3o, os participantes levaram a informa\u00e7\u00e3o aos ocupantes da entrada do gabinete. A ocupa\u00e7\u00e3o se manteve e s\u00f3 terminou ap\u00f3s a obten\u00e7\u00e3o da informa\u00e7\u00e3o de que ser\u00e1 marcada reuni\u00e3o com o Ministro em cinco de outubro.<\/p>\n<p align=\"JUSTIFY\"><strong>03 \u2013 AVALIA\u00c7\u00c3O:<\/strong><\/p>\n<p align=\"CENTER\"><a name=\"_GoBack\"><\/a><strong>Manter a luta unit\u00e1ria em defesa da educa\u00e7\u00e3o p\u00fablica e dos direitos sociais: perspectivas da greve nacional dos docentes federais<\/strong><\/p>\n<p align=\"JUSTIFY\">Os dias 23 e 24 de setembro de 2015 foram marcados por atos contundentes, protagonizados pelo CNG-ANDES-SN e outras entidades do movimento sindical e popular. A\u00e7\u00f5es pol\u00edticas radicalizadas foram realizadas em Bras\u00edlia\/DF, no Minist\u00e9rio da Fazenda, MPOG e MEC. Tamb\u00e9m em diversos estados, houve a\u00e7\u00f5es nas IFE e em \u00f3rg\u00e3os federais, como parte dessa mesma agenda de mobiliza\u00e7\u00e3o. Esses atos foram constru\u00eddos como forma de pressionar o governo federal contra a pol\u00edtica de \u201cajuste fiscal\u201d, para expressar nosso rep\u00fadio e indigna\u00e7\u00e3o frente aos pacotes econ\u00f4micos e ataques aos direitos sociais, bem como, em nossas reivindica\u00e7\u00f5es espec\u00edficas, defender a educa\u00e7\u00e3o p\u00fablica e exigir resposta \u00e0 nossa pauta.<\/p>\n<p align=\"JUSTIFY\">No primeiro dia, conforme constru\u00e7\u00e3o do F\u00f3rum das Entidades Nacionais dos Servidores P\u00fablicos Federais, ocorreu Manifesta\u00e7\u00e3o Nacional dos SPF em Bras\u00edlia. Essa a\u00e7\u00e3o, que envolveu mais de dois mil manifestantes, se realizou em unidade com o Movimento dos Trabalhadores Sem Teto (MTST) e contou com a participa\u00e7\u00e3o do movimento estudantil. Em resposta \u00e0 convoca\u00e7\u00e3o do CNG-ANDES-SN mais de 150 docentes das IFE, em caravanas de v\u00e1rios estados, participaram dos atos. O MTST ocupou o Minist\u00e9rio da Fazenda e foi violentamente reprimido pela Pol\u00edcia Militar na a\u00e7\u00e3o de desocupa\u00e7\u00e3o. Mesmo debaixo de spray de pimenta e cassetetes, os manifestantes n\u00e3o se retiraram da luta e mantiveram o ato na entrada do Minist\u00e9rio durante todo o dia.<\/p>\n<p align=\"JUSTIFY\">Paralelamente, 1.500 militantes e apoiadores do MST (Movimento dos Trabalhadores Rurais Sem Terra), participantes do 2\u00ba ENERA (Encontro Nacional dos Educadores da Reforma Agr\u00e1ria), realizaram, em Bras\u00edlia, Marcha na Esplanada dos Minist\u00e9rios, com interven\u00e7\u00e3o no MEC e ocupa\u00e7\u00e3o do Minist\u00e9rio da Agricultura Pecu\u00e1ria e Abastecimento.<\/p>\n<p align=\"JUSTIFY\">Ainda no dia 23 os docentes realizaram reuni\u00e3o ampliada em Bras\u00edlia para debater a conjuntura, avaliar as a\u00e7\u00f5es realizadas ao longo do dia, apontando a necessidade de radicaliza\u00e7\u00e3o no ato do dia seguinte.<\/p>\n<p align=\"JUSTIFY\">No dia 24, ent\u00e3o, a\u00e7\u00f5es coordenadas pelo CNG-ANDES-SN foram realizadas por docentes e estudantes nos pr\u00e9dios do MPOG e MEC. Em rela\u00e7\u00e3o ao MPOG, o ato realizado arrancou do governo o compromisso de agendamento de nova reuni\u00e3o, a ocorrer no in\u00edcio da semana seguinte, bem como envio de of\u00edcio com proposta do governo aos docentes federais.<\/p>\n<p align=\"JUSTIFY\">Na proposta enviada ao ANDES-SN, Of\u00edcio SEI n\u00ba 11976\/2015-MP (anexo 1), da mesma forma que ocorreu com outras categorias, o governo reduziu o parcelamento do reajuste de 4 para 2 anos, manteve os \u00edndices abaixo da infla\u00e7\u00e3o (previstos para 2016 e 2017 \u2013 5,5% e 5%, respectivamente) e adiou para agosto a primeira parcela. O Sindicato Nacional ent\u00e3o encaminhou, em 26\/09\/15 Carta n\u00ba 204\/2015 (anexo 2), reafirmando a disposi\u00e7\u00e3o de negocia\u00e7\u00e3o nos termos aprovados pela categoria, conforme (anexo 3), e cobrando, para tal, o agendamento da reuni\u00e3o conforme compromisso assumido pela SRT\/MPOG no dia 24\/09\/15. Cabe destacar que na mesa de negocia\u00e7\u00e3o o CNG apresentar\u00e1 os termos dos documentos j\u00e1 protocolados e qualquer resultado desse processo ser\u00e1 remetido para aprecia\u00e7\u00e3o de nossas assembleias.<\/p>\n<p align=\"JUSTIFY\">Ao final do ato no MPOG os docentes e estudantes seguiram para o MEC, l\u00e1 instalando ato radicalizado, com o an\u00fancio da ocupa\u00e7\u00e3o, por representantes do CNG-ANDES-SN, da entrada do Gabinete do Ministro da Educa\u00e7\u00e3o (no 8\u00ba andar do pr\u00e9dio). Enquanto isso, os demais manifestantes, docentes e estudantes, ocuparam a entrada do MEC, resistindo bravamente a mais agress\u00f5es f\u00edsicas da PM.<\/p>\n<p align=\"JUSTIFY\">Sem d\u00favida, a radicalidade com que o CNG-ANDES-SN empenhou suas a\u00e7\u00f5es foi respons\u00e1vel pela realiza\u00e7\u00e3o de reuni\u00e3o do ANDES-SN com o Secret\u00e1rio de Ensino Superior, Jesualdo Farias, com a participa\u00e7\u00e3o tamb\u00e9m de estudantes. Nessa reuni\u00e3o, o ANDES-SN reivindicou resposta \u00e0 Carta protocolada no dia 18\/09\/2015, com os novos elementos de negocia\u00e7\u00e3o dos docentes federais em greve. O Secret\u00e1rio mais uma vez destacou que a discuss\u00e3o sobre as quest\u00f5es referentes \u00e0 reestrutura\u00e7\u00e3o da carreira e concurso p\u00fablico para docentes devem ser tratadas em mesa setorial no MPOG. A SESu\/MEC tamb\u00e9m reafirmou que os cortes no or\u00e7amento da educa\u00e7\u00e3o s\u00e3o inevit\u00e1veis e apontou que n\u00e3o tem dimens\u00e3o dos impactos que produzir\u00e3o nas IFE. O que se evidencia \u00e9 a completa submiss\u00e3o do MEC, e das pol\u00edticas educacionais, \u00e0 pol\u00edtica econ\u00f4mica do governo federal.<\/p>\n<p align=\"JUSTIFY\">Diante da omiss\u00e3o do MEC em estabelecer negocia\u00e7\u00e3o com os docentes federais, em greve h\u00e1 120 dias, os manifestantes decidiram que a ocupa\u00e7\u00e3o continuaria at\u00e9 que fosse agendada reuni\u00e3o com o ministro Renato Janine. A a\u00e7\u00e3o radicalizada e a disposi\u00e7\u00e3o de luta dos docentes e estudantes arrancou o compromisso do governo de que tal reuni\u00e3o ocorrer\u00e1 em 05\/10\/2015 e, ent\u00e3o, o pr\u00e9dio foi desocupado. A avalia\u00e7\u00e3o do CNG-ANDES-SN \u00e9 de que as a\u00e7\u00f5es realizadas no MPOG e especialmente no MEC cumpriram um papel importante em nossa luta. Ainda que n\u00e3o tenhamos expectativas elevadas em rela\u00e7\u00e3o ao avan\u00e7o de nossa pauta espec\u00edfica, o compromisso de realiza\u00e7\u00e3o da reuni\u00e3o com o ministro representa uma vit\u00f3ria pol\u00edtica frente \u00e0 completa omiss\u00e3o de Renato Janine perante a greve da educa\u00e7\u00e3o federal.<\/p>\n<p align=\"JUSTIFY\">Na conjuntura atual, \u00e9 necess\u00e1rio manter a mobiliza\u00e7\u00e3o contra diversas medidas de car\u00e1ter privatista tomada pelos poderes do Estado. A afirma\u00e7\u00e3o da constitucionalidade das Organiza\u00e7\u00f5es Sociais pelo STF, a tramita\u00e7\u00e3o do PLC 77\/2015 que disp\u00f5e sobre o est\u00edmulo \u00e0 ci\u00eancia, tecnologia e inova\u00e7\u00e3o, a Proposta de Emenda Constitucional 395\/2014, dentre outras medidas, configuram-se em uma dura investida contra o car\u00e1ter p\u00fablico e gratuito da educa\u00e7\u00e3o superior. A aprova\u00e7\u00e3o, pela Comiss\u00e3o Especial, da PEC 395\/2015, do Parecer, com texto substitutivo, representa mais um passo dessa ofensiva. O texto aprovado, que vai ao Plen\u00e1rio, amplia a privatiza\u00e7\u00e3o das IES p\u00fablicas, atacando frontalmente o seu car\u00e1ter p\u00fablico\/gratuito, ao permitir que sejam ofertados de forma \u201cn\u00e3o gratuita\u201d cursos de extens\u00e3o, especializa\u00e7\u00e3o e mestrado profissional, legalizando assim a cobran\u00e7a de taxas e de mensalidades. A luta contra a aprova\u00e7\u00e3o da PEC 395\/2014 deve ser intensificada, com press\u00e3o junto aos parlamentares federais nos estados e no Congresso Nacional.<\/p>\n<p align=\"JUSTIFY\">Diante dos duros e sucessivos cortes nas \u00e1reas sociais, reafirmados atrav\u00e9s do \u201cpacota\u00e7o\u201d anunciado neste m\u00eas de setembro, nossa greve tem cumprido papel fundamental, na defesa da educa\u00e7\u00e3o p\u00fablica e da carreira docente, articulada \u00e0 valoriza\u00e7\u00e3o do servi\u00e7o p\u00fablico em geral e \u00e0 garantia dos direitos sociais. As medidas anunciadas pelos ministros da Fazenda e do Planejamento incluem a PEC 139\/2015 que extingue o abono perman\u00eancia dos servidores p\u00fablicos federais e a suspens\u00e3o de concursos p\u00fablicos para os tr\u00eas poderes, medidas que avan\u00e7am na perspectiva do desmonte do servi\u00e7o p\u00fablico. Assim, a mobiliza\u00e7\u00e3o de nossa categoria tem representado importante aspecto da imprescind\u00edvel resist\u00eancia \u00e0 pol\u00edtica de \u201cajuste fiscal\u201d \u2013 em a\u00e7\u00f5es organizadas conjuntamente com os estudantes, as diversas outras categorias de trabalhadores, em especial os SPF, e demais movimentos sociais.<\/p>\n<p align=\"JUSTIFY\">Ao longo da Campanha Salarial Unificada 2015 a unidade no F\u00f3rum das Entidades Nacionais dos SPF cumpriu importante papel. Atrav\u00e9s do F\u00f3rum, foi poss\u00edvel realizar amplas mobiliza\u00e7\u00f5es nacionais, o que possibilitou poder de press\u00e3o ampliado dos servidores federais. O entendimento destacado desde o in\u00edcio dessa campanha salarial era que qualquer resposta \u00e0s reivindica\u00e7\u00f5es espec\u00edficas estariam condicionadas \u00e0 unidade dos SPF. Por\u00e9m, dentre as dificuldades da constru\u00e7\u00e3o desse processo, mais evidenciadas por ocasi\u00e3o do desfecho da campanha salarial unificada deste ano, sempre esteve presente a diversidade dos processos pol\u00edticos e organizativos das entidades que comp\u00f5em o F\u00f3rum, sobretudo no que se refere a posicionamentos de blindagem do governo. Al\u00e9m disso, o governo atuou fortemente para enfraquecer o F\u00f3rum, resistindo a reunir-se com ele para tratar da pauta unificada.<\/p>\n<p align=\"JUSTIFY\">Outro elemento a ser avaliado em rela\u00e7\u00e3o \u00e0 luta unit\u00e1ria dos SPF refere-se \u00e0 quest\u00e3o da articula\u00e7\u00e3o nos estados, a partir do enraizamento do F\u00f3rum. Ainda que tenham ocorrido importantes a\u00e7\u00f5es conjuntas locais, faz-se necess\u00e1rio um maior n\u00edvel de articula\u00e7\u00e3o pela base para levar a outro patamar a mobiliza\u00e7\u00e3o.<\/p>\n<p align=\"JUSTIFY\">O CNG-ANDES-SN avalia que neste momento da Campanha Salarial, essa unidade demonstra limites. Algumas entidades j\u00e1 indicaram que ir\u00e3o assinar acordo, em mesas setoriais, o que inclui aceita\u00e7\u00e3o do \u00edndice apresentado pelo governo, de 10,8% (5,5% em agosto de 2016 e 5% em janeiro de 2017), diferentemente do que foi aprovado pelo F\u00f3rum. A FASUBRA aprovou a sa\u00edda da greve com a indica\u00e7\u00e3o de assinatura de acordo. A CONDSEF tamb\u00e9m j\u00e1 aprovou a aceita\u00e7\u00e3o da proposta do governo. O CNG da FENASPS aprovou a indica\u00e7\u00e3o de suspens\u00e3o do movimento paredista, mas destacou que considera insuficiente a proposta do governo e que far\u00e1 reuni\u00e3o com outras entidades representativas dos trabalhadores da Previd\u00eancia, Sa\u00fade e Trabalho, para posterior audi\u00eancia com o governo.<\/p>\n<p align=\"JUSTIFY\">Outras entidades dos SPF tamb\u00e9m apontam a sa\u00edda da greve. O SINASEFE aprovou o indicativo de sa\u00edda de greve para 30\/09, a ser deliberado em Plen\u00e1ria Nacional nos dias 26 e 27\/09. O CNG da FENAJUFE deliberou pela indica\u00e7\u00e3o para as bases da suspens\u00e3o organizada da greve e manuten\u00e7\u00e3o do estado de greve.<\/p>\n<p align=\"JUSTIFY\">Diante desse cen\u00e1rio, defendemos, para al\u00e9m da Campanha Salarial Unificada 2015, a necessidade da manuten\u00e7\u00e3o do F\u00f3rum das Entidades Nacionais dos SPF e de a\u00e7\u00f5es unit\u00e1rias com o conjunto dos trabalhadores em defesa dos direitos sociais. Sem as lutas conjuntas os ataques empreendidos ser\u00e3o ainda mais duros e abrangentes. Est\u00e1 claro que apenas atrav\u00e9s da articula\u00e7\u00e3o do conjunto dos trabalhadores \u00e9 poss\u00edvel barrar a continuidade dessas medidas. Diante dos elementos que apontam para a continuidade desta pol\u00edtica neoliberal, \u00e9 preciso destacar que, para al\u00e9m da greve, \u00e9 necess\u00e1rio que a luta unit\u00e1ria consolide-se e se efetive permanentemente. Trata-se de um embate de grandes propor\u00e7\u00f5es, contra um amplo projeto de desmonte do servi\u00e7o p\u00fablico, que aprofunda as pol\u00edticas de privatiza\u00e7\u00e3o adotadas ao longo das \u00faltimas d\u00e9cadas, alcan\u00e7ando na atualidade um patamar de maior gravidade de ataque aos direitos sociais.<\/p>\n<p align=\"JUSTIFY\">Ao lado da defesa da articula\u00e7\u00e3o junto aos SPF e a outras entidades do movimento sindical e social, \u00e9 fundamental fortalecermos a unidade da nossa categoria. Assim, entendemos que a discuss\u00e3o sobre a sa\u00edda da greve deve ser articulada nacionalmente. Essa constru\u00e7\u00e3o precisa acontecer de forma unificada, como j\u00e1 indicado por algumas assembleias, com a\u00e7\u00f5es coordenadas pelo CNG, para garantir o patamar pol\u00edtico alcan\u00e7ado com a luta. Na atual conjuntura, essa articula\u00e7\u00e3o apresenta-se como indispens\u00e1vel para os enfrentamentos atuais e futuros, para al\u00e9m da pr\u00f3pria greve. A partir desse debate, realizado tamb\u00e9m no CNG, apontamos a realiza\u00e7\u00e3o, na pr\u00f3xima semana, de rodada de assembleias para avalia\u00e7\u00e3o da conjuntura e das perspectivas de nossa greve.<\/p>\n<p align=\"JUSTIFY\">Nossa concep\u00e7\u00e3o de organiza\u00e7\u00e3o e m\u00e9todo, que se expressaram na constru\u00e7\u00e3o tamb\u00e9m desta greve, s\u00e3o instrumentos necess\u00e1rios para a manuten\u00e7\u00e3o de nossa luta, enquanto Sindicato Nacional. Os ataques em curso contra a educa\u00e7\u00e3o p\u00fablica, particularmente no \u00e2mbito da rede federal, os quais tendem a ser aprofundados, exigem a unidade de nossa categoria, bem como a articula\u00e7\u00e3o com outros movimentos sociais.<\/p>\n<p align=\"JUSTIFY\"><strong>04 \u2013 ENCAMINHAMENTOS:<\/strong><\/p>\n<p align=\"JUSTIFY\">\u2013 Realizar Assembleias Gerais at\u00e9 dia 1 de outubro de 2015, para avalia\u00e7\u00e3o da conjuntura e das perspectivas da greve nacional dos docentes federais.<\/p>\n<div dir=\"LTR\" id=\"yui_3_16_0_1_1443306444097_9221\">\n<p align=\"JUSTIFY\"><a name=\"yui_3_16_0_1_1443306444097_9223\"><\/a>\u2013 Enviar ao CNG, at\u00e9 19h, do dia 1 de outubro de 2015, os resultados das Assembleias Gerais.<\/p>\n<\/div>\n<div dir=\"LTR\" id=\"yui_3_16_0_1_1443306444097_9227\">\n<p align=\"JUSTIFY\"><a name=\"yui_3_16_0_1_1443306444097_9229\"><\/a>\u2013 Intensificar a press\u00e3o junto aos deputados federais e senadores, nos estados e no Congresso Nacional, pela rejei\u00e7\u00e3o da PEC 395\/2015.<\/p>\n<\/div>\n<div dir=\"LTR\" id=\"yui_3_16_0_1_1443306444097_9233\">\n<p align=\"JUSTIFY\"><a name=\"yui_3_16_0_1_1443306444097_9235\"><\/a>\u2013 Construir a\u00e7\u00f5es unificadas de luta com o conjunto dos SPF contra a PEC 139\/2015 e a suspens\u00e3o dos concursos p\u00fablicos, inclusive sob a forma de press\u00e3o junto aos deputados federais e senadores.<\/p>\n<\/div>\n<div dir=\"LTR\" id=\"yui_3_16_0_1_1443306444097_9239\">\n<p align=\"JUSTIFY\"><a name=\"yui_3_16_0_1_1443306444097_9241\"><\/a>\u2013 Construir Dia de Luta e Mobiliza\u00e7\u00e3o em Defesa da Educa\u00e7\u00e3o P\u00fablica, em 05\/10\/2015, data com a qual o governo se comprometeu em realizar reuni\u00e3o do Ministro da Educa\u00e7\u00e3o com o CNG-ANDES-SN.<\/p>\n<\/div>\n<div dir=\"LTR\" id=\"yui_3_16_0_1_1443306444097_9245\">\n<p align=\"JUSTIFY\"><a name=\"yui_3_16_0_1_1443306444097_9247\"><\/a>\u2013 Que os CLGs debatam, proponham e informem ao CNG, at\u00e9 17h de 29\/09\/2015, a\u00e7\u00f5es a serem implementadas no dia 05\/10\/2015.<\/p>\n<\/div>\n<div><strong>05 \u2013 ANEXOS:<\/strong><\/div>\n<div><\/div>\n<div>Anexo 1:\u00a0<a href=\"https:\/\/grevenasfederaisandes.files.wordpress.com\/2015\/09\/ofc3adcio-sei-n-11976_2015.pdf\">Of\u00edcio SEI n 11976_2015<\/a><\/div>\n<div>Anexo 2:\u00a0<a href=\"https:\/\/grevenasfederaisandes.files.wordpress.com\/2015\/09\/carta-n-204_2015.pdf\">Carta n 204_2015<\/a><\/div>\n<p align=\"JUSTIFY\">Anexo 3:\u00a0<a href=\"https:\/\/grevenasfederaisandes.files.wordpress.com\/2015\/09\/carta201-15-1.pdf\">Carta201-15 (1)<\/a><\/p>\n<p><strong>06 \u2013\u00a0<\/strong><strong><span style=\"text-decoration: underline;\">QUADRO ATUALIZADO DA DEFLAGRA\u00c7\u00c3O DA GREVE NAS IFE<\/span><\/strong><\/p>\n<p>&nbsp;<\/p>\n<table>\n<tbody>\n<tr>\n<td width=\"74\"><strong>N\u00b0<\/strong><\/td>\n<td width=\"211\"><strong>Se\u00e7\u00e3o Sindical<\/strong><\/td>\n<td width=\"396\"><strong>IFE<\/strong><\/td>\n<\/tr>\n<tr>\n<td width=\"74\">1<\/td>\n<td width=\"211\">ADUFAC<\/td>\n<td width=\"396\">Universidade Federal do Acre<\/td>\n<\/tr>\n<tr>\n<td width=\"74\">2<\/td>\n<td width=\"211\">ADUA<\/td>\n<td width=\"396\">Universidade Federal do Amazonas<\/td>\n<\/tr>\n<tr>\n<td width=\"74\">3<\/td>\n<td width=\"211\">SINDUFAP<\/td>\n<td width=\"396\">Universidade Federal do Amap\u00e1<\/td>\n<\/tr>\n<tr>\n<td width=\"74\">4<\/td>\n<td width=\"211\">ADUFRA<\/td>\n<td width=\"396\">Universidade Federal Rural da Amaz\u00f4nia<\/td>\n<\/tr>\n<tr>\n<td width=\"74\">5<\/td>\n<td width=\"211\">ADUFPA<\/td>\n<td width=\"396\">Universidade Federal do Par\u00e1<\/td>\n<\/tr>\n<tr>\n<td width=\"74\">6<\/td>\n<td width=\"211\">SINDUNIFESSPA<\/td>\n<td width=\"396\">Universidade Federal do Sul e Sudeste do Par\u00e1<\/td>\n<\/tr>\n<tr>\n<td width=\"74\">7<\/td>\n<td width=\"211\">SINDUFOPA<\/td>\n<td width=\"396\">Universidade Federal do Oeste do Par\u00e1<\/td>\n<\/tr>\n<tr>\n<td width=\"74\">8<\/td>\n<td width=\"211\">ADUNIR<\/td>\n<td width=\"396\">Universidade Federal de Rond\u00f4nia<\/td>\n<\/tr>\n<tr>\n<td width=\"74\">9<\/td>\n<td width=\"211\">SESDUF-RR<\/td>\n<td width=\"396\">Universidade Federal de Roraima<\/td>\n<\/tr>\n<tr>\n<td width=\"74\">10<\/td>\n<td width=\"211\">SESDUFT<\/td>\n<td width=\"396\">Universidade Federal de Tocantins<\/td>\n<\/tr>\n<tr>\n<td width=\"74\">11<\/td>\n<td width=\"211\">SINDIFPI<\/td>\n<td width=\"396\">Instituto Federal do Piau\u00ed<\/td>\n<\/tr>\n<tr>\n<td width=\"74\">12<\/td>\n<td width=\"211\">ADUFERSA<\/td>\n<td width=\"396\">Universidade Federal Rural do Semi\u00e1rido<\/td>\n<\/tr>\n<tr>\n<td width=\"74\">13<\/td>\n<td width=\"211\">ADUFAL<\/td>\n<td width=\"396\">Universidade Federal de Alagoas<\/td>\n<\/tr>\n<tr>\n<td width=\"74\">14<\/td>\n<td width=\"211\">ADUFS<\/td>\n<td width=\"396\">Universidade Federal de Sergipe<\/td>\n<\/tr>\n<tr>\n<td width=\"74\">15<\/td>\n<td width=\"211\">ADUFPB<\/td>\n<td width=\"396\">Universidade Federal da Para\u00edba<\/td>\n<\/tr>\n<tr>\n<td width=\"74\">16<\/td>\n<td width=\"211\">SINDUNIVASF<\/td>\n<td width=\"396\">Universidade do Vale do S\u00e3o Francisco<\/td>\n<\/tr>\n<tr>\n<td width=\"74\">17<\/td>\n<td width=\"211\">APUB<\/td>\n<td width=\"396\">Universidade Federal da Bahia<\/td>\n<\/tr>\n<tr>\n<td width=\"74\">18<\/td>\n<td width=\"211\">APUR<\/td>\n<td width=\"396\">Universidade do Rec\u00f4ncavo da Bahia<\/td>\n<\/tr>\n<tr>\n<td width=\"74\">19<\/td>\n<td width=\"211\">ADUFOB<\/td>\n<td width=\"396\">Universidade Federal do Oeste da Bahia<\/td>\n<\/tr>\n<tr>\n<td width=\"74\">20<\/td>\n<td width=\"211\">APRUMA<\/td>\n<td width=\"396\">Universidade Federal do Maranh\u00e3o<\/td>\n<\/tr>\n<tr>\n<td width=\"74\">21<\/td>\n<td width=\"211\">ADUFCG<\/td>\n<td width=\"396\">Universidade Federal de Campina Grande<\/td>\n<\/tr>\n<tr>\n<td width=\"74\">22<\/td>\n<td width=\"211\">ADUFCG-PATOS<\/td>\n<td width=\"396\">Universidade Federal de Campina Grande \u2013 Patos<\/td>\n<\/tr>\n<tr>\n<td width=\"74\">23<\/td>\n<td width=\"211\">ADUC<\/td>\n<td width=\"396\">Universidade Federal de Campina Grande \u2013 Cajazeiras<\/td>\n<\/tr>\n<tr>\n<td width=\"74\">24<\/td>\n<td width=\"211\">ADUFMAT<\/td>\n<td width=\"396\">Universidade Federal do Mato Grosso<\/td>\n<\/tr>\n<tr>\n<td width=\"74\">25<\/td>\n<td width=\"211\">ADUFMAT- RONDON\u00d3POLIS<\/td>\n<td width=\"396\">Universidade Federal do Mato Grosso \u2013 Rondon\u00f3polis<\/td>\n<\/tr>\n<tr>\n<td width=\"74\">26<\/td>\n<td width=\"211\">CAMPUS GOI\u00c1S<\/td>\n<td width=\"396\">Universidade Federal de Goi\u00e1s<\/td>\n<\/tr>\n<tr>\n<td width=\"74\">27<\/td>\n<td width=\"211\">ADCAJ<\/td>\n<td width=\"396\">Universidade Federal de Goi\u00e1s \u2013 Jata\u00ed<\/td>\n<\/tr>\n<tr>\n<td width=\"74\">28<\/td>\n<td width=\"211\">ADCAC<\/td>\n<td width=\"396\">Universidade Federal de Goi\u00e1s \u2013 Catal\u00e3o<\/td>\n<\/tr>\n<tr>\n<td width=\"74\">29<\/td>\n<td width=\"211\">ADUFDOURADOS<\/td>\n<td width=\"396\">Universidade Federal da Grande Dourados<\/td>\n<\/tr>\n<tr>\n<td width=\"74\">30<\/td>\n<td width=\"211\">ADUFMS<\/td>\n<td width=\"396\">Universidade Federal de Mato Grosso do Sul<\/td>\n<\/tr>\n<tr>\n<td width=\"74\">31<\/td>\n<td width=\"211\">SESDIFMT<\/td>\n<td width=\"396\">Instituto Federal do Mato Grosso<\/td>\n<\/tr>\n<tr>\n<td width=\"74\">32<\/td>\n<td width=\"211\">ADLESTE<\/td>\n<td width=\"396\">Universidade Federal do Mato Grosso do Sul \u2013 Tr\u00eas Lagoas<\/td>\n<\/tr>\n<tr>\n<td width=\"74\">33<\/td>\n<td width=\"211\">ADUFF<\/td>\n<td width=\"396\">Universidade Federal Fluminense<\/td>\n<\/tr>\n<tr>\n<td width=\"74\">34<\/td>\n<td width=\"211\">ADOM<\/td>\n<td width=\"396\">Universidade Federal dos Vales do Jequitinhonha e Mucuri \u2013 Campus de Mucuri<\/td>\n<\/tr>\n<tr>\n<td width=\"74\">35<\/td>\n<td width=\"211\">ADUFLA<\/td>\n<td width=\"396\">Universidade Federal de Lavras<\/td>\n<\/tr>\n<tr>\n<td width=\"74\">36<\/td>\n<td width=\"211\">SINDFAFEID\u00a0\u00a0\u00a0\u00a0 ADUFVJM<\/td>\n<td width=\"396\">Universidade Federal dos Vales do Jequitinhonha e Mucuri \u2013 Campus de Diamantina<\/td>\n<\/tr>\n<tr>\n<td width=\"74\">37<\/td>\n<td width=\"211\">CLG \u2013 UNILAB<\/td>\n<td width=\"396\">Universidade da Integra\u00e7\u00e3o Internacional da Lusofonia Afro-Brasileira<\/td>\n<\/tr>\n<tr>\n<td rowspan=\"2\" width=\"74\">38<\/td>\n<td rowspan=\"2\" width=\"211\">APESJF<\/td>\n<td width=\"396\">Universidade Federal de Juiz de Fora<\/td>\n<\/tr>\n<tr>\n<td width=\"396\">Instituto Federal Sudeste de Minas Gerais<\/td>\n<\/tr>\n<tr>\n<td width=\"74\">39<\/td>\n<td width=\"211\">ADUFPI<\/td>\n<td width=\"396\">Universidade Federal do Piau\u00ed<\/td>\n<\/tr>\n<tr>\n<td rowspan=\"2\" width=\"74\">40<\/td>\n<td rowspan=\"2\" width=\"211\">ADUFC<\/td>\n<td width=\"396\">Universidade Federal do Cear\u00e1<\/td>\n<\/tr>\n<tr>\n<td width=\"396\">Universidade Federal do Cariri<\/td>\n<\/tr>\n<tr>\n<td width=\"74\">41<\/td>\n<td width=\"211\">ADUFTM<\/td>\n<td width=\"396\">Universidade Federal do Tri\u00e2ngulo Mineiro<\/td>\n<\/tr>\n<tr>\n<td width=\"74\">42<\/td>\n<td width=\"211\">CLG UFVJM \u2013 Una\u00ed<\/td>\n<td width=\"396\">Universidade Federal dos Vales do Jequitinhonha e Mucuri \u2013 Campus de Una\u00ed<\/td>\n<\/tr>\n<tr>\n<td width=\"74\">43<\/td>\n<td width=\"211\">SINDIFPB<\/td>\n<td width=\"396\">Instituto Federal da Para\u00edba<\/td>\n<\/tr>\n<\/tbody>\n<\/table>\n","protected":false},"excerpt":{"rendered":"<p>O Comando Nacional de Greve realizou reuni\u00e3o nos dias 19, 21, 22, 25 e 26 de setembro de 2015 com os seguintes pontos de pauta: 01 \u2013\u00a0LISTA DE PRESENTES 02 \u2013 INFORMES 03 \u2013 AVALIA\u00c7\u00c3O 04 \u2013 ENCAMINHAMENTOS 05 \u2013 ANEXOS 06 \u2013\u00a0QUADRO ATUALIZADO DA DEFLAGRA\u00c7\u00c3O DA GREVE NAS IFE 01 \u2013 LISTA DE PRESENTES:&hellip;<\/p>\n","protected":false},"author":3,"featured_media":0,"comment_status":"closed","ping_status":"closed","sticky":false,"template":"","format":"standard","meta":{"footnotes":""},"categories":[15],"tags":[571,570],"class_list":["post-12230","post","type-post","status-publish","format-standard","hentry","category-noticias","tag-cng","tag-comunicado","category-15","description-off"],"_links":{"self":[{"href":"https:\/\/www.adufpb.org.br\/site\/wp-json\/wp\/v2\/posts\/12230","targetHints":{"allow":["GET"]}}],"collection":[{"href":"https:\/\/www.adufpb.org.br\/site\/wp-json\/wp\/v2\/posts"}],"about":[{"href":"https:\/\/www.adufpb.org.br\/site\/wp-json\/wp\/v2\/types\/post"}],"author":[{"embeddable":true,"href":"https:\/\/www.adufpb.org.br\/site\/wp-json\/wp\/v2\/users\/3"}],"replies":[{"embeddable":true,"href":"https:\/\/www.adufpb.org.br\/site\/wp-json\/wp\/v2\/comments?post=12230"}],"version-history":[{"count":2,"href":"https:\/\/www.adufpb.org.br\/site\/wp-json\/wp\/v2\/posts\/12230\/revisions"}],"predecessor-version":[{"id":12232,"href":"https:\/\/www.adufpb.org.br\/site\/wp-json\/wp\/v2\/posts\/12230\/revisions\/12232"}],"wp:attachment":[{"href":"https:\/\/www.adufpb.org.br\/site\/wp-json\/wp\/v2\/media?parent=12230"}],"wp:term":[{"taxonomy":"category","embeddable":true,"href":"https:\/\/www.adufpb.org.br\/site\/wp-json\/wp\/v2\/categories?post=12230"},{"taxonomy":"post_tag","embeddable":true,"href":"https:\/\/www.adufpb.org.br\/site\/wp-json\/wp\/v2\/tags?post=12230"}],"curies":[{"name":"wp","href":"https:\/\/api.w.org\/{rel}","templated":true}]}}