{"id":12226,"date":"2015-09-28T15:39:00","date_gmt":"2015-09-28T19:39:00","guid":{"rendered":"http:\/\/www.adufpb.org.br\/site\/?p=12226"},"modified":"2015-09-29T10:50:18","modified_gmt":"2015-09-29T14:50:18","slug":"greve-dos-docentes-federais-completa-quatro-meses","status":"publish","type":"post","link":"https:\/\/www.adufpb.org.br\/site\/greve-dos-docentes-federais-completa-quatro-meses\/","title":{"rendered":"Greve dos docentes federais completa quatro meses"},"content":{"rendered":"<p><em>Professores devem realizar Dia de Luta e Mobiliza\u00e7\u00e3o em Defesa da Educa\u00e7\u00e3o P\u00fablica em 5 de outubro<\/em><\/p>\n<p><em><\/em>A greve nacional dos docentes federais completou, nesta segunda-feira (28), quatro meses. Iniciada em 28 de maio, a greve reivindica a defesa do car\u00e1ter p\u00fablico das Institui\u00e7\u00f5es Federais de Ensino (IFE), melhores condi\u00e7\u00f5es de trabalho, garantia de autonomia, reestrutura\u00e7\u00e3o da carreira e reajuste salarial para ativos e aposentados.<\/p>\n<p>O Comando Nacional de Greve (CNG) do ANDES-SN, por meio do Comunicado 43, de 26 de setembro, avaliou as recentes atividades de greve, entre elas as manifesta\u00e7\u00f5es no Minist\u00e9rio do Planejamento, Or\u00e7amento e Gest\u00e3o (MPOG) e no Minist\u00e9rio da Educa\u00e7\u00e3o (MEC), no dia 24 de setembro, que culminaram na ocupa\u00e7\u00e3o do gabinete de Janine Ribeiro, ministro da educa\u00e7\u00e3o e na confirma\u00e7\u00e3o de uma reuni\u00e3o entre ele e o CNG do ANDES-SN para o dia 5 de outubro.<\/p>\n<p>O documento definiu ainda novos encaminhamentos para a pr\u00f3xima semana, como a constru\u00e7\u00e3o do Dia de Luta e Mobiliza\u00e7\u00e3o em Defesa da Educa\u00e7\u00e3o P\u00fablica na mesma data em dever\u00e1 ocorrer a reuni\u00e3o com o Ministro Janine.\u00a0O comunicado 43 orienta tamb\u00e9m que os Comandos Lociais\u00a0 de Greve debatam, proponham e informem ao CNG, at\u00e9 o final do dia dessa ter\u00e7a-feira (29), a\u00e7\u00f5es a serem implementadas no dia pr\u00f3ximo dia 5.<\/p>\n<p>Ainda entre os encaminhamentos est\u00e3o a realiza\u00e7\u00e3o de assembleias gerais at\u00e9 o dia 1 de outubro, para avalia\u00e7\u00e3o da conjuntura e das perspectivas da greve nacional dos docentes federais; intensificar a press\u00e3o junto aos deputados federais e senadores, nos estados e no Congresso Nacional, pela rejei\u00e7\u00e3o da PEC (Proposta de Emenda \u00e0 Constitui\u00e7\u00e3o) 395\/2015, que permite a cobran\u00e7a de cursos de especializa\u00e7\u00e3o em institui\u00e7\u00f5es p\u00fablicas.<\/p>\n<p>Paulo Rizzo, presidente do ANDES-SN, avalia que a greve iniciou enfrentando um dif\u00edcil processo de ajuste e cortes, que deixaram grande parte das IFE na pen\u00faria, e, portanto, fez-se fundamental a pauta de defesa do car\u00e1ter p\u00fablico das institui\u00e7\u00f5es. \u201cA greve \u00e9 uma resist\u00eancia \u00e0 retirada de direitos e de or\u00e7amento. Em setembro esses ataques foram aprofundados, e passaram a exigir uma luta mais ampla, que abranja toda a classe trabalhadora, para que possamos resistir\u201d, diz o docente.<\/p>\n<p>O presidente do ANDES-SN refor\u00e7a que as assembleias dessa semana devem refletir sobre quais s\u00e3o os pr\u00f3ximos passos contra esses ataques. \u201cNecessitamos de a\u00e7\u00f5es unificadas, tanto dentro das IFE, quanto com os demais SPF e o restante da classe trabalhadora. Nesse cen\u00e1rio de ataques, n\u00e3o conquistaremos muito lutando sozinhos\u201d, conclui o presidente do ANDES-SN.<\/p>\n<p><strong><a href=\"http:\/\/grevenasfederais.andes.org.br\/2015\/09\/26\/comunicado-no-43\/\" target=\"_blank\">Confira aqui o Comunicado 43 do CNG do ANDES-SN.\u00a0<\/a><br \/>\n<\/strong><\/p>\n<p><strong>Fonte:\u00a0<\/strong>ANDES-SN<\/p>\n<p>&nbsp;<\/p>\n","protected":false},"excerpt":{"rendered":"<p>Professores devem realizar Dia de Luta e Mobiliza\u00e7\u00e3o em Defesa da Educa\u00e7\u00e3o P\u00fablica em 5 de outubro A greve nacional dos docentes federais completou, nesta segunda-feira (28), quatro meses. Iniciada em 28 de maio, a greve reivindica a defesa do car\u00e1ter p\u00fablico das Institui\u00e7\u00f5es Federais de Ensino (IFE), melhores condi\u00e7\u00f5es de trabalho, garantia de autonomia,&hellip;<\/p>\n","protected":false},"author":3,"featured_media":12227,"comment_status":"closed","ping_status":"closed","sticky":false,"template":"","format":"standard","meta":{"footnotes":""},"categories":[15,417],"tags":[643,132],"class_list":["post-12226","post","type-post","status-publish","format-standard","has-post-thumbnail","hentry","category-noticias","category-noticias-destaque","tag-4-meses-de-greve","tag-greve","category-15","category-417","description-off"],"_links":{"self":[{"href":"https:\/\/www.adufpb.org.br\/site\/wp-json\/wp\/v2\/posts\/12226","targetHints":{"allow":["GET"]}}],"collection":[{"href":"https:\/\/www.adufpb.org.br\/site\/wp-json\/wp\/v2\/posts"}],"about":[{"href":"https:\/\/www.adufpb.org.br\/site\/wp-json\/wp\/v2\/types\/post"}],"author":[{"embeddable":true,"href":"https:\/\/www.adufpb.org.br\/site\/wp-json\/wp\/v2\/users\/3"}],"replies":[{"embeddable":true,"href":"https:\/\/www.adufpb.org.br\/site\/wp-json\/wp\/v2\/comments?post=12226"}],"version-history":[{"count":1,"href":"https:\/\/www.adufpb.org.br\/site\/wp-json\/wp\/v2\/posts\/12226\/revisions"}],"predecessor-version":[{"id":12228,"href":"https:\/\/www.adufpb.org.br\/site\/wp-json\/wp\/v2\/posts\/12226\/revisions\/12228"}],"wp:featuredmedia":[{"embeddable":true,"href":"https:\/\/www.adufpb.org.br\/site\/wp-json\/wp\/v2\/media\/12227"}],"wp:attachment":[{"href":"https:\/\/www.adufpb.org.br\/site\/wp-json\/wp\/v2\/media?parent=12226"}],"wp:term":[{"taxonomy":"category","embeddable":true,"href":"https:\/\/www.adufpb.org.br\/site\/wp-json\/wp\/v2\/categories?post=12226"},{"taxonomy":"post_tag","embeddable":true,"href":"https:\/\/www.adufpb.org.br\/site\/wp-json\/wp\/v2\/tags?post=12226"}],"curies":[{"name":"wp","href":"https:\/\/api.w.org\/{rel}","templated":true}]}}