{"id":12121,"date":"2015-09-18T16:56:01","date_gmt":"2015-09-18T20:56:01","guid":{"rendered":"http:\/\/www.adufpb.org.br\/site\/?p=12121"},"modified":"2015-09-21T22:52:53","modified_gmt":"2015-09-22T02:52:53","slug":"pro-reitor-descarta-corte-de-ponto-e-garante-que-salarios-ja-foram-programados","status":"publish","type":"post","link":"https:\/\/www.adufpb.org.br\/site\/pro-reitor-descarta-corte-de-ponto-e-garante-que-salarios-ja-foram-programados\/","title":{"rendered":"Pr\u00f3-reitor descarta corte de ponto e garante que sal\u00e1rios j\u00e1 foram programados"},"content":{"rendered":"<p dir=\"ltr\">O pr\u00f3-reitor de Gest\u00e3o de Pessoas, Francisco Ramalho, assegurou que os sal\u00e1rios dos professores da Universidade Federal da Para\u00edba (UFPB) referentes ao m\u00eas de setembro ser\u00e3o pagos normalmente no in\u00edcio de outubro. A garantia foi dada durante reuni\u00e3o com representantes do Comando Local de Greve dos docentes na tarde desta sexta-feira (18\/9).<\/p>\n<p dir=\"ltr\">A audi\u00eancia tratou da possibilidade de corte de ponto dos professores, considerando que outras universidades do pa\u00eds receberam um documento do Minist\u00e9rio do Planejamento solicitando informa\u00e7\u00f5es sobre a paralisa\u00e7\u00e3o docente.<\/p>\n<p dir=\"ltr\">Na reuni\u00e3o com o Comando de Greve, o pr\u00f3-reitor Francisco Ramalho declarou que n\u00e3o recebeu a solicita\u00e7\u00e3o e deixou claro que n\u00e3o adotar\u00e1 qualquer medida de corte de pontos. Ele informou, ainda, que os sal\u00e1rios de setembro j\u00e1 foram, inclusive, programados, o que pode ser comprovado por meio do Sigepe (Sistema de Gest\u00e3o de Pessoas).<\/p>\n<p dir=\"ltr\"><em>Fonte: Ascom ADUFPB<\/em><\/p>\n<p>&nbsp;<\/p>\n","protected":false},"excerpt":{"rendered":"<p>O pr\u00f3-reitor de Gest\u00e3o de Pessoas, Francisco Ramalho, assegurou que os sal\u00e1rios dos professores da Universidade Federal da Para\u00edba (UFPB) referentes ao m\u00eas de setembro ser\u00e3o pagos normalmente no in\u00edcio de outubro. A garantia foi dada durante reuni\u00e3o com representantes do Comando Local de Greve dos docentes na tarde desta sexta-feira (18\/9). A audi\u00eancia tratou&hellip;<\/p>\n","protected":false},"author":3,"featured_media":0,"comment_status":"closed","ping_status":"closed","sticky":false,"template":"","format":"standard","meta":{"footnotes":""},"categories":[15,417],"tags":[640,132,282,156],"class_list":["post-12121","post","type-post","status-publish","format-standard","hentry","category-noticias","category-noticias-destaque","tag-corte-de-pontos","tag-greve","tag-progep","tag-salario","category-15","category-417","description-off"],"_links":{"self":[{"href":"https:\/\/www.adufpb.org.br\/site\/wp-json\/wp\/v2\/posts\/12121","targetHints":{"allow":["GET"]}}],"collection":[{"href":"https:\/\/www.adufpb.org.br\/site\/wp-json\/wp\/v2\/posts"}],"about":[{"href":"https:\/\/www.adufpb.org.br\/site\/wp-json\/wp\/v2\/types\/post"}],"author":[{"embeddable":true,"href":"https:\/\/www.adufpb.org.br\/site\/wp-json\/wp\/v2\/users\/3"}],"replies":[{"embeddable":true,"href":"https:\/\/www.adufpb.org.br\/site\/wp-json\/wp\/v2\/comments?post=12121"}],"version-history":[{"count":2,"href":"https:\/\/www.adufpb.org.br\/site\/wp-json\/wp\/v2\/posts\/12121\/revisions"}],"predecessor-version":[{"id":12123,"href":"https:\/\/www.adufpb.org.br\/site\/wp-json\/wp\/v2\/posts\/12121\/revisions\/12123"}],"wp:attachment":[{"href":"https:\/\/www.adufpb.org.br\/site\/wp-json\/wp\/v2\/media?parent=12121"}],"wp:term":[{"taxonomy":"category","embeddable":true,"href":"https:\/\/www.adufpb.org.br\/site\/wp-json\/wp\/v2\/categories?post=12121"},{"taxonomy":"post_tag","embeddable":true,"href":"https:\/\/www.adufpb.org.br\/site\/wp-json\/wp\/v2\/tags?post=12121"}],"curies":[{"name":"wp","href":"https:\/\/api.w.org\/{rel}","templated":true}]}}