{"id":12086,"date":"2015-09-17T19:07:38","date_gmt":"2015-09-17T23:07:38","guid":{"rendered":"http:\/\/www.adufpb.org.br\/site\/?p=12086"},"modified":"2015-09-17T19:07:38","modified_gmt":"2015-09-17T23:07:38","slug":"mocao-de-repudio","status":"publish","type":"post","link":"https:\/\/www.adufpb.org.br\/site\/mocao-de-repudio\/","title":{"rendered":"MO\u00c7\u00c3O DE REP\u00daDIO"},"content":{"rendered":"<p><span style=\"font-size: large;\">Os professores da UFPB reunidos em Assembleia v\u00eam a p\u00fablico repudiar o ato fascista e de intoler\u00e2ncia pol\u00edtica praticado contra o professor Charlinton Machado, ocorrido no estacionamento da UFPB no dia 16 de setembro, quando o carro do professor foi depredado. Esse ato se configura como cerceamento \u00e0 liberdade de express\u00e3o pol\u00edtica.<\/span><\/p>\n<p>&nbsp;<\/p>\n<p style=\"text-align: right;\"><span style=\"font-size: large;\">Jo\u00e3o Pessoa, 17 de setembro de 2015.<\/span><\/p>\n","protected":false},"excerpt":{"rendered":"<p>Os professores da UFPB reunidos em Assembleia v\u00eam a p\u00fablico repudiar o ato fascista e de intoler\u00e2ncia pol\u00edtica praticado contra o professor Charlinton Machado, ocorrido no estacionamento da UFPB no dia 16 de setembro, quando o carro do professor foi depredado. Esse ato se configura como cerceamento \u00e0 liberdade de express\u00e3o pol\u00edtica. &nbsp; Jo\u00e3o Pessoa,&hellip;<\/p>\n","protected":false},"author":3,"featured_media":0,"comment_status":"closed","ping_status":"closed","sticky":false,"template":"","format":"standard","meta":{"footnotes":""},"categories":[15],"tags":[],"class_list":["post-12086","post","type-post","status-publish","format-standard","hentry","category-noticias","category-15","description-off"],"_links":{"self":[{"href":"https:\/\/www.adufpb.org.br\/site\/wp-json\/wp\/v2\/posts\/12086","targetHints":{"allow":["GET"]}}],"collection":[{"href":"https:\/\/www.adufpb.org.br\/site\/wp-json\/wp\/v2\/posts"}],"about":[{"href":"https:\/\/www.adufpb.org.br\/site\/wp-json\/wp\/v2\/types\/post"}],"author":[{"embeddable":true,"href":"https:\/\/www.adufpb.org.br\/site\/wp-json\/wp\/v2\/users\/3"}],"replies":[{"embeddable":true,"href":"https:\/\/www.adufpb.org.br\/site\/wp-json\/wp\/v2\/comments?post=12086"}],"version-history":[{"count":1,"href":"https:\/\/www.adufpb.org.br\/site\/wp-json\/wp\/v2\/posts\/12086\/revisions"}],"predecessor-version":[{"id":12087,"href":"https:\/\/www.adufpb.org.br\/site\/wp-json\/wp\/v2\/posts\/12086\/revisions\/12087"}],"wp:attachment":[{"href":"https:\/\/www.adufpb.org.br\/site\/wp-json\/wp\/v2\/media?parent=12086"}],"wp:term":[{"taxonomy":"category","embeddable":true,"href":"https:\/\/www.adufpb.org.br\/site\/wp-json\/wp\/v2\/categories?post=12086"},{"taxonomy":"post_tag","embeddable":true,"href":"https:\/\/www.adufpb.org.br\/site\/wp-json\/wp\/v2\/tags?post=12086"}],"curies":[{"name":"wp","href":"https:\/\/api.w.org\/{rel}","templated":true}]}}