{"id":1208,"date":"2010-08-04T08:20:11","date_gmt":"2010-08-04T12:20:11","guid":{"rendered":"http:\/\/www.adufpb.org.br\/site\/conselho-de-representantes-reune-se-na-proxima-2%c2%aa-feira\/"},"modified":"2010-08-04T08:21:21","modified_gmt":"2010-08-04T12:21:21","slug":"conselho-de-representantes-reune-se-na-proxima-2%c2%aa-feira","status":"publish","type":"post","link":"https:\/\/www.adufpb.org.br\/site\/conselho-de-representantes-reune-se-na-proxima-2%c2%aa-feira\/","title":{"rendered":"Conselho de Representantes re\u00fane-se na pr\u00f3xima 2\u00aa feira"},"content":{"rendered":"<p><img loading=\"lazy\" decoding=\"async\" class=\"alignleft size-medium wp-image-1207\" title=\"conselho de representantes\" src=\"http:\/\/www.adufpb.org.br\/site\/wp-content\/uploads\/2010\/08\/conselho-de-representantes-300x224.jpg\" alt=\"conselho de representantes\" width=\"300\" height=\"224\" srcset=\"https:\/\/www.adufpb.org.br\/site\/wp-content\/uploads\/2010\/08\/conselho-de-representantes-300x224.jpg 300w, https:\/\/www.adufpb.org.br\/site\/wp-content\/uploads\/2010\/08\/conselho-de-representantes.jpg 448w\" sizes=\"auto, (max-width: 300px) 100vw, 300px\" \/><\/p>\n<p>O Conselho de Representes da ADUFPB realiza reuni\u00e3o na pr\u00f3xima segunda-feira (9), \u00e0s 15h, na Sala de Leitura do Sindicato (localizado no Centro de Viv\u00eancia doCampus I, em Jo\u00e3o Pessoa). Na ocasi\u00e3o, os conselheiros ir\u00e3o escolher os representantes para compor a Comiss\u00e3o de An\u00e1lise de Presta\u00e7\u00e3o de Contas da ADUFPB, exerc\u00edcio 2009. Na pauta da reuni\u00e3o est\u00e3o tamb\u00e9m temas como a proposta do governo de mudan\u00e7a da carreira docente e a estatuinte da UFPB.<\/p>\n<p align=\"center\"><strong>Agende-se<\/strong><\/p>\n<p><strong>Quando:<\/strong> 9 de agosto, \u00e0s 15h<\/p>\n<p><strong>Onde:<\/strong> Sala de Leitura da ADUFPB (Centro de Viv\u00eancia do Campus I, Jo\u00e3o Pessoa)<\/p>\n<p><strong> <\/strong><\/p>\n<p><strong>Pauta:<\/strong><\/p>\n<p>1. Informe<\/p>\n<p>2. Decretos e portarias do Governo sobre:<\/p>\n<p>&#8211; Or\u00e7amento<\/p>\n<p>&#8211; Funda\u00e7\u00f5es de apoio<\/p>\n<p>&#8211; Hospitais Universit\u00e1rios<\/p>\n<p>&#8211; Reuni<\/p>\n<p>&#8211; Assist\u00eancia Estudantil<\/p>\n<p>3. Proposta de nova carreira docente<\/p>\n<p>4. Estatuinte na UFPB<\/p>\n<p>5. Escolha dos representantes do CR para compor a Comiss\u00e3o de An\u00e1lise de Presta\u00e7\u00e3o de Contas da ADUFPB, exerc\u00edcio 2009<\/p>\n<p><em>Fonte: Ascom ADUFPB<\/em><\/p>\n","protected":false},"excerpt":{"rendered":"<p>O Conselho de Representes da ADUFPB realiza reuni\u00e3o na pr\u00f3xima segunda-feira (9), \u00e0s 15h, na Sala de Leitura do Sindicato (localizado no Centro de Viv\u00eancia doCampus I, em Jo\u00e3o Pessoa). Na ocasi\u00e3o, os conselheiros ir\u00e3o escolher os representantes para compor a Comiss\u00e3o de An\u00e1lise de Presta\u00e7\u00e3o de Contas da ADUFPB, exerc\u00edcio 2009. Na pauta da&hellip;<\/p>\n","protected":false},"author":3,"featured_media":0,"comment_status":"open","ping_status":"open","sticky":false,"template":"","format":"standard","meta":{"footnotes":""},"categories":[15],"tags":[141],"class_list":["post-1208","post","type-post","status-publish","format-standard","hentry","category-noticias","tag-conselho-de-representantes","category-15","description-off"],"_links":{"self":[{"href":"https:\/\/www.adufpb.org.br\/site\/wp-json\/wp\/v2\/posts\/1208","targetHints":{"allow":["GET"]}}],"collection":[{"href":"https:\/\/www.adufpb.org.br\/site\/wp-json\/wp\/v2\/posts"}],"about":[{"href":"https:\/\/www.adufpb.org.br\/site\/wp-json\/wp\/v2\/types\/post"}],"author":[{"embeddable":true,"href":"https:\/\/www.adufpb.org.br\/site\/wp-json\/wp\/v2\/users\/3"}],"replies":[{"embeddable":true,"href":"https:\/\/www.adufpb.org.br\/site\/wp-json\/wp\/v2\/comments?post=1208"}],"version-history":[{"count":1,"href":"https:\/\/www.adufpb.org.br\/site\/wp-json\/wp\/v2\/posts\/1208\/revisions"}],"predecessor-version":[{"id":1209,"href":"https:\/\/www.adufpb.org.br\/site\/wp-json\/wp\/v2\/posts\/1208\/revisions\/1209"}],"wp:attachment":[{"href":"https:\/\/www.adufpb.org.br\/site\/wp-json\/wp\/v2\/media?parent=1208"}],"wp:term":[{"taxonomy":"category","embeddable":true,"href":"https:\/\/www.adufpb.org.br\/site\/wp-json\/wp\/v2\/categories?post=1208"},{"taxonomy":"post_tag","embeddable":true,"href":"https:\/\/www.adufpb.org.br\/site\/wp-json\/wp\/v2\/tags?post=1208"}],"curies":[{"name":"wp","href":"https:\/\/api.w.org\/{rel}","templated":true}]}}