{"id":11996,"date":"2015-09-08T10:44:24","date_gmt":"2015-09-08T14:44:24","guid":{"rendered":"http:\/\/www.adufpb.org.br\/site\/?p=11996"},"modified":"2015-09-08T10:44:24","modified_gmt":"2015-09-08T14:44:24","slug":"comunicado-cng-no-38","status":"publish","type":"post","link":"https:\/\/www.adufpb.org.br\/site\/comunicado-cng-no-38\/","title":{"rendered":"COMUNICADO CNG N\u00ba 38"},"content":{"rendered":"<p>O Comando Nacional de Greve realizou reuni\u00e3o nos dias 01, 02, 03, 04 e 05 de setembro de 2015 com os seguintes pontos de pauta:<\/p>\n<p><strong>01 \u2013\u00a0LISTA DE PRESENTES<\/strong><\/p>\n<p><strong>02 \u2013\u00a0INFORMES GERAIS<\/strong><\/p>\n<p><strong>03 \u2013 AVALIA\u00c7\u00c3O<\/strong><\/p>\n<p><strong>04 \u2013 ENCAMINHAMENTOS<\/strong><\/p>\n<p><strong>05 \u2013 MO\u00c7\u00d5ES<\/strong><\/p>\n<p><strong>06 \u2013\u00a0QUADRO ATUALIZADO DA DEFLAGRA\u00c7\u00c3O DA GREVE NAS IFE<\/strong><\/p>\n<p><img decoding=\"async\" title=\"Leia mais...\" alt=\"\" src=\"data:image\/gif;base64,R0lGODlhAQABAIAAAAAAAP\/\/\/yH5BAEAAAAALAAAAAABAAEAAAIBRAA7\" data-wp-more=\"more\" data-wp-more-text=\"\" data-mce-resize=\"false\" data-mce-placeholder=\"1\" \/><\/p>\n<p><strong><span style=\"text-decoration: underline;\">01 \u2013 LISTA DE PRESENTES:<\/span><\/strong><\/p>\n<p><strong><span style=\"text-decoration: underline;\">01\/09\/2015:<\/span><\/strong>\u00a0<strong><span style=\"text-decoration: underline;\">Diretoria:<\/span><\/strong>. Giovanni Frizzo e Olga\u00edses Mau\u00e9s. \u00a0<strong><span style=\"text-decoration: underline;\">Delegados<\/span><\/strong>: Gilberto Francisco Alves de Melo (ADUFAC), Ivan Carlos Ferreira Neves (ADUFPA), Avery Ver\u00edssimo (SESDUF-RR), Ulisses Sidnei da Concei\u00e7\u00e3o Silva (SINDUFOPA), Camila Soares Lippi (SINDUFAP), Sirliane de Souza Paiva (APRUMA), Jurandir Gon\u00e7alves Lima (ADUFPI), Iren\u00edsia Torres de Oliveira (ADUFC), Mauricelia Cordeira da Silva (ADUFPB), Sinedei de Moura Pereira (ADUFCG), Edilson Leite da Silva (ADUC), Airton Paula Souza (ADUFS), Luis Augusto Vieira (CLG-Goi\u00e1s), Alair Silveira (ADUFMAT), Jos\u00e9 Roberto Rodrigues de Oliveira (ADUFMS), Agostinho Beghelli Filho (APESJF), J\u00falia Moretto Am\u00e2ncio (ADUFLA), Carolina Coelho Martuscelli (ADOM), S\u00f4nia L\u00facio R. de Lima (ADUFF), Jo\u00e3o F Negr\u00e3o (APUFPR).\u00a0<strong><span style=\"text-decoration: underline;\">Observadores:\u00a0<\/span><\/strong>Amazoneida S. P. Pinheiro (ADUA), Salom\u00e3o Nunes Santiago (ADUFAL), Marcos Pedroso (ADUFS), Marcos Macedo Caron (ADUFMAT), Antonio Aecio Bandeira (ADUFPB), Amanda Chaves Pinheiro (APESJF).<\/p>\n<p><strong><span style=\"text-decoration: underline;\">\u00a002\/09\/2015:\u00a0<\/span><\/strong><strong><span style=\"text-decoration: underline;\">Diretoria<\/span><\/strong><strong>:\u00a0<\/strong>Giovanni Frizzo, Olga\u00edses Mau\u00e9s e Amauri Fragoso de Medeiros<strong>.<\/strong>\u00a0\u00a0<strong><span style=\"text-decoration: underline;\">Delegados<\/span><\/strong><strong>:<\/strong>\u00a0Gilberto Francisco Alves de Melo (ADUFAC), Ivan Carlos Ferreira Neves (ADUFPA), Avery Ver\u00edssimo (SESDUF-RR), Ulisses Sidnei da Concei\u00e7\u00e3o Silva (SINDUFOPA), Camila Soares Lippi (SINDUFAP), Sirliane de Souza Paiva (APRUMA), Jurandir Gon\u00e7alves Lima (ADUFPI), Egmar Oliveira Souza Junior (SINDIPFI), Iren\u00edsia Torres de Oliveira (ADUFC), Mauricelia Cordeira da Silva (ADUFPB), Sinedei de Moura Pereira (ADUFCG), Edilson Leite da Silva (ADUC), Salom\u00e3o Nunes Santiago (ADUFAL), Marcos Pedroso (ADUFS), Melissa Catrini da Silva (APUB), Juliano Pereira Campos (APUR), Luis Augusto Vieira (CLG-Goi\u00e1s), Alair Silveira (ADUFMAT), Jos\u00e9 Roberto Rodrigues de Oliveira (ADUFMS), Agostinho Beghelli Filho (APESJF), J\u00falia Moretto Am\u00e2ncio (ADUFLA), Carolina Coelho Martuscelli (ADOM), Luciana Santos Collier (ADUFF), Jo\u00e3o F Negr\u00e3o (APUFPR); Amazoneida S. P. Pinheiro (ADUA). \u00a0<strong><span style=\"text-decoration: underline;\">\u00a0Observadores<\/span><\/strong><strong>:<\/strong>\u00a0Marcos Macedo Caron (ADUFMAT), Antonio Aecio Bandeira (ADUFPB), Amanda Chaves Pinheiro (APESJF), Gianf\u00e1bio Franco (SEDUFSM).<\/p>\n<p><strong><span style=\"text-decoration: underline;\">03\/09\/2015: Diretoria:\u00a0<\/span><\/strong>Giovanni Frizzo, Olga\u00edses Mau\u00e9s, Paulo Rizzo e Marinalva Oliveira.\u00a0<strong><span style=\"text-decoration: underline;\">Delegados:\u00a0<\/span><\/strong>\u2013 Gilberto Francisco Alves de Melo (ADUFAC), Amazoneida S\u00e1 Peixoto Pinheiro (ADUA), Avery Ver\u00edssimo (SESDUF-RR), Ivan Neves (ADUFPA), Ulisses Sidnei da Concei\u00e7\u00e3o Silva (SINDUFOPA), Camila Soares Lippi (SINDUFAP), Sirliane de Souza Paiva (APRUMA), Jurandir Gon\u00e7alves Lima (ADUFPI), Iren\u00edsia Torres de Oliveira (ADUFC), Mauric\u00e9lia Cordeira da Silva (ADUFPB), Sinedei de Moura Pereira (ADUFCG), Edilson Leite da Silva (ADUC), Salom\u00e3o Nunes Santiago (ADUFAL), Marcos Pedroso (ADUFS), Melissa Catrini da Silva (APUB), Juliano Pereira Campos (APUR), Lu\u00eds Augusto Vieira (CLG-Goi\u00e1s), Jos\u00e9 Roberto Rodrigues de Oliveira (ADUFMS), Jo\u00e3o F. R. K. Negr\u00e3o (APUFPR), Luciana Santos Collier (ADUFF), Agostinho Beghelli Filho (ASPESJF), J\u00falia Moretto Am\u00e2ncio (ADUFLA), Allan Kenji Seki (CLG-UFSC), Vanessa C. Furtado (ADUFMAT).\u00a0<strong><span style=\"text-decoration: underline;\">Observadores:\u00a0<\/span><\/strong>Amanda Chaves Pinheiro (ASPESJF), Ant\u00f4nio A\u00e9cio Bandeira da Silva (ADUFPB), Jos\u00e9 Antonio e Souza (ADUFF), Gianf\u00e1bio Franco (SEDUFSM).<\/p>\n<p><strong><span style=\"text-decoration: underline;\">04\/09\/2015: Diretoria:\u00a0<\/span><\/strong>Marinalva Oliveira; Paulo Rizzo; Giovanni Frizzo e Jacob Paiva<strong><span style=\"text-decoration: underline;\">Delegados:<\/span><\/strong>\u00a0Gilberto Francisco Alves de Melo (ADUFAC), Amazoneida S\u00e1 Peixoto Pinheiro (ADUA), Avery Ver\u00edssimo (SESDUF-RR), Ivan Neves (ADUFPA), Ulisses Sidnei da Concei\u00e7\u00e3o Silva (SINDUFOPA), Wanderley Padilha (SINDUNIFESSPA), Camila Soares Lippi (SINDIFAP), Sirliane de Souza Paiva (APRUMA), Jurandir Gon\u00e7alves Lima (ADUFPI), Egmar Oliveira Souza J\u00fanior (SINDIFPI), Iren\u00edsia Torres de Oliveira (ADUFC), Mauric\u00e9lia Cordeira da Silva (ADUFPB), Sinedei de Moura Pereira (ADUFCG), Edilson Leite da Silva (ADUC), Salom\u00e3o Nunes Santiago (ADUFAL), Marcos Pedroso (ADUFS), Melissa Catrini da Silva (APUB), Juliano Pereira Campos (APUR), Lu\u00eds Augusto Vieira (CLG-Goi\u00e1s),\u00a0 Vanessa C. Furtado (ADUFMAT), Jo\u00e3o F. R. K. Negr\u00e3o (APUFPR), Luciana Santos Collier (ADUFF), Cust\u00f3dio Gouv\u00eaa Lopes da Motta (ASPESJF), J\u00falia Moretto Am\u00e2ncio (ADUFLA) e Allan Kenji Seki (CLG-UFSC).<strong><span style=\"text-decoration: underline;\">Observadores:\u00a0<\/span><\/strong>Ant\u00f4nio A\u00e9cio Bandeira da Silva (ADUFPB), Roberto Boaventura (ADUFMAT), Maur\u00edcio F. Couto (ADUFMAT), Jos\u00e9 Antonio e Souza (ADUFF) e Gianfabio Franco (SEDUFSM).\u00a0<strong><span style=\"text-decoration: underline;\">Convidados:<\/span><\/strong>\u00a0Rob\u00e9rio Marcelo (UFRB\/APUB).<\/p>\n<p><strong><span style=\"text-decoration: underline;\">05\/09\/2015: Diretoria:\u00a0<\/span><\/strong>Jacob Paiva e Giovanni Frizzo\u00a0<strong><span style=\"text-decoration: underline;\">\u00a0Delegados:\u00a0<\/span><\/strong>Gilberto Francisco Alves de Melo (ADUFAC), Amazoneida S\u00e1 Peixoto Pinheiro (ADUA), Avery Ver\u00edssimo (SESDUF \u2013 RR), Wanderley Padilha (SINDUNIFESSPA-SSIND), Camila Soares Lippi (SINDUFAP), Sirliane de Souza Paiva (APRUMA), Sulianede Souza (APRUMA), Egmar Oliveira Souza Jr (SINDIFPI-PI), Mauric\u00e9lia C. Silva (ADUFPB), Sinedei de Moura Pereira (ADUFCG), Edilson Leite da Silva (ADUC), Salom\u00e3o Nunes Santiago (ADUFAL), Marcos Pedroso (ADUFS), Melissa Catrini da Silva (APUB), Juliano Pereira Campos (APUR), Lu\u00eds Augusto Vieira (ADUFG), Vanessa C. Furtado (ADUFMAT), Cust\u00f3dio Gouv\u00eaa Lopes da Motta (ASPESJF), J\u00falia Moretto Amancio (ADUFLA), Luciana Santos Collier (ADUFF), Allan Kenji Seki (CLG-UFSC).<strong><span style=\"text-decoration: underline;\">\u00a0Observadores:<\/span><\/strong>Antonio Aecio Bandeira da Silva (ADUFPB), Roberto Boaventura (ADUFMAT), Maur\u00edcio Couto (ADUMAT), Jos\u00e9 Ant\u00f4nio Souza (ADUFF), Heitor Fernandes (ADUR-RJ), Gianfabio Franco (SEDUFSM).<\/p>\n<p><strong><span style=\"text-decoration: underline;\">02 -INFORMES GERAIS:<\/span><\/strong><\/p>\n<p><strong>01\/09\/2015:\u00a0<\/strong>Giovani Frizzo da Diretoria do Andes-SN fez os informes relacionados \u00e0 reuni\u00e3o com o F\u00f3rum dos Servidores P\u00fablicos Federais, realizada no dia 31\/08\/2015, ressaltando alguns encaminhamentos da reuni\u00e3o: 1. Ato nos Estados nos dias 02\/09 e 03\/09. 2. Atividade no Congresso Nacional nos dias 02\/09 e 03\/09. 3.<\/p>\n<p><strong>03\/09\/2015:<\/strong>\u00a0Giovanni Frizzo trouxe o informe sobre a reuni\u00e3o do F\u00f3rum dos Servidores P\u00fablicos Federais (SPF), do dia 02\/09\/2015, cuja pauta foi a realiza\u00e7\u00e3o de Ato do dia 09\/09\/2015. Participaram 8 (oito) entidades as quais, ap\u00f3s \u00a0informes e pondera\u00e7\u00f5es a respeito da proposta em quest\u00e3o deliberaram: realizar reuni\u00e3o ampliada dos SPF no dia 09\/09\/2015. Construir Ato contra os cortes dos pontos; encaminhar e protocolar no MPOG of\u00edcios solicitando audi\u00eancias para tratar do retorno do governo, ainda pendente, em rela\u00e7\u00e3o \u00e0 negativa do F\u00f3rum quanto \u00e0 proposta de reajuste de 21,3%, em quatro 4 (quatro) anos, bem como para tratar das consigna\u00e7\u00f5es.<\/p>\n<p><strong>04\/09\/2015:<\/strong><\/p>\n<ol>\n<li><strong>a)<\/strong>\u00a0<strong>Relato da Reuni\u00e3o do CNG\/ANDES-SN com o Secret\u00e1rio de Ensino Superior do MEC, Jesualdo Farias:<\/strong><\/li>\n<\/ol>\n<p>A reuni\u00e3o, prevista para as 16 horas, teve in\u00edcio \u00e0s 16 h 40. Participaram, pelo CNG, Paulo Rizzo e Marinalva Oliveira (da diretoria), Lu\u00eds Augusto Vieira (UFG), J\u00falia M. Am\u00e2ncio (UFLA) e Jo\u00e3o Negr\u00e3o (UFPR). Pela SESU, estavam o Secret\u00e1rio, Jesualdo Farias, Dulce Maria Trist\u00e3o, Diretora de Desenvolvimento da Rede de Institui\u00e7\u00f5es Federais de Ensino Superior \u2013 DIFES e uma secret\u00e1ria. Participou, ainda, Luiza Foltran, do Comando de Greve dos Estudantes da UFRJ.<\/p>\n<p>Ap\u00f3s abrir a reuni\u00e3o, o Secret\u00e1rio passou a palavra ao Presidente do ANDES-SN que exp\u00f4s brevemente os itens definidos pelo CNG para negocia\u00e7\u00e3o e que haviam sido encaminhados por carta \u00e0 SESU (Comunicado 35 do CNG, de 26\/08\/2015), agrupados em\u00a0<strong>\u201c<\/strong><strong>Defesa do car\u00e1ter p\u00fablico da universidade\u201d, \u201cCondi\u00e7\u00f5es de trabalho\u201d, \u201cGarantia de autonomia\u201d, \u201cReestrutura\u00e7\u00e3o da carreira\u201d e \u201cValoriza\u00e7\u00e3o salarial de ativos e aposentados\u201d. Nesta apresenta\u00e7\u00e3o, Paulo Rizzo solicitou, mais uma vez, que a SESU disponibilizasse os dados relativos a vagas existentes em cada institui\u00e7\u00e3o.<\/strong><\/p>\n<p>O secret\u00e1rio iniciou sua fala bastante agressivo, argumentando que se o sindicato queria os dados das vagas distribu\u00eddos para cada universidade, deveria pedir a cada reitoria ou \u00e0 ANDIFES, que ele n\u00e3o podia repassar todos dados para n\u00e3o expor os reitores e n\u00e3o sabia sobre o andamento dos concursos em cada IFES. Marinalva tomou a palavra e reagiu com firmeza, argumentando que havia uma greve, que est\u00e1vamos ali para negociar e que as informa\u00e7\u00f5es eram solicitadas por serem necess\u00e1rias \u00e0 negocia\u00e7\u00e3o, que elas eram p\u00fablicas e que estavam, ent\u00e3o, sendo solicitadas no lugar correto. Recompostos os \u00e2nimos do Secret\u00e1rio, a reuni\u00e3o teve continuidade.<\/p>\n<p>A reuni\u00e3o prosseguiu e o Secret\u00e1rio forneceu os seguintes dados gerais:<\/p>\n<p>1 \u2013 Vagas e Concursos: Existem hoje (dados de 31\/08\/15) 78.567 docentes da carreira do magist\u00e9rio superior e 9.638 cargos vagos, nas IFES, em rela\u00e7\u00e3o aos quais pode haver diferen\u00e7as: concursos j\u00e1 realizados, mas que n\u00e3o houve a posse, concursos em andamento e concursos ainda por fazer. Isto \u00e9, s\u00e3o vagas que n\u00e3o precisam de autoriza\u00e7\u00e3o do governo. H\u00e1, ainda, 104.804 STA, e 7.646 cargos vagos, na mesma situa\u00e7\u00e3o que os dos docentes acima. O MEC est\u00e1, desde o in\u00edcio do ano, aguardando o MPOG liberar 4.090 vagas, 150 para o cargo de Titular Livre e 5.901 de STA. Tramita o PL 6.244\/2013, que cria 5.320 cargos de docentes e 3.985 de STA.<\/p>\n<p>Questionado sobre dados da carreira de EBTT, o Secret\u00e1rio alegou n\u00e3o dispor deles no momento, mas que a Diretora Dulce nos passaria posteriormente esses dados.<\/p>\n<p>2 \u2013 Obras: O Secret\u00e1rio apresentou dados que tinha \u00e0 disposi\u00e7\u00e3o sobre o per\u00edodo do REUNI, de 2007 a 2015. Segundo ele, foram contratadas 4.554 obras, das quais 3.491 foram finalizadas, 609 est\u00e3o em execu\u00e7\u00e3o, 280 est\u00e3o em processo de licita\u00e7\u00e3o e que 174 encontram-se paralisadas, mas que apenas uma seria por falta de recursos, enquanto as demais estariam paradas por outros motivos, tais como libera\u00e7\u00f5es de alvar\u00e1s, embargos, desist\u00eancia das empresas, entre outros.<\/p>\n<p>3 \u2013 Verbas: quanto ao or\u00e7amento de 2015. O Secret\u00e1rio afirmou que o MEC n\u00e3o tem como reverter os cortes, que o Or\u00e7amento, j\u00e1 com os cortes, totaliza R$ 37,2 bilh\u00f5es, sendo R$ 29,4 bilh\u00f5es para pessoal e R$ 5,27 bilh\u00f5es para custeio, dos quais, 90% j\u00e1 foi liberado. Falou ainda da necessidade de se aperfei\u00e7oar a matriz ANDIFES que faz a distribui\u00e7\u00e3o de verbas de custeio entre as universidades<\/p>\n<p>Em rela\u00e7\u00e3o aos cortes e \u00e0 situa\u00e7\u00e3o financeira das universidades, o Secret\u00e1rio insistiu, por mais de uma vez, que h\u00e1 problemas pontuais em meia d\u00fazia de universidades e que, portanto, n\u00e3o haveria uma situa\u00e7\u00e3o cr\u00edtica generalizada. Sobre isso, manifestaram-se os representantes do CNG, para dizerem que vivenciam o cotidiano de suas institui\u00e7\u00f5es e que a precariza\u00e7\u00e3o est\u00e1 presente em todas.<\/p>\n<p>O Secret\u00e1rio comprometeu-se a responder por escrito o documento do CNG, tendo manifestado verbalmente o seguinte;<\/p>\n<p>4 \u2013 Sobre contrata\u00e7\u00e3o por OS. Disse desconhecer dentro do MEC inten\u00e7\u00f5es relativas a este tipo de contrata\u00e7\u00e3o, comprometendo-se a falar com o ministro no sentido dele se posicionar oficialmente conforme solicita o CNG.<\/p>\n<p>5 \u2013 Quanto \u00e0 PEC 395 (cursos de especializa\u00e7\u00e3o pagos), salientou que concordava com a PEC e que esta vinha a resolver um grande problema para as universidades que hoje enfrentam den\u00fancias e processos com base na defesa da inconstitucionalidade.<\/p>\n<p>6 \u2013 Quanto aos cargos extintos (terceirizados \u2013 limpeza, seguran\u00e7a, etc.) n\u00e3o v\u00ea possibilidade de revers\u00e3o desse quadro. MEC est\u00e1 discutindo com a FASUBRA para uma revis\u00e3o da carreira dos STA, mas sem possibilidade de reativar cargos que hoje s\u00e3o terceirizados.<\/p>\n<p>7 \u2013 Ainda sobre as verbas, afirmou que para 2016 o or\u00e7amento do MEC ser\u00e1 o mesmo, por\u00e9m o or\u00e7amento para as universidades dever\u00e1 aumentar.<\/p>\n<p>8 \u2013 Voltou a defender o PL 2.177 (Marco Regulat\u00f3rio da Ci\u00eancia e Tecnologia) e sobre a reivindica\u00e7\u00e3o de revoga\u00e7\u00e3o da Lei 9.192\/95 (Elei\u00e7\u00e3o de dirigentes) e do Art. 56 da LDB (Composi\u00e7\u00e3o dos colegiados), afirmou ser favor\u00e1vel a que os processos eleitorais sejam definidos e se encerrem no interior das institui\u00e7\u00f5es, mas que pessoalmente \u00e9 contr\u00e1rio \u00e0 paridade nos colegiados.<\/p>\n<p>Ficaram definidos dois encaminhamentos:<\/p>\n<p>1) O Secret\u00e1rio vai insistir para que seja marcada reuni\u00e3o com a SRT\/MPOG (Sergio Mendon\u00e7a), com a participa\u00e7\u00e3o do MEC para tratar da reestrutura\u00e7\u00e3o da carreira;<\/p>\n<p>2) Logo que responder por escrito, agendar\u00e1 reuni\u00e3o com o CNG\/ANDES logo em seguida.<\/p>\n<p>Tendo em vista a disposi\u00e7\u00e3o do MEC de participar da mesa setorial no MPOG, os representantes do CNG insistiram que a demanda pela libera\u00e7\u00e3o das vagas, que o MPOG ainda n\u00e3o liberou, seja assunto a ser tratado tamb\u00e9m na mesa setorial.<\/p>\n<p>Ao final, foi aberta a palavra \u00e0 estudante Luiza Foltran, que pontuou as demandas do Comando de Greve dos Estudantes da UFRJ e dos demais estudantes. O Secret\u00e1rio sinalizou que o MEC j\u00e1 est\u00e1 trabalhando para ampliar o atendimento \u00e0 assist\u00eancia estudantil, mas n\u00e3o se comprometeu em reunir com os estudantes em greve, apenas disse que quando necess\u00e1rio o processo seria discutido com os representantes<\/p>\n<p><strong>INTENSIFICAR A UNIDADE E RADICALIZAR AS A\u00c7\u00d5ES PARA GARANTIR CONQUISTAS NA NEGOCIA\u00c7\u00c3O<\/strong><\/p>\n<p>Num contexto marcado pela avalanche de dados econ\u00f4micos negativos e pelo aprofundamento da crise pol\u00edtica do governo, atendendo ao chamado do CNG-ANDES-SN, bem como do F\u00f3rum dos Servidores P\u00fablicos Federais (SPF), foram engendradas a\u00e7\u00f5es contundentes pelo conjunto dos docentes durante toda a semana: atividades de rua, trancamento de vias, ocupa\u00e7\u00f5es e atos nas reitorias, dentre outras, foram realizadas Brasil afora. O dia 03 de setembro (quinta-feira) \u2013 dia da reuni\u00e3o com a SESu\/MEC \u2013 foi particular nesse sentido. A categoria, demonstrando vigor nas a\u00e7\u00f5es e disponibilidade de luta, mostrou ao governo e \u00e0 sociedade que est\u00e1 atenta ao cen\u00e1rio nacional e que n\u00e3o recuar\u00e1 \u00e0s investidas do governo contra a educa\u00e7\u00e3o p\u00fablica. Dessa forma, militantes dos diversos segmentos dos SPF \u2013 e em especial os docentes das Entidades Federais de Ensino (IFE), em conjunto com o movimento estudantil \u2013 n\u00e3o hesitaram em vestir sua indigna\u00e7\u00e3o e bradar em alto e bom tom que t\u00eam disposi\u00e7\u00e3o de lutas e de radicaliza\u00e7\u00e3o de suas a\u00e7\u00f5es.<\/p>\n<p>Nos \u00faltimos dias, o CNG-ANDES-SN participou das reuni\u00f5es arrancadas com o governo por meio das a\u00e7\u00f5es radicalizadas dos dias 27 e 28 em Bras\u00edlia. No que diz respeito \u00e0 reuni\u00e3o do Minist\u00e9rio de Planejamento, Or\u00e7amento e Gest\u00e3o (MPOG) com o f\u00f3rum dos SPF, na manh\u00e3 do dia 31 de agosto, o Secret\u00e1rio de Rela\u00e7\u00f5es de Trabalho no Servi\u00e7o P\u00fablico, S\u00e9rgio Mendon\u00e7a, reiterou a proposta feita anteriormente (21,3% parcelados em quatro anos), sendo outra vez rejeitada por todas as entidades presentes. O entendimento \u00e9 de que \u2013 al\u00e9m de n\u00e3o cobrir as perdas salariais reais \u2013 tal proposta \u00e9 uma afronta ao conjunto dos SPF, deixando-os \u201camarrados\u201d por quatro anos com reposi\u00e7\u00f5es irris\u00f3rias. S\u00e9rgio Mendon\u00e7a foi pressionado pelas entidades do F\u00f3rum a rever a plurianualidade de quatro anos para um poss\u00edvel acordo, comprometendo-se a agendar nova reuni\u00e3o para responder a essa quest\u00e3o.<\/p>\n<p>No per\u00edodo da tarde do mesmo dia (31\/08\/2015), outra reuni\u00e3o \u2013 espec\u00edfica sobre a mesa setorial dos docentes federais \u2013 foi realizada com o MPOG, mas sem a presen\u00e7a do MEC. Na ocasi\u00e3o, S\u00e9rgio Mendon\u00e7a reiterou a proposta salarial que, ao n\u00e3o repor as perdas inflacion\u00e1rias, mais se caracteriza como arrocho salarial do que como reajuste. Sobre a Carreira Docente, o governo prop\u00f4s a cria\u00e7\u00e3o de um comit\u00ea provis\u00f3rio (tal qual um GT) para estudar sua reestrutura\u00e7\u00e3o; todavia, s\u00f3 tendo efetivas altera\u00e7\u00f5es a partir de 2020 (ao final do acordo plurianual). Dessa forma, ficaram evidentes os entraves que o governo vem, sistematicamente, colocando na mesa de negocia\u00e7\u00e3o quando se trata do conjunto de nossas pautas setoriais.<\/p>\n<p>Na reuni\u00e3o realizada em 3 de setembro, entre a SESu\/MEC e o CNG-ANDES-SN, o Secret\u00e1rio do Ensino Superior, Jesualdo Farias, reconheceu os impactos negativos dos cortes or\u00e7ament\u00e1rios nas IFE. Por outro lado, afirmou que somente \u201cmeia d\u00fazia\u201d de IFE est\u00e1 com problemas de falta de recurso; logo, as responsabilidades por isso deveriam ser verificadas. Farias foi enf\u00e1tico ao dizer que n\u00e3o haver\u00e1 revers\u00e3o dos cortes deste ano. Essa manifesta\u00e7\u00e3o demonstra explicitamente que, al\u00e9m de ignorar os problemas estruturais que as IFE est\u00e3o enfrentando, h\u00e1 tamb\u00e9m intransig\u00eancia do governo, na medida em que os cortes causadores dos problemas estruturais ser\u00e3o mantidos. Cabe ressaltar que, neste momento de retomada de negocia\u00e7\u00e3o, o Secret\u00e1rio da SESu\/MEC frisa a necessidade de restringir ainda mais o acesso ao Programa Nacional de Assist\u00eancia Estudantil (PNAES), no sentido oposto da universaliza\u00e7\u00e3o da assist\u00eancia estudantil.<\/p>\n<p>Refor\u00e7ando a l\u00f3gica mercantil e privatista da educa\u00e7\u00e3o, Jesualdo Farias manifestou que o MEC \u00e9 totalmente favor\u00e1vel \u00e0 aprova\u00e7\u00e3o da Proposta de Emenda Constitucional (PEC) 395\/2014, que visa regularizar o ensino pago em estabelecimentos oficiais em cursos como, especializa\u00e7\u00e3o, aperfei\u00e7oamento e outros.<\/p>\n<p>Em que pese as manifesta\u00e7\u00f5es da SESu\/MEC, na audi\u00eancia do dia 03 de setembro, alguns elementos apresentados por Jesualdo Farias merecem ser avaliados no andamento das negocia\u00e7\u00f5es, a exemplo de sua afirma\u00e7\u00e3o de que desconhece \u2013 por parte do MEC \u2013 a inten\u00e7\u00e3o de efetivar contrata\u00e7\u00f5es via Organiza\u00e7\u00f5es Sociais (OS) nas IFE. O secret\u00e1rio se comprometeu, ainda, solicitar ao ministro Renato Janine um posicionamento sobre a quest\u00e3o.<\/p>\n<p>No que tange \u00e0s vagas para concursos, o secret\u00e1rio da SESu\/MEC diz que h\u00e1 4.090 vagas para professores em regime de Dedica\u00e7\u00e3o Exclusiva e 150 para professores titulares, al\u00e9m de 5.091 para t\u00e9cnico-administrativos a serem liberadas pelo MPOG desde o in\u00edcio deste ano. O CNG-ANDES-SN compreende que, caso essas vagas n\u00e3o sejam liberadas, cabe-nos cobrar tal libera\u00e7\u00e3o na mesa setorial com MPOG. Na mesma reuni\u00e3o, o Secret\u00e1rio tamb\u00e9m afirmou que j\u00e1 est\u00e1 de posse das reitorias outras 9.000 vagas. Contudo, de modo intransigente, nega ao CNG-ANDES-SN o acesso \u00e0 planilha com essas vagas.<\/p>\n<p>Na discuss\u00e3o sobre Autonomia das IFE, o secret\u00e1rio demonstrou ignorar a pauta defendida historicamente pelos docentes federais em greve. Somente ap\u00f3s a apresenta\u00e7\u00e3o da reivindica\u00e7\u00e3o, afirmou ser favor\u00e1vel que as elei\u00e7\u00f5es para dirigentes sejam resolvidas no \u00e2mbito da institui\u00e7\u00e3o; todavia, isso n\u00e3o \u00e9 posi\u00e7\u00e3o oficial do MEC.<\/p>\n<p>Sobre a Carreira Docente, a SESu\/MEC reconhece a necessidade imediata de sua reestrutura\u00e7\u00e3o, com impacto financeiro j\u00e1 para 2016. Esta postura da SESu\/MEC se contrap\u00f5e \u00e0 proposta do MPOG, que previa impactos financeiras apenas para 2020. Diante disso, Jesualdo Farias comprometeu-se a participar da pr\u00f3xima reuni\u00e3o setorial no MPOG para tratar da Carreira.<\/p>\n<p>Os representantes do CNG-ANDES-SN cobraram do secret\u00e1rio respostas dos elementos da negocia\u00e7\u00e3o. Assim, ele se comprometeu, tamb\u00e9m, em responder por escrito os elementos da negocia\u00e7\u00e3o (Comunicado CNG n.35), al\u00e9m de marcar nova reuni\u00e3o.<\/p>\n<p>Aos 100 dias de paralisa\u00e7\u00e3o, o CNG-ANDES-SN continua apontando o quanto \u00e9 expl\u00edcita a op\u00e7\u00e3o do governo por uma pol\u00edtica privatista, a favor dos empres\u00e1rios da educa\u00e7\u00e3o e dos sistem\u00e1ticos ataques aos direitos trabalhistas. Refor\u00e7a esta conclus\u00e3o, o fato do governo, nesta semana, ter apresentado o Projeto de Lei Or\u00e7ament\u00e1ria Anual (PLOA) 2016, com d\u00e9ficit de 30,5 bilh\u00f5es, prenunciando mais arrocho salarial e cortes. Al\u00e9m disso, a cria\u00e7\u00e3o do F\u00f3rum de Debates sobre Pol\u00edticas de Emprego, Trabalho, Renda e Previd\u00eancia \u2013 pela Secretaria Geral da Presid\u00eancia \u2013 intensifica os ataques aos direitos de aposentadoria da classe trabalhadora.<\/p>\n<p>Atentos a esses fatos, os docentes federais denunciam e repudiam a insist\u00eancia dessa pol\u00edtica que prioriza destinar 46% do PIB para pagar juros de uma d\u00edvida p\u00fablica que merece urgente auditoria, preterindo os setores p\u00fablicos, principalmente, nas \u00e1reas de sa\u00fade e educa\u00e7\u00e3o.<\/p>\n<p>Com isso, o CNG-ANDES-SN reitera que, nas pr\u00f3ximas semanas, o imperativo de luta e de unidade da categoria, dos SPF e do conjunto da classe trabalhadora deve ser mantido,\u00a0especialmente\u00a0na constru\u00e7\u00e3o da\u00a0Marcha Nacional dos Trabalhadores e do Encontro Nacional de Lutadores, a serem realizados nos dias 18 e 19 de setembro, em S\u00e3o Paulo. O\u00a0momento \u00e9 de negocia\u00e7\u00e3o. A greve e as a\u00e7\u00f5es, a exemplo das que ocorreram recentemente, devem continuar e ser intensificadas para o pr\u00f3ximo per\u00edodo.<\/p>\n<p><strong><span style=\"text-decoration: underline;\">04 \u2013 ENCAMINHAMENTOS:<\/span><\/strong><\/p>\n<ol>\n<li>Os CLG devem intensificar a\u00e7\u00f5es radicalizadas nas reitorias para cobrar as pautas locais e concurso p\u00fablico dos 9.638 cargos vagos. Al\u00e9m de cobrar dos reitores a transpar\u00eancia sobre os impactos dos cortes que eles est\u00e3o tratando com a Sesu\/MEC;<\/li>\n<li>Convocar os CLG a intensificar as a\u00e7\u00f5es em conjunto com os SPF em espa\u00e7os p\u00fablicos e m\u00eddia, especialmente na semana de 8 a 11 de setembro, visando pressionar o MEC e o MPOG a responder a pauta espec\u00edfica e geral;<\/li>\n<li>Organizar e enviar docentes \u00e0 Bras\u00edlia para reuni\u00e3o ampliada dos SPF no dia 9 de setembro;<\/li>\n<li>Que os CLG e se\u00e7\u00f5es sindicais organizem caravanas a S\u00e3o Paulo, nos dias 18 e 19 de setembro para participarem da Marcha Nacional dos Trabalhadores e do Encontro Nacional de Lutadores;<\/li>\n<li>Que os CLG, em unidade com estudantes e t\u00e9cnico-administrativos, articulem apresentar aos parlamentares federais nos estados o MANIFESTO EM DEFESA DA EDUCA\u00c7\u00c3O P\u00daBLICA E CONTRA A PEC 395\/2014 (enviado no Comunicado n.34 de 21 de agosto), pressionando-os para que adotem posi\u00e7\u00e3o contr\u00e1ria ao tema.<\/li>\n<\/ol>\n<p><strong>05 \u2013\u00a0<span style=\"text-decoration: underline;\">MO\u00c7\u00d5ES<\/span>:<\/strong><\/p>\n<p><strong><span style=\"text-decoration: underline;\"><br \/>\n<\/span><\/strong><strong><span style=\"text-decoration: underline;\">MO\u00c7\u00c3O DE APOIO \u00c0 GREVE NACIONAL DOS PROFESSORES<\/span><\/strong><\/p>\n<p>Recife, 02 de setembro de 2015.<\/p>\n<p>Os docentes da Universidade Federal Rural de Pernambuco (UFRPE), reunidos em Assembl\u00e9ia Geral na sede da ADUFERPE \u2013 Se\u00e7\u00e3o Sindical do ANDES \u2013 SN, no dia 02\/ 09\/2015, manifestam seu apoio aos professores de todas as IFE que aderiram \u00e0 Greve Nacional dos docentes e que lutam: pela reestrutura\u00e7\u00e3o da Carreira Docente; pela valoriza\u00e7\u00e3o salarial de ativos e aposentados; pela revers\u00e3o dos cortes no or\u00e7amento, com a garantia dos valores previstos na Lei Or\u00e7ament\u00e1ria de 2015 e as suplementa\u00e7\u00f5es necess\u00e1rias para garantir a manuten\u00e7\u00e3o e investimentos j\u00e1 previstos, levando em conta as demandas pela qualidade do trabalho e estudo, incluindo a assist\u00eancia e perman\u00eancia estudantil; pela garantia da gratuidade em todos os n\u00edveis, com o apoio do MEC \u00e0 retirada de pauta ou rejei\u00e7\u00e3o da PEC 395\/2014 (que libera a cobran\u00e7a de taxas aos estudantes de cursos de aperfei\u00e7oamento e especializa\u00e7\u00e3o); pela revoga\u00e7\u00e3o da Lei 9192\/95 e o par\u00e1grafo \u00fanico do artigo 56 da Lei 9394\/96 (LDB) que ferem os preceitos constitucionais da democracia e da autonomia (composi\u00e7\u00e3o dos conselhos superiores e a escolha dos dirigentes); incondicionalmente, em defesa do car\u00e1ter p\u00fablico da universidade, garantia de autonomia e condi\u00e7\u00f5es dignas de trabalho docente.<\/p>\n<p><strong><span style=\"text-decoration: underline;\">MO\u00c7\u00c3O DE REP\u00daDIO CNG-ANDES-SN AO REITOR DA UNIVERSIDADE FEDERAL FLUMINENSE<\/span><\/strong><\/p>\n<p>Bras\u00edlia, 05 de setembro de 2015.<\/p>\n<p>O Comando Nacional de Greve do ANDES\/SN repudia, veementemente, as notas divulgadas pelo\u00a0reitor da Universidade Federal Fluminense, Sidney Mello, primeiro via facebook e depois no site oficial da universidade. Em seu pronunciamento, o reitor classifica o movimento grevista de \u201cirrespons\u00e1vel\u201d, acusando a ADUFF e o SINTUFF de ter provocado um acidente de tr\u00e2nsito. Al\u00e9m disso, trata o ato realizado, no dia 03\/09\/2015, por docentes, estudantes, funcion\u00e1rios t\u00e9cnico-administrativos, trabalhadores demitidos do COMPERJ nos jardins da reitoria desta Universidade, como \u201cinvas\u00e3o\u201d e \u201cbaderna\u201d. Em sua declara\u00e7\u00e3o, o reitor ainda afirma que este ato de \u201cdesrespeito e viol\u00eancia\u201d inviabiliza a continuidade das negocia\u00e7\u00f5es. Cabe enfatizar que um ato realizado por trabalhadores, estudantes da universidade e Movimentos Sociais, n\u00e3o pode ser classificado como invas\u00e3o e que desde o in\u00edcio da greve, o Professor Sidney Mello, atual reitor da UFF, n\u00e3o recebeu nenhum dos tr\u00eas comandos de greve \u2013 docente, estudantil e dos funcion\u00e1rios t\u00e9cnico-administrativos \u2013 para iniciar qualquer negocia\u00e7\u00e3o.<\/p>\n<p><strong><span style=\"text-decoration: underline;\">MO\u00c7\u00c3O DE REP\u00daDIO DO CNG-ANDES\/SN \u00c0S ATITUDES ANTIGREVISTAS DA REITORIA DA UNIVERSIDADE FEDERAL DO ACRE<\/span><\/strong><\/p>\n<p>Bras\u00edlia- 05\/09\/2015<\/p>\n<p>O Comando Nacional de Greve expressa rep\u00fadio \u00e0s atitudes antigrevistas da reitoria da Universidade Federal do Acre-UFAC que, apesar de ter expressado apoio ao movimento no site da Institui\u00e7\u00e3o, vem desrespeitando a greve docente ao negar a solicita\u00e7\u00e3o do CLG de abertura de negocia\u00e7\u00e3o da pauta local, constru\u00edda de forma leg\u00edtima pela categoria docente.<\/p>\n<p><strong>06 \u2013<\/strong>\u00a0<strong><span style=\"text-decoration: underline;\">\u00a0QUADRO ATUALIZADO DA DEFLAGRA\u00c7\u00c3O DA GREVE NAS IFE:<\/span><\/strong><\/p>\n<p>(Em destaque as Se\u00e7\u00f5es com novas deflagra\u00e7\u00f5es)<\/p>\n<table style=\"width: 568px;\">\n<tbody>\n<tr>\n<td width=\"67\"><strong>N\u00b0<\/strong><\/td>\n<td width=\"152\"><strong>Se\u00e7\u00e3o Sindical<\/strong><\/td>\n<td width=\"350\"><strong>IFE<\/strong><\/td>\n<\/tr>\n<tr>\n<td width=\"67\">1<\/td>\n<td width=\"152\">ADUFAC<\/td>\n<td width=\"350\">Universidade Federal do Acre<\/td>\n<\/tr>\n<tr>\n<td width=\"67\">2<\/td>\n<td width=\"152\">ADUA<\/td>\n<td width=\"350\">Universidade Federal do Amazonas<\/td>\n<\/tr>\n<tr>\n<td width=\"67\">3<\/td>\n<td width=\"152\">SINDUFAP<\/td>\n<td width=\"350\">Universidade Federal do Amap\u00e1<\/td>\n<\/tr>\n<tr>\n<td width=\"67\">4<\/td>\n<td width=\"152\">ADUFRA<\/td>\n<td width=\"350\">Universidade Federal Rural da Amaz\u00f4nia<\/td>\n<\/tr>\n<tr>\n<td width=\"67\">5<\/td>\n<td width=\"152\">ADUFPA<\/td>\n<td width=\"350\">Universidade Federal do Par\u00e1<\/td>\n<\/tr>\n<tr>\n<td width=\"67\">6<\/td>\n<td width=\"152\">SINDUNIFESSPA<\/td>\n<td width=\"350\">Universidade Federal do Sul e Sudeste do Par\u00e1<\/td>\n<\/tr>\n<tr>\n<td width=\"67\">7<\/td>\n<td width=\"152\">SINDUFOPA<\/td>\n<td width=\"350\">Universidade Federal do Oeste do Par\u00e1<\/td>\n<\/tr>\n<tr>\n<td width=\"67\">8<\/td>\n<td width=\"152\">ADUNIR<\/td>\n<td width=\"350\">Universidade Federal de Rond\u00f4nia<\/td>\n<\/tr>\n<tr>\n<td width=\"67\">9<\/td>\n<td width=\"152\">SESDUF-RR<\/td>\n<td width=\"350\">Universidade Federal de Roraima<\/td>\n<\/tr>\n<tr>\n<td width=\"67\">10<\/td>\n<td width=\"152\">SESDUFT<\/td>\n<td width=\"350\">Universidade Federal de Tocantins<\/td>\n<\/tr>\n<tr>\n<td width=\"67\">11<\/td>\n<td width=\"152\">SINDIFPI<\/td>\n<td width=\"350\">Instituto Federal do Piau\u00ed<\/td>\n<\/tr>\n<tr>\n<td width=\"67\">12<\/td>\n<td width=\"152\">ADUFERSA<\/td>\n<td width=\"350\">Universidade Federal Rural do Semi\u00e1rido<\/td>\n<\/tr>\n<tr>\n<td width=\"67\">13<\/td>\n<td width=\"152\">ADUFAL<\/td>\n<td width=\"350\">Universidade Federal de Alagoas<\/td>\n<\/tr>\n<tr>\n<td width=\"67\">14<\/td>\n<td width=\"152\">ADUFS<\/td>\n<td width=\"350\">Universidade Federal de Sergipe<\/td>\n<\/tr>\n<tr>\n<td width=\"67\">15<\/td>\n<td width=\"152\">ADUFPB<\/td>\n<td width=\"350\">Universidade Federal da Para\u00edba<\/td>\n<\/tr>\n<tr>\n<td width=\"67\">16<\/td>\n<td width=\"152\">SINDUNIVASF<\/td>\n<td width=\"350\">Universidade do Vale do S\u00e3o Francisco<\/td>\n<\/tr>\n<tr>\n<td width=\"67\">17<\/td>\n<td width=\"152\">APUB<\/td>\n<td width=\"350\">Universidade Federal da Bahia<\/td>\n<\/tr>\n<tr>\n<td width=\"67\">18<\/td>\n<td width=\"152\">APUR<\/td>\n<td width=\"350\">Universidade do Rec\u00f4ncavo da Bahia<\/td>\n<\/tr>\n<tr>\n<td width=\"67\">19<\/td>\n<td width=\"152\">ADUFOB<\/td>\n<td width=\"350\">Universidade Federal do Oeste da Bahia<\/td>\n<\/tr>\n<tr>\n<td width=\"67\">20<\/td>\n<td width=\"152\">APRUMA<\/td>\n<td width=\"350\">Universidade Federal do Maranh\u00e3o<\/td>\n<\/tr>\n<tr>\n<td width=\"67\">21<\/td>\n<td width=\"152\">ADUFCG<\/td>\n<td width=\"350\">Universidade Federal de Campina Grande<\/td>\n<\/tr>\n<tr>\n<td width=\"67\">22<\/td>\n<td width=\"152\">ADUFCG-PATOS<\/td>\n<td width=\"350\">Universidade Federal de Campina Grande \u2013 Patos<\/td>\n<\/tr>\n<tr>\n<td width=\"67\">23<\/td>\n<td width=\"152\">ADUC<\/td>\n<td width=\"350\">Universidade Federal de Campina Grande \u2013 Cajazeiras<\/td>\n<\/tr>\n<tr>\n<td width=\"67\">24<\/td>\n<td width=\"152\">ADUFMAT<\/td>\n<td width=\"350\">Universidade Federal do Mato Grosso<\/td>\n<\/tr>\n<tr>\n<td width=\"67\">25<\/td>\n<td width=\"152\">ADUFMAT- RONDON\u00d3POLIS<\/td>\n<td width=\"350\">Universidade Federal do Mato Grosso \u2013 Rondon\u00f3polis<\/td>\n<\/tr>\n<tr>\n<td width=\"67\">26<\/td>\n<td width=\"152\">CAMPUS GOI\u00c1S<\/td>\n<td width=\"350\">Universidade Federal de Goi\u00e1s<\/td>\n<\/tr>\n<tr>\n<td width=\"67\">27<\/td>\n<td width=\"152\">ADCAJ<\/td>\n<td width=\"350\">Universidade Federal de Goi\u00e1s \u2013 Jata\u00ed<\/td>\n<\/tr>\n<tr>\n<td width=\"67\">28<\/td>\n<td width=\"152\">ADCAC<\/td>\n<td width=\"350\">Universidade Federal de Goi\u00e1s \u2013 Catal\u00e3o<\/td>\n<\/tr>\n<tr>\n<td width=\"67\">29<\/td>\n<td width=\"152\">ADUFDOURADOS<\/td>\n<td width=\"350\">Universidade Federal da Grande Dourados<\/td>\n<\/tr>\n<tr>\n<td width=\"67\">30<\/td>\n<td width=\"152\">ADUFMS<\/td>\n<td width=\"350\">Universidade Federal de Mato Grosso do Sul<\/td>\n<\/tr>\n<tr>\n<td width=\"67\">31<\/td>\n<td width=\"152\">SESDIFMT<\/td>\n<td width=\"350\">Instituto Federal do Mato Grosso<\/td>\n<\/tr>\n<tr>\n<td width=\"67\">32<\/td>\n<td width=\"152\">ADLESTE<\/td>\n<td width=\"350\">Universidade Federal do Mato Grosso do Sul \u2013 Tr\u00eas Lagoas<\/td>\n<\/tr>\n<tr>\n<td width=\"67\">33<\/td>\n<td width=\"152\">ADUFF<\/td>\n<td width=\"350\">Universidade Federal Fluminense<\/td>\n<\/tr>\n<tr>\n<td width=\"67\">36<\/td>\n<td width=\"152\">ADOM<\/td>\n<td width=\"350\">Universidade Federal dos Vales do Jequitinhonha e Mucuri \u2013 Campus de Mucuri<\/td>\n<\/tr>\n<tr>\n<td width=\"67\">37<\/td>\n<td width=\"152\">ADUFLA<\/td>\n<td width=\"350\">Universidade Federal de Lavras<\/td>\n<\/tr>\n<tr>\n<td width=\"67\">38<\/td>\n<td width=\"152\">SINDFAFEID\u00a0\u00a0\u00a0\u00a0 ADUFVJM<\/td>\n<td width=\"350\">Universidade Federal dos Vales do Jequitinhonha e Mucuri \u2013 Campus de Diamantina<\/td>\n<\/tr>\n<tr>\n<td width=\"67\">39<\/td>\n<td width=\"152\">CLG \u2013 UFSC<\/td>\n<td width=\"350\">Universidade Federal de Santa Catarina<\/td>\n<\/tr>\n<tr>\n<td width=\"67\">40<\/td>\n<td width=\"152\">CLG \u2013 UNILAB<\/td>\n<td width=\"350\">Universidade da Integra\u00e7\u00e3o Internacional da Lusofonia Afro-Brasileira<\/td>\n<\/tr>\n<tr>\n<td width=\"67\">41<\/td>\n<td width=\"152\">ADUFOP<\/td>\n<td width=\"350\">Universidade Federal de Ouro Preto<\/td>\n<\/tr>\n<tr>\n<td rowspan=\"2\" width=\"67\">42<\/td>\n<td rowspan=\"2\" width=\"152\">APESJF<\/td>\n<td width=\"350\">Universidade Federal de Juiz de Fora<\/td>\n<\/tr>\n<tr>\n<td width=\"350\">Instituto Federal Sudeste de Minas Gerais<\/td>\n<\/tr>\n<tr>\n<td width=\"67\">43<\/td>\n<td width=\"152\">ADUNI-RIO<\/td>\n<td width=\"350\">Universidade Federal do Estado do Rio de Janeiro<\/td>\n<\/tr>\n<tr>\n<td width=\"67\">44<\/td>\n<td width=\"152\">APUFPR<\/td>\n<td width=\"350\">Universidade Federal do Paran\u00e1<\/td>\n<\/tr>\n<tr>\n<td width=\"67\">45<\/td>\n<td width=\"152\">ADUFPI<\/td>\n<td width=\"350\">Universidade Federal do Piau\u00ed<\/td>\n<\/tr>\n<tr>\n<td width=\"67\">46<\/td>\n<td rowspan=\"2\" width=\"152\">ADUFC<\/td>\n<td width=\"350\">Universidade Federal do Cear\u00e1<\/td>\n<\/tr>\n<tr>\n<td width=\"67\">47<\/td>\n<td width=\"350\">Universidade Federal do Cariri<\/td>\n<\/tr>\n<tr>\n<td width=\"67\">48<\/td>\n<td width=\"152\">ADUFTM<\/td>\n<td width=\"350\">Universidade Federal do Tri\u00e2ngulo Mineiro<\/td>\n<\/tr>\n<tr>\n<td width=\"67\">49<\/td>\n<td width=\"152\">CLG UFVJM \u2013 Una\u00ed<\/td>\n<td width=\"350\">Universidade Federal dos Vales do Jequitinhonha e Mucuri \u2013 Campus de Una\u00ed<\/td>\n<\/tr>\n<tr>\n<td width=\"67\"><strong>50<\/strong><\/td>\n<td width=\"152\"><strong>SINDIFPB<\/strong><\/td>\n<td width=\"350\"><strong>Instituto Federal da Para\u00edba<\/strong><\/td>\n<\/tr>\n<\/tbody>\n<\/table>\n<p><a href=\"http:\/\/www.adufpb.org.br\/greve\/wp-content\/uploads\/2015\/09\/reunic3a3o-ampliada-final-01.jpg\"><img loading=\"lazy\" decoding=\"async\" alt=\"reunic3a3o-ampliada-final-01\" src=\"http:\/\/www.adufpb.org.br\/greve\/wp-content\/uploads\/2015\/09\/reunic3a3o-ampliada-final-01.jpg\" width=\"3550\" height=\"5002\" \/><\/a><\/p>\n","protected":false},"excerpt":{"rendered":"<p>O Comando Nacional de Greve realizou reuni\u00e3o nos dias 01, 02, 03, 04 e 05 de setembro de 2015 com os seguintes pontos de pauta: 01 \u2013\u00a0LISTA DE PRESENTES 02 \u2013\u00a0INFORMES GERAIS 03 \u2013 AVALIA\u00c7\u00c3O 04 \u2013 ENCAMINHAMENTOS 05 \u2013 MO\u00c7\u00d5ES 06 \u2013\u00a0QUADRO ATUALIZADO DA DEFLAGRA\u00c7\u00c3O DA GREVE NAS IFE 01 \u2013 LISTA DE PRESENTES:&hellip;<\/p>\n","protected":false},"author":3,"featured_media":0,"comment_status":"closed","ping_status":"closed","sticky":false,"template":"","format":"standard","meta":{"footnotes":""},"categories":[15],"tags":[571,570,132],"class_list":["post-11996","post","type-post","status-publish","format-standard","hentry","category-noticias","tag-cng","tag-comunicado","tag-greve","category-15","description-off"],"_links":{"self":[{"href":"https:\/\/www.adufpb.org.br\/site\/wp-json\/wp\/v2\/posts\/11996","targetHints":{"allow":["GET"]}}],"collection":[{"href":"https:\/\/www.adufpb.org.br\/site\/wp-json\/wp\/v2\/posts"}],"about":[{"href":"https:\/\/www.adufpb.org.br\/site\/wp-json\/wp\/v2\/types\/post"}],"author":[{"embeddable":true,"href":"https:\/\/www.adufpb.org.br\/site\/wp-json\/wp\/v2\/users\/3"}],"replies":[{"embeddable":true,"href":"https:\/\/www.adufpb.org.br\/site\/wp-json\/wp\/v2\/comments?post=11996"}],"version-history":[{"count":1,"href":"https:\/\/www.adufpb.org.br\/site\/wp-json\/wp\/v2\/posts\/11996\/revisions"}],"predecessor-version":[{"id":11997,"href":"https:\/\/www.adufpb.org.br\/site\/wp-json\/wp\/v2\/posts\/11996\/revisions\/11997"}],"wp:attachment":[{"href":"https:\/\/www.adufpb.org.br\/site\/wp-json\/wp\/v2\/media?parent=11996"}],"wp:term":[{"taxonomy":"category","embeddable":true,"href":"https:\/\/www.adufpb.org.br\/site\/wp-json\/wp\/v2\/categories?post=11996"},{"taxonomy":"post_tag","embeddable":true,"href":"https:\/\/www.adufpb.org.br\/site\/wp-json\/wp\/v2\/tags?post=11996"}],"curies":[{"name":"wp","href":"https:\/\/api.w.org\/{rel}","templated":true}]}}