{"id":11937,"date":"2015-08-31T09:17:05","date_gmt":"2015-08-31T13:17:05","guid":{"rendered":"http:\/\/www.adufpb.org.br\/site\/?p=11937"},"modified":"2015-08-31T09:17:05","modified_gmt":"2015-08-31T13:17:05","slug":"professores-fazem-assembleia-nesta-segunda-feira","status":"publish","type":"post","link":"https:\/\/www.adufpb.org.br\/site\/professores-fazem-assembleia-nesta-segunda-feira\/","title":{"rendered":"Professores fazem assembleia nesta segunda-feira"},"content":{"rendered":"<p>Os professores da UFPB, em greve desde o dia 28 de maio, voltam a se reunir em assembleia geral nesta segunda-feira (31\/8). Em pauta: informes, avalia\u00e7\u00e3o da greve e encaminhamentos.<br \/>\nAs assembleias acontecem a partir das 15h nos campi de Jo\u00e3o Pessoa, Areia e Bananeiras. Em Jo\u00e3o Pessoa, a reuni\u00e3o ser\u00e1 no Centro de Viv\u00eancia. Em Areia e Bananeiras, nas sedes das subsecretarias locais da ADUFPB.<\/p>\n<p><em>Fonte: Ascom ADUFPB<\/em><\/p>\n","protected":false},"excerpt":{"rendered":"<p>Os professores da UFPB, em greve desde o dia 28 de maio, voltam a se reunir em assembleia geral nesta segunda-feira (31\/8). Em pauta: informes, avalia\u00e7\u00e3o da greve e encaminhamentos. As assembleias acontecem a partir das 15h nos campi de Jo\u00e3o Pessoa, Areia e Bananeiras. Em Jo\u00e3o Pessoa, a reuni\u00e3o ser\u00e1 no Centro de Viv\u00eancia.&hellip;<\/p>\n","protected":false},"author":3,"featured_media":11938,"comment_status":"closed","ping_status":"closed","sticky":false,"template":"","format":"standard","meta":{"footnotes":""},"categories":[417],"tags":[816],"class_list":["post-11937","post","type-post","status-publish","format-standard","has-post-thumbnail","hentry","category-noticias-destaque","tag-assembleia","category-417","description-off"],"_links":{"self":[{"href":"https:\/\/www.adufpb.org.br\/site\/wp-json\/wp\/v2\/posts\/11937","targetHints":{"allow":["GET"]}}],"collection":[{"href":"https:\/\/www.adufpb.org.br\/site\/wp-json\/wp\/v2\/posts"}],"about":[{"href":"https:\/\/www.adufpb.org.br\/site\/wp-json\/wp\/v2\/types\/post"}],"author":[{"embeddable":true,"href":"https:\/\/www.adufpb.org.br\/site\/wp-json\/wp\/v2\/users\/3"}],"replies":[{"embeddable":true,"href":"https:\/\/www.adufpb.org.br\/site\/wp-json\/wp\/v2\/comments?post=11937"}],"version-history":[{"count":1,"href":"https:\/\/www.adufpb.org.br\/site\/wp-json\/wp\/v2\/posts\/11937\/revisions"}],"predecessor-version":[{"id":11939,"href":"https:\/\/www.adufpb.org.br\/site\/wp-json\/wp\/v2\/posts\/11937\/revisions\/11939"}],"wp:featuredmedia":[{"embeddable":true,"href":"https:\/\/www.adufpb.org.br\/site\/wp-json\/wp\/v2\/media\/11938"}],"wp:attachment":[{"href":"https:\/\/www.adufpb.org.br\/site\/wp-json\/wp\/v2\/media?parent=11937"}],"wp:term":[{"taxonomy":"category","embeddable":true,"href":"https:\/\/www.adufpb.org.br\/site\/wp-json\/wp\/v2\/categories?post=11937"},{"taxonomy":"post_tag","embeddable":true,"href":"https:\/\/www.adufpb.org.br\/site\/wp-json\/wp\/v2\/tags?post=11937"}],"curies":[{"name":"wp","href":"https:\/\/api.w.org\/{rel}","templated":true}]}}