{"id":11934,"date":"2015-08-28T15:39:16","date_gmt":"2015-08-28T19:39:16","guid":{"rendered":"http:\/\/www.adufpb.org.br\/site\/?p=11934"},"modified":"2015-08-28T15:39:16","modified_gmt":"2015-08-28T19:39:16","slug":"professores-federais-em-greve-fazem-ato-em-frente-ao-mec","status":"publish","type":"post","link":"https:\/\/www.adufpb.org.br\/site\/professores-federais-em-greve-fazem-ato-em-frente-ao-mec\/","title":{"rendered":"Professores federais em greve fazem ato em frente ao MEC"},"content":{"rendered":"<p><a href=\"http:\/\/www.adufpb.org.br\/site\/wp-content\/uploads\/2015\/08\/28.08.2015_protesto_MEC_Bras\u00edlia.jpg\"><img loading=\"lazy\" decoding=\"async\" class=\"alignleft size-medium wp-image-11935\" alt=\"28.08.2015_protesto_MEC_Bras\u00edlia\" src=\"http:\/\/www.adufpb.org.br\/site\/wp-content\/uploads\/2015\/08\/28.08.2015_protesto_MEC_Bras\u00edlia-300x200.jpg\" width=\"300\" height=\"200\" srcset=\"https:\/\/www.adufpb.org.br\/site\/wp-content\/uploads\/2015\/08\/28.08.2015_protesto_MEC_Bras\u00edlia-300x200.jpg 300w, https:\/\/www.adufpb.org.br\/site\/wp-content\/uploads\/2015\/08\/28.08.2015_protesto_MEC_Bras\u00edlia.jpg 450w\" sizes=\"auto, (max-width: 300px) 100vw, 300px\" \/><\/a>Para exigir abertura de negocia\u00e7\u00e3o e marcar os tr\u00eas meses de greve, professores federais de todo o pa\u00eds realizam manifesta\u00e7\u00e3o nesta sexta-feira (28), em frente ao Minist\u00e9rio da Educa\u00e7\u00e3o (MEC), a partir das 10h. Eles cobram tamb\u00e9m um encontro com o ministro da pasta, Renato Janine Ribeiro, que at\u00e9 o momento, apesar de in\u00fameras solicita\u00e7\u00f5es, n\u00e3o se reuniu com os professores.<\/p>\n<p>Os docentes lutam pela revers\u00e3o dos cortes no or\u00e7amento da Educa\u00e7\u00e3o Federal, que j\u00e1 ultrapassam R$ 11 bilh\u00f5es e aprofundaram as condi\u00e7\u00f5es prec\u00e1rias de ensino nas Institui\u00e7\u00f5es Federais de Ensino (IFE).<\/p>\n<p>Nas universidades, estudantes, professores e t\u00e9cnicos sofrem com a redu\u00e7\u00e3o de bolsas, paralisa\u00e7\u00e3o de obras, cortes na p\u00f3s-gradua\u00e7\u00e3o, demiss\u00e3o de trabalhadores terceirizados, paralisa\u00e7\u00e3o de programas e suspens\u00e3o de novos projetos. V\u00e1rias institui\u00e7\u00f5es n\u00e3o t\u00eam recursos para o pagamento de despesas b\u00e1sicas essenciais como energia el\u00e9trica e materiais de limpeza e higiene.<\/p>\n<p>Al\u00e9m da recomposi\u00e7\u00e3o dos or\u00e7amentos das IFE e mais investimento em educa\u00e7\u00e3o, os professores em greve ir\u00e3o ao MEC cobrar resposta \u00e0 pauta de reivindica\u00e7\u00f5es da categoria, que tem como eixos centrais a defesa do car\u00e1ter p\u00fablico da universidade; melhores condi\u00e7\u00f5es de trabalho; garantia de autonomia; reestrutura\u00e7\u00e3o da carreira; e valoriza\u00e7\u00e3o salarial de ativos e aposentados.<\/p>\n<p><strong>Greve<\/strong><\/p>\n<p>A greve dos docentes federais, iniciada em 28 de maio, at\u00e9 o momento, conta com a ades\u00e3o de 40 se\u00e7\u00f5es sindicais.<\/p>\n<p><em>Fonte: Andes-SN<\/em><\/p>\n","protected":false},"excerpt":{"rendered":"<p>Para exigir abertura de negocia\u00e7\u00e3o e marcar os tr\u00eas meses de greve, professores federais de todo o pa\u00eds realizam manifesta\u00e7\u00e3o nesta sexta-feira (28), em frente ao Minist\u00e9rio da Educa\u00e7\u00e3o (MEC), a partir das 10h. Eles cobram tamb\u00e9m um encontro com o ministro da pasta, Renato Janine Ribeiro, que at\u00e9 o momento, apesar de in\u00fameras solicita\u00e7\u00f5es,&hellip;<\/p>\n","protected":false},"author":3,"featured_media":0,"comment_status":"closed","ping_status":"closed","sticky":false,"template":"","format":"standard","meta":{"footnotes":""},"categories":[15],"tags":[599,143,522,132,71,354],"class_list":["post-11934","post","type-post","status-publish","format-standard","hentry","category-noticias","tag-brasilia","tag-campanha-salarial","tag-cortes-no-orcamento","tag-greve","tag-mec","tag-protesto","category-15","description-off"],"_links":{"self":[{"href":"https:\/\/www.adufpb.org.br\/site\/wp-json\/wp\/v2\/posts\/11934","targetHints":{"allow":["GET"]}}],"collection":[{"href":"https:\/\/www.adufpb.org.br\/site\/wp-json\/wp\/v2\/posts"}],"about":[{"href":"https:\/\/www.adufpb.org.br\/site\/wp-json\/wp\/v2\/types\/post"}],"author":[{"embeddable":true,"href":"https:\/\/www.adufpb.org.br\/site\/wp-json\/wp\/v2\/users\/3"}],"replies":[{"embeddable":true,"href":"https:\/\/www.adufpb.org.br\/site\/wp-json\/wp\/v2\/comments?post=11934"}],"version-history":[{"count":1,"href":"https:\/\/www.adufpb.org.br\/site\/wp-json\/wp\/v2\/posts\/11934\/revisions"}],"predecessor-version":[{"id":11936,"href":"https:\/\/www.adufpb.org.br\/site\/wp-json\/wp\/v2\/posts\/11934\/revisions\/11936"}],"wp:attachment":[{"href":"https:\/\/www.adufpb.org.br\/site\/wp-json\/wp\/v2\/media?parent=11934"}],"wp:term":[{"taxonomy":"category","embeddable":true,"href":"https:\/\/www.adufpb.org.br\/site\/wp-json\/wp\/v2\/categories?post=11934"},{"taxonomy":"post_tag","embeddable":true,"href":"https:\/\/www.adufpb.org.br\/site\/wp-json\/wp\/v2\/tags?post=11934"}],"curies":[{"name":"wp","href":"https:\/\/api.w.org\/{rel}","templated":true}]}}