{"id":1192,"date":"2010-07-26T11:15:24","date_gmt":"2010-07-26T15:15:24","guid":{"rendered":"http:\/\/www.adufpb.org.br\/site\/conheca-o-pacote-de-medidas-sobre-autonomia-universitaria-assinado-por-lula\/"},"modified":"2010-07-26T11:25:10","modified_gmt":"2010-07-26T15:25:10","slug":"conheca-o-pacote-de-medidas-sobre-autonomia-universitaria-assinado-por-lula","status":"publish","type":"post","link":"https:\/\/www.adufpb.org.br\/site\/conheca-o-pacote-de-medidas-sobre-autonomia-universitaria-assinado-por-lula\/","title":{"rendered":"Conhe\u00e7a o pacote de medidas sobre autonomia universit\u00e1ria assinado por Lula"},"content":{"rendered":"<p>O presidente Lula assinou no dia 19 de julho um pacote de medidas tratando de autonomia universit\u00e1ria que prev\u00ea, entre outros pontos, novas regras de funcionamento para as funda\u00e7\u00f5es de apoio, remanejamento de verba das universidades para o ano seguinte e concurso p\u00fablico sem necessidade de autoriza\u00e7\u00e3o do Minist\u00e9rio do Planejamento.<\/p>\n<p>A Medida Provis\u00f3ria 435\/2010 e os Decretos 7232, 7233 e 7234 foram assinados durante reuni\u00e3o com 58 reitores articulados na Associa\u00e7\u00e3o Nacional dos Dirigentes das Ifes \u2013 Andifes. Na an\u00e1lise preliminar dos documentos feita pelo ANDES-SN, o chamado \u201cpacote da autonomia universit\u00e1ria\u201d afasta ainda mais as Institui\u00e7\u00f5es Federais de Ensino Superior \u2013 Ifes da verdadeira autonomia universit\u00e1ria, estabelecida no artigo 207 da Constitui\u00e7\u00e3o Federal.<\/p>\n<p>Nos links abaixo, voc\u00ea pode conhecer cada uma das medidas assinadas por Lula.<\/p>\n<p><a href=\"http:\/\/www.adufpb.org.br\/site\/wp-content\/uploads\/2010\/07\/Anexo1-MP495-Circ190-10.doc\" target=\"_blank\">1) Medida Provis\u00f3ria n\u00ba 495,<\/a> que, dentre outras coisas, altera a Lei n\u00ba 8.958\/94, sobre Funda\u00e7\u00f5es ditas de apoio<\/p>\n<p><a href=\"http:\/\/www.adufpb.org.br\/site\/wp-content\/uploads\/2010\/07\/Anexo2-DEC7232-Circ190-10.doc\" target=\"_blank\">2) Decreto n\u00ba 7.232<\/a>, que disp\u00f5e sobre os quantitativos de lota\u00e7\u00e3o de cargos de t\u00e9cnico-administrativos<\/p>\n<p><a href=\"http:\/\/www.adufpb.org.br\/site\/wp-content\/uploads\/2010\/07\/Anexo3-DEC7233-Circ190-10.doc\" target=\"_blank\">3) Decreto n\u00ba 7.233<\/a>, que disp\u00f5e sobre procedimentos or\u00e7ament\u00e1rios e financeiros relacionados \u00e0 autonomia universit\u00e1ria<\/p>\n<p><a href=\"http:\/\/www.adufpb.org.br\/site\/wp-content\/uploads\/2010\/07\/Anexo4-DEC-7234-Circ190-10.doc\" target=\"_blank\">4) Decreto n\u00ba 7.234<\/a>, que disp\u00f5e sobre o Programa Nacional de Assist\u00eancia Estudantil \u2013 PNAES<\/p>\n<p><em>Fonte: Ascom ADUFPB<\/em><\/p>\n","protected":false},"excerpt":{"rendered":"<p>O presidente Lula assinou no dia 19 de julho um pacote de medidas tratando de autonomia universit\u00e1ria que prev\u00ea, entre outros pontos, novas regras de funcionamento para as funda\u00e7\u00f5es de apoio, remanejamento de verba das universidades para o ano seguinte e concurso p\u00fablico sem necessidade de autoriza\u00e7\u00e3o do Minist\u00e9rio do Planejamento. A Medida Provis\u00f3ria 435\/2010&hellip;<\/p>\n","protected":false},"author":3,"featured_media":0,"comment_status":"open","ping_status":"open","sticky":false,"template":"","format":"standard","meta":{"footnotes":""},"categories":[15],"tags":[167],"class_list":["post-1192","post","type-post","status-publish","format-standard","hentry","category-noticias","tag-autonomia-universitaria","category-15","description-off"],"_links":{"self":[{"href":"https:\/\/www.adufpb.org.br\/site\/wp-json\/wp\/v2\/posts\/1192","targetHints":{"allow":["GET"]}}],"collection":[{"href":"https:\/\/www.adufpb.org.br\/site\/wp-json\/wp\/v2\/posts"}],"about":[{"href":"https:\/\/www.adufpb.org.br\/site\/wp-json\/wp\/v2\/types\/post"}],"author":[{"embeddable":true,"href":"https:\/\/www.adufpb.org.br\/site\/wp-json\/wp\/v2\/users\/3"}],"replies":[{"embeddable":true,"href":"https:\/\/www.adufpb.org.br\/site\/wp-json\/wp\/v2\/comments?post=1192"}],"version-history":[{"count":1,"href":"https:\/\/www.adufpb.org.br\/site\/wp-json\/wp\/v2\/posts\/1192\/revisions"}],"predecessor-version":[{"id":1194,"href":"https:\/\/www.adufpb.org.br\/site\/wp-json\/wp\/v2\/posts\/1192\/revisions\/1194"}],"wp:attachment":[{"href":"https:\/\/www.adufpb.org.br\/site\/wp-json\/wp\/v2\/media?parent=1192"}],"wp:term":[{"taxonomy":"category","embeddable":true,"href":"https:\/\/www.adufpb.org.br\/site\/wp-json\/wp\/v2\/categories?post=1192"},{"taxonomy":"post_tag","embeddable":true,"href":"https:\/\/www.adufpb.org.br\/site\/wp-json\/wp\/v2\/tags?post=1192"}],"curies":[{"name":"wp","href":"https:\/\/api.w.org\/{rel}","templated":true}]}}