{"id":11870,"date":"2015-08-21T15:37:06","date_gmt":"2015-08-21T19:37:06","guid":{"rendered":"http:\/\/www.adufpb.org.br\/site\/?p=11870"},"modified":"2015-08-21T15:37:06","modified_gmt":"2015-08-21T19:37:06","slug":"greves-e-ocupacoes-estudantis-crescem-em-todo-o-pais","status":"publish","type":"post","link":"https:\/\/www.adufpb.org.br\/site\/greves-e-ocupacoes-estudantis-crescem-em-todo-o-pais\/","title":{"rendered":"Greves e ocupa\u00e7\u00f5es estudantis crescem em todo o pa\u00eds"},"content":{"rendered":"<p><a href=\"http:\/\/www.adufpb.org.br\/site\/wp-content\/uploads\/2015\/08\/greves-e-ocupa\u00e7\u00f5es-estudantis-crescem-em-todo-o-pa\u00eds.jpg\"><img loading=\"lazy\" decoding=\"async\" class=\"alignleft size-medium wp-image-11871\" alt=\"greves e ocupa\u00e7\u00f5es estudantis crescem em todo o pa\u00eds\" src=\"http:\/\/www.adufpb.org.br\/site\/wp-content\/uploads\/2015\/08\/greves-e-ocupa\u00e7\u00f5es-estudantis-crescem-em-todo-o-pa\u00eds-300x185.jpg\" width=\"300\" height=\"185\" srcset=\"https:\/\/www.adufpb.org.br\/site\/wp-content\/uploads\/2015\/08\/greves-e-ocupa\u00e7\u00f5es-estudantis-crescem-em-todo-o-pa\u00eds-300x185.jpg 300w, https:\/\/www.adufpb.org.br\/site\/wp-content\/uploads\/2015\/08\/greves-e-ocupa\u00e7\u00f5es-estudantis-crescem-em-todo-o-pa\u00eds.jpg 486w\" sizes=\"auto, (max-width: 300px) 100vw, 300px\" \/><\/a>N\u00e3o s\u00e3o apenas os docentes e servidores t\u00e9cnico-administrativos em educa\u00e7\u00e3o que est\u00e3o mobilizados para defender a educa\u00e7\u00e3o federal. Estudantes de todo o pa\u00eds t\u00eam se somado \u00e0s lutas e manifesta\u00e7\u00f5es, e tamb\u00e9m construindo suas pr\u00f3prias mobiliza\u00e7\u00f5es, com reivindica\u00e7\u00f5es pr\u00f3prias da categoria. Em diversas institui\u00e7\u00f5es, os estudantes tamb\u00e9m deflagraram greve, e, em outras, ocupam as reitorias.<\/p>\n<p>Durante essa semana, duas universidades viram o in\u00edcio de greves estudantis. Na Universidade Federal do Paran\u00e1 (UFPR) e na Universidade Federal do Cear\u00e1 (UFC), gigantescas assembleias com a presen\u00e7a de mais de mil pessoas aprovaram a greve estudantil, que se soma \u00e0s greves de docentes e servidores, aumentando a mobiliza\u00e7\u00e3o em torno da pauta da educa\u00e7\u00e3o p\u00fablica, gratuita e qualidade. Entre as reivindica\u00e7\u00f5es estudantis espec\u00edficas, est\u00e3o quest\u00f5es como estrutura, pagamento de bolsas em dia, e a cr\u00edtica aos cortes or\u00e7ament\u00e1rios por conta do Ajuste Fiscal.<\/p>\n<p>Os estudantes tamb\u00e9m est\u00e3o em greve na Universidade Federal Fluminense (UFF), Universidade Federal do Rio de Janeiro (UFRJ), Universidade Federal do Estado do Rio de Janeiro (Unirio), Universidade Federal do Mato Grosso do Sul (UFMS), Universidade Federal da Grande Dourados (UFGD), Universidade Federal de Goi\u00e1s (UFG), Universidade Federal da Bahia (Ufba) e no campus Araguaia da Universidade Federal do Mato Grosso (UFMT).<\/p>\n<p><strong>Estudantes ocupam UFF de Volta Redonda h\u00e1 mais de dois meses<\/strong><\/p>\n<p>Um grupo de estudantes do campus Aterrado da Universidade Federal Fluminense (UFF), localizado na cidade de Volta Redonda (RJ), ocupa a institui\u00e7\u00e3o desde o dia 8 de junho como forma de organiza\u00e7\u00e3o da greve estudantil, que teve in\u00edcio dia 28 de maio, em conjunto com docentes e t\u00e9cnico-administrativos em educa\u00e7\u00e3o.<\/p>\n<p>Organizada pelo Comando Local de Greve Estudantil da UFF Aterrado, a ocupa\u00e7\u00e3o tem possibilitado a realiza\u00e7\u00e3o de debates, aulas p\u00fablicas e manifesta\u00e7\u00f5es pol\u00edticas dentro e fora da universidade. O Comando de Greve ressalta que essa \u00e9 a primeira grande mobiliza\u00e7\u00e3o pol\u00edtica estudantil nos seis anos de exist\u00eancia do campus Aterrado.<\/p>\n<p>\u201cAqui na UFF Aterrado estamos nos posicionando contra todas essas medidas de cortes e reajustes, bem como defendemos as nossas pautas locais &#8211; que se referem \u00e0 cria\u00e7\u00e3o de estruturas m\u00ednimas de perman\u00eancia como bandej\u00e3o, moradia, expans\u00e3o das bolsas de auxilio estudantil, de inicia\u00e7\u00f5es cient\u00edficas, de projetos de pesquisa e extens\u00e3o, o uso do espa\u00e7o p\u00fablico da faculdade, etc\u201d, afirma, em entrevista, o Comando de Greve Estudantil.<\/p>\n<p><strong><a href=\"http:\/\/www.adufpb.org.br\/site\/wp-content\/uploads\/2015\/08\/greves-e-ocupa\u00e7\u00f5es-estudantis-crescem-em-todo-o-pa\u00eds-2.jpg\"><img loading=\"lazy\" decoding=\"async\" class=\"alignright size-medium wp-image-11872\" alt=\"greves e ocupa\u00e7\u00f5es estudantis crescem em todo o pa\u00eds 2\" src=\"http:\/\/www.adufpb.org.br\/site\/wp-content\/uploads\/2015\/08\/greves-e-ocupa\u00e7\u00f5es-estudantis-crescem-em-todo-o-pa\u00eds-2-300x200.jpg\" width=\"300\" height=\"200\" srcset=\"https:\/\/www.adufpb.org.br\/site\/wp-content\/uploads\/2015\/08\/greves-e-ocupa\u00e7\u00f5es-estudantis-crescem-em-todo-o-pa\u00eds-2-300x200.jpg 300w, https:\/\/www.adufpb.org.br\/site\/wp-content\/uploads\/2015\/08\/greves-e-ocupa\u00e7\u00f5es-estudantis-crescem-em-todo-o-pa\u00eds-2.jpg 450w\" sizes=\"auto, (max-width: 300px) 100vw, 300px\" \/><\/a>Estudantes ocupam UFSC em Curitibanos<\/strong><\/p>\n<p>Estudantes do campus Curitibanos da Universidade Federal de Santa Catarina (UFSC), localizado no oeste do estado, tamb\u00e9m ocuparam a reitoria institui\u00e7\u00e3o, na segunda-feira (17). Os estudantes s\u00e3o dos cursos de medicina veterin\u00e1ria, agronomia e engenharia florestal, e reclamam da falta de salas de aula, de professores e de material para disciplinas como diagn\u00f3stico por imagem e t\u00e9cnica cir\u00fargica.<\/p>\n<p><strong>Reitorias de Ufpel e Ufal ocupadas<\/strong><\/p>\n<p>Estudantes de terapia ocupacional da Universidade Federal de Pelotas (Ufpel) ocuparam a reitoria da institui\u00e7\u00e3o na quarta-feira (19). Embora o curso venha enfrentando diversos problemas, a principal motiva\u00e7\u00e3o deste ato foi a falta de professores: s\u00e3o apenas sete para 120 alunos. A reitoria se nega a negociar enquanto a ocupa\u00e7\u00e3o for mantida.<\/p>\n<p>J\u00e1 na Universidade Federal de Alagoas (Ufal), bolsistas ocupam a reitoria h\u00e1 sete dias. Inicialmente, eles realizavam um protesto contra o atraso no pagamento das bolsas e contra os cortes or\u00e7ament\u00e1rios da educa\u00e7\u00e3o. No entanto, diante da recusa da reitoria em receber todos os estudantes para uma reuni\u00e3o, eles decidiram ocupar a administra\u00e7\u00e3o da universidade.<\/p>\n<p><em>*Com informa\u00e7\u00f5es de Adufpel-SSind. Imagens de Adufpel-SSind e Grazi Oliveira<\/em><\/p>\n<p><em>Fonte: ANDES-SN<\/em><\/p>\n","protected":false},"excerpt":{"rendered":"<p>N\u00e3o s\u00e3o apenas os docentes e servidores t\u00e9cnico-administrativos em educa\u00e7\u00e3o que est\u00e3o mobilizados para defender a educa\u00e7\u00e3o federal. Estudantes de todo o pa\u00eds t\u00eam se somado \u00e0s lutas e manifesta\u00e7\u00f5es, e tamb\u00e9m construindo suas pr\u00f3prias mobiliza\u00e7\u00f5es, com reivindica\u00e7\u00f5es pr\u00f3prias da categoria. Em diversas institui\u00e7\u00f5es, os estudantes tamb\u00e9m deflagraram greve, e, em outras, ocupam as reitorias.&hellip;<\/p>\n","protected":false},"author":3,"featured_media":0,"comment_status":"closed","ping_status":"closed","sticky":false,"template":"","format":"standard","meta":{"footnotes":""},"categories":[15],"tags":[566,132],"class_list":["post-11870","post","type-post","status-publish","format-standard","hentry","category-noticias","tag-estudantes","tag-greve","category-15","description-off"],"_links":{"self":[{"href":"https:\/\/www.adufpb.org.br\/site\/wp-json\/wp\/v2\/posts\/11870","targetHints":{"allow":["GET"]}}],"collection":[{"href":"https:\/\/www.adufpb.org.br\/site\/wp-json\/wp\/v2\/posts"}],"about":[{"href":"https:\/\/www.adufpb.org.br\/site\/wp-json\/wp\/v2\/types\/post"}],"author":[{"embeddable":true,"href":"https:\/\/www.adufpb.org.br\/site\/wp-json\/wp\/v2\/users\/3"}],"replies":[{"embeddable":true,"href":"https:\/\/www.adufpb.org.br\/site\/wp-json\/wp\/v2\/comments?post=11870"}],"version-history":[{"count":1,"href":"https:\/\/www.adufpb.org.br\/site\/wp-json\/wp\/v2\/posts\/11870\/revisions"}],"predecessor-version":[{"id":11873,"href":"https:\/\/www.adufpb.org.br\/site\/wp-json\/wp\/v2\/posts\/11870\/revisions\/11873"}],"wp:attachment":[{"href":"https:\/\/www.adufpb.org.br\/site\/wp-json\/wp\/v2\/media?parent=11870"}],"wp:term":[{"taxonomy":"category","embeddable":true,"href":"https:\/\/www.adufpb.org.br\/site\/wp-json\/wp\/v2\/categories?post=11870"},{"taxonomy":"post_tag","embeddable":true,"href":"https:\/\/www.adufpb.org.br\/site\/wp-json\/wp\/v2\/tags?post=11870"}],"curies":[{"name":"wp","href":"https:\/\/api.w.org\/{rel}","templated":true}]}}