{"id":11830,"date":"2015-08-19T17:56:42","date_gmt":"2015-08-19T21:56:42","guid":{"rendered":"http:\/\/www.adufpb.org.br\/site\/?p=11830"},"modified":"2015-08-24T10:42:19","modified_gmt":"2015-08-24T14:42:19","slug":"professores-aprovam-continuidade-da-greve-na-ufpb-2","status":"publish","type":"post","link":"https:\/\/www.adufpb.org.br\/site\/professores-aprovam-continuidade-da-greve-na-ufpb-2\/","title":{"rendered":"Professores aprovam continuidade da greve na UFPB"},"content":{"rendered":"<p>Em mais uma rodada de assembleias nesta quarta-feira (19\/8), os professores da UFPB decidiram manter a greve iniciada no dia 28 de maio. Entre outros pontos, eles aprovaram o calend\u00e1rio das pr\u00f3xima atividades (incluindo a participa\u00e7\u00e3o na manifesta\u00e7\u00e3o em defesa da educa\u00e7\u00e3o p\u00fablica que ser\u00e1 realizada em Bras\u00edlia nos dias 27 e 28 deste m\u00eas) e novas assembleias em 31 de agosto.<\/p>\n<p>As reuni\u00f5es desta quarta-feira aconteceram nos campi de Jo\u00e3o Pessoa, Bananeiras e Areia, com a participa\u00e7\u00e3o total de 198 docentes. Foram registrados 142 votos em favor da continuidade da greve, tr\u00eas contr\u00e1rios e tr\u00eas absten\u00e7\u00f5es.<\/p>\n<p>No campus I, em Jo\u00e3o Pessoa, 158 assinaram a lista de presen\u00e7a. A manuten\u00e7\u00e3o do movimento foi aprovada por 105 votos a tr\u00eas, com uma absten\u00e7\u00e3o. Em Bananeiras, a lista de presen\u00e7a contou com 26 assinaturas; 23 professores votaram pela continuidade da greve e dois se abstiveram. N\u00e3o houve votos contr\u00e1rios. J\u00e1 em Areia, a proposta de manuten\u00e7\u00e3o do movimento foi aprovada por todos os 14 participantes da assembleia.<\/p>\n<p><a href=\"http:\/\/www.adufpb.org.br\/site\/wp-content\/uploads\/2015\/08\/14.jpg\"><img loading=\"lazy\" decoding=\"async\" class=\"alignright size-medium wp-image-11838\" alt=\"14\" src=\"http:\/\/www.adufpb.org.br\/site\/wp-content\/uploads\/2015\/08\/14-300x225.jpg\" width=\"300\" height=\"225\" srcset=\"https:\/\/www.adufpb.org.br\/site\/wp-content\/uploads\/2015\/08\/14-300x225.jpg 300w, https:\/\/www.adufpb.org.br\/site\/wp-content\/uploads\/2015\/08\/14.jpg 1024w\" sizes=\"auto, (max-width: 300px) 100vw, 300px\" \/><\/a>Na assembleia de Jo\u00e3o Pessoa, a professora Cristine Hirsch, que representou nas \u00faltimas semanas os professores da UFPB no Comando Nacional de Greve do Andes, em Bras\u00edlia, deu informes sobre o movimento <a href=\"http:\/\/www.adufpb.org.br\/site\/wp-content\/uploads\/2015\/08\/Informe-dos-Delegados-ADUFPB-no-CNG.docx\" target=\"_blank\">(leia aqui o texto com a an\u00e1lise).<\/a><\/p>\n<p>Ela falou sobre a marcha dos servidores p\u00fablicos federais, convocada pelo F\u00f3rum das Entidades dos SPF e realizada no dia 6 de agosto em Bras\u00edlia. Os servidores percorreram a Esplanada dos Minist\u00e9rios, em dire\u00e7\u00e3o ao Minist\u00e9rio do Planejamento, Or\u00e7amento e Gest\u00e3o (Mpog) para cobrar a retomada das negocia\u00e7\u00f5es em torno da pauta unificada apresentada pelo F\u00f3rum.<\/p>\n<p>A professora Cristine Hirsch destacou o fato de que o movimento grevista ganhou novas ades\u00f5es nas \u00faltimas semanas, como Unirio, UFPR, UFJF, IF do Sudoeste de Minas Gerais, IFPB e UFPI. Com essas, 48 IFE j\u00e1 pararam as atividades no pa\u00eds, segundo o levantamento do Andes-SN. \u201cEm parte, isso exp\u00f5e o fortalecimento do movimento, mas mesmo que essas institui\u00e7\u00f5es n\u00e3o tivessem parado, os recentes cortes or\u00e7ament\u00e1rios tornam muito dif\u00edcil mant\u00ea-las em funcionamento\u201d, lembra a professora Cristine.<\/p>\n<p>Segundo ela, nesta quinta-feira (20\/8), o Sindicato Nacional participar\u00e1 de uma audi\u00eancia p\u00fablica na C\u00e2mara do Deputados, \u00e0s 9h30, para tratar da Proposta de Emenda \u00e0 Constitui\u00e7\u00e3o (PEC) n.\u00ba 395\/14, que altera o artigo da Constitui\u00e7\u00e3o Federal que trata da gratuidade do ensino p\u00fablico em estabelecimentos oficiais.<\/p>\n<p><strong>Atividades culturais<\/strong><\/p>\n<p><a href=\"http:\/\/www.adufpb.org.br\/site\/wp-content\/uploads\/2015\/08\/3.jpg\"><img loading=\"lazy\" decoding=\"async\" class=\"alignleft size-medium wp-image-11845\" alt=\"3\" src=\"http:\/\/www.adufpb.org.br\/site\/wp-content\/uploads\/2015\/08\/3-300x225.jpg\" width=\"300\" height=\"225\" srcset=\"https:\/\/www.adufpb.org.br\/site\/wp-content\/uploads\/2015\/08\/3-300x225.jpg 300w, https:\/\/www.adufpb.org.br\/site\/wp-content\/uploads\/2015\/08\/3.jpg 1024w\" sizes=\"auto, (max-width: 300px) 100vw, 300px\" \/><\/a>Ainda na sess\u00e3o de informes, o professor Carlos Cartaxo, diretor de Cultura da ADUFPB, falou sobre a temporada na Europa da pe\u00e7a \u201cAs Cartas de Anayde\u201d, sobre a professora e poetisa paraibana Anayde Beiriz. O espet\u00e1culo foi montado a partir do curso de teatro oferecido pela ADUFPB, em 2013.<\/p>\n<p>Depois de apresenta\u00e7\u00f5es em Jo\u00e3o Pessoa e em outras cidades da Para\u00edba, o grupo levou a pe\u00e7a a Portugal e Holanda, onde tamb\u00e9m despertou interesse e elogios do p\u00fablico. Segundo Cartaxo, est\u00e3o programadas para setembro cinco apresenta\u00e7\u00f5es gratuitas no Teatro Ednaldo do Egypto, em Jo\u00e3o Pessoa, para alunos escolas p\u00fablicas.<\/p>\n<p>O diretor de Cultura da ADUFPB lembrou, ainda, que continuam abertas as inscri\u00e7\u00f5es para o 4\u00aa edi\u00e7\u00e3o do Concurso Cultural de Fotografia do Sindicato. As inscri\u00e7\u00f5es ficar\u00e3o abertas at\u00e9 o dia 31 de agosto de 2015. O objetivo do concurso \u00e9 estimular a produ\u00e7\u00e3o cultural dos docentes da UFPB e divulgar os trabalhos na agenda anual distribu\u00edda gratuitamente aos filiados. Os professores tamb\u00e9m podem colaborar com a edi\u00e7\u00e3o da Agenda ADUFPB enviando sugest\u00f5es de frases e poemas para o endere\u00e7o adufpb@terra.com.br.<\/p>\n<p><strong>60\u00ba Conad<\/strong><\/p>\n<p>O professor Ricardo Lucena, que representou a ADUFPB na 60\u00aa reuni\u00e3o do Conselho do Andes &#8211; SN (60\u00ba Conad), deu informes sobre os discuss\u00f5es realizadas durante o evento, realizado entre os dias 13 de 16 de agosto na Universidade Federal do Esp\u00edrito Santo (Ufes).<\/p>\n<p><a href=\"http:\/\/www.adufpb.org.br\/site\/wp-content\/uploads\/2015\/08\/4.jpg\"><img loading=\"lazy\" decoding=\"async\" class=\"alignright size-medium wp-image-11846\" alt=\"4\" src=\"http:\/\/www.adufpb.org.br\/site\/wp-content\/uploads\/2015\/08\/4-300x225.jpg\" width=\"300\" height=\"225\" srcset=\"https:\/\/www.adufpb.org.br\/site\/wp-content\/uploads\/2015\/08\/4-300x225.jpg 300w, https:\/\/www.adufpb.org.br\/site\/wp-content\/uploads\/2015\/08\/4.jpg 1024w\" sizes=\"auto, (max-width: 300px) 100vw, 300px\" \/><\/a>Os delegados do 60\u00ba Conad atualizaram o Plano de Lutas deliberado no 34\u00ba Congresso do ANDES-SN que aprovou como centralidade da luta para o ano de 2015, \u201cavan\u00e7ar na organiza\u00e7\u00e3o dos docentes e na unidade com os movimentos e entidades classistas nacionais e internacionais, para enfrentar a mercantiliza\u00e7\u00e3o da educa\u00e7\u00e3o, combater as politicas neoliberais e defender intransigentemente os direitos dos trabalhadores\u201d.<\/p>\n<p><strong>Atividades<\/strong><\/p>\n<p>O professor Daniel Antiquera informou sobre atividades de greve. Nesta quarta-feira, \u00e0s 8h30, ser\u00e1 exibido o document\u00e1rio \u201cBikes vs Cars\u201d, no Centro de Viv\u00eancia do campus I, seguido de debate sobre mobilidade urbana. J\u00e1 na quinta-feira, \u00e0s 15h, haver\u00e1 em Campina Grande uma reuni\u00e3o do F\u00f3rum Estadual em Defesa da Educa\u00e7\u00e3o P\u00fablica.<\/p>\n<p><strong>Pauta local<\/strong><\/p>\n<p>O professor Marcelo Sitcovsky, coordenador do Comando Local de Greve, falou sobre a reuni\u00e3o realizada na segunda-feira passada (17\/8), na reitoria, para negocia\u00e7\u00e3o da pauta local dos professores. O documento foi apresentado \u00e0 reitora Margareth Diniz no dia 29 de julho. Uma primeira reuni\u00e3o aconteceu em 11 de agosto. Na ocasi\u00e3o, a reitora se comprometeu a apresentar na reuni\u00e3o seguinte um documento com respostas a cada um dos pontos listados pelos professores.<\/p>\n<p><a href=\"http:\/\/www.adufpb.org.br\/site\/wp-content\/uploads\/2015\/08\/16.jpg\"><img loading=\"lazy\" decoding=\"async\" class=\"alignleft size-medium wp-image-11840\" alt=\"16\" src=\"http:\/\/www.adufpb.org.br\/site\/wp-content\/uploads\/2015\/08\/16-300x225.jpg\" width=\"300\" height=\"225\" srcset=\"https:\/\/www.adufpb.org.br\/site\/wp-content\/uploads\/2015\/08\/16-300x225.jpg 300w, https:\/\/www.adufpb.org.br\/site\/wp-content\/uploads\/2015\/08\/16.jpg 1024w\" sizes=\"auto, (max-width: 300px) 100vw, 300px\" \/><\/a>Segundo o professor Marcelo, entretanto, esse compromisso n\u00e3o foi cumprido na audi\u00eancia da \u00faltima segunda-feira. \u201cInfelizmente n\u00e3o recebemos resposta por parte da administra\u00e7\u00e3o e estamos aguardando isso por escrito para podermos, no dia 25, realizarmos uma terceira reuni\u00e3o relacionada a pauta local\u201d, explicou.<\/p>\n<p>Durante a assembleia, os professores aprovaram uma mo\u00e7\u00e3o de cobran\u00e7a \u00e0 reitora, pedindo explica\u00e7\u00f5es e cobrando solu\u00e7\u00e3o para esse problema. <a href=\"http:\/\/www.adufpb.org.br\/site\/wp-content\/uploads\/2015\/08\/Mo\u00e7\u00e3o-de-cobran\u00e7a-\u00e0-reitora.jpg\" target=\"_blank\">Clique aqui para ler o texto na \u00edntegra.<\/a>\u00a0Tamb\u00e9m foi aprovada uma mo\u00e7\u00e3o de solidariedade a sete trabalhadores rurais que v\u00e3o a j\u00fari popular no pr\u00f3ximo dia 27. <a href=\"http:\/\/www.adufpb.org.br\/site\/wp-content\/uploads\/2015\/08\/mo\u00e7ao-revisado-lucia.docx\" target=\"_blank\">Leia o texto aqui.<\/a><\/p>\n<p><strong>Avalia\u00e7\u00e3o do CNG<\/strong><\/p>\n<p>O professor Alexandre Nader exp\u00f4s aos presentes a avalia\u00e7\u00e3o do Comando Local de Greve sobre o movimento. De acordo com ele, o CLG entende que \u00e9 necess\u00e1rio manter a greve, refor\u00e7ar o calend\u00e1rio de atividades intensificar as a\u00e7\u00f5es. Para isso, o Comando Nacional participar\u00e1 nos dias 27 e 28 de agosto de uma grande mobiliza\u00e7\u00e3o em Bras\u00edlia. Na Para\u00edba, o CNG pede aos professores que se interessem em participar do protesto que forne\u00e7am seus nomes na sede da ADUFPB o mais breve poss\u00edvel.<\/p>\n<p><strong>Assista ao v\u00eddeo com a fala do professor Alexandre Nader:<\/strong><\/p>\n<p><iframe loading=\"lazy\" width=\"1200\" height=\"675\" src=\"https:\/\/www.youtube.com\/embed\/qiS0F_RdxVE?feature=oembed\" frameborder=\"0\" allowfullscreen><\/iframe><\/p>\n<p dir=\"ltr\"><strong>Agenda de atividades aprovada durante a assembleia<\/strong><\/p>\n<p>&nbsp;<\/p>\n<div dir=\"ltr\">\n<table>\n<colgroup>\n<col width=\"93\" \/>\n<col width=\"68\" \/>\n<col width=\"271\" \/>\n<col width=\"160\" \/><\/colgroup>\n<tbody>\n<tr>\n<td>\n<p dir=\"ltr\">Data<\/p>\n<\/td>\n<td>\n<p dir=\"ltr\">Hora<\/p>\n<\/td>\n<td>\n<p dir=\"ltr\">Atividade<\/p>\n<\/td>\n<td>\n<p dir=\"ltr\">Local<\/p>\n<\/td>\n<\/tr>\n<tr>\n<td>\n<p dir=\"ltr\">19\/08 Quarta<\/p>\n<\/td>\n<td>\n<p dir=\"ltr\">18h30<\/p>\n<\/td>\n<td>\n<p dir=\"ltr\">Exibi\u00e7\u00e3o do document\u00e1rio &#8220;Bikes vs Carros&#8221;, com posterior debate sobre a mobilidade urbana.<\/p>\n<\/td>\n<td>\n<p dir=\"ltr\">Centro de Viv\u00eancia da UFPB<\/p>\n<\/td>\n<\/tr>\n<tr>\n<td>\n<p dir=\"ltr\">20\/08 Quinta<\/p>\n<\/td>\n<td>\n<p dir=\"ltr\">15h<\/p>\n<\/td>\n<td>\n<p dir=\"ltr\">Reuni\u00e3o do F\u00f3rum para Forma\u00e7\u00e3o do Comit\u00ea Estadual em Defesa da Educa\u00e7\u00e3o P\u00fablica<\/p>\n<\/td>\n<td>\n<p dir=\"ltr\">Campina Grande<\/p>\n<\/td>\n<\/tr>\n<tr>\n<td>\n<p dir=\"ltr\">21\/08 Sexta<\/p>\n<\/td>\n<td><\/td>\n<td><\/td>\n<td><\/td>\n<\/tr>\n<tr>\n<td>\n<p dir=\"ltr\">24\/08 Segunda<\/p>\n<\/td>\n<td>\n<p dir=\"ltr\">14h<\/p>\n<\/td>\n<td>\n<p dir=\"ltr\">Reuni\u00e3o do CLG\/ADUFPB<\/p>\n<\/td>\n<td>\n<p dir=\"ltr\">Sede ADUFPB<\/p>\n<\/td>\n<\/tr>\n<tr>\n<td>\n<p dir=\"ltr\">25\/08 Ter\u00e7a<\/p>\n<\/td>\n<td>\n<p dir=\"ltr\">9h<\/p>\n<\/td>\n<td>\n<p dir=\"ltr\">2\u00aa Reuni\u00e3o de negocia\u00e7\u00e3o da Pauta Local com a Reitoria<\/p>\n<\/td>\n<td>\n<p dir=\"ltr\">Reitoria<\/p>\n<\/td>\n<\/tr>\n<tr>\n<td>\n<p dir=\"ltr\">26\/08 Quarta<\/p>\n<\/td>\n<td><\/td>\n<td><\/td>\n<td><\/td>\n<\/tr>\n<tr>\n<td>\n<p dir=\"ltr\">27\/08 Quinta<\/p>\n<\/td>\n<td><\/td>\n<td>\n<p dir=\"ltr\">Ato MPOG<\/p>\n<\/td>\n<td>\n<p dir=\"ltr\">Bras\u00edlia<\/p>\n<\/td>\n<\/tr>\n<tr>\n<td rowspan=\"2\">\n<p dir=\"ltr\">28\/09 Sexta<\/p>\n<\/td>\n<td><\/td>\n<td>\n<p dir=\"ltr\">Ato MEC<\/p>\n<\/td>\n<td>\n<p dir=\"ltr\">Bras\u00edlia<\/p>\n<\/td>\n<\/tr>\n<tr>\n<td><\/td>\n<td>\n<p dir=\"ltr\">Ato Unificado<\/p>\n<\/td>\n<td>\n<p dir=\"ltr\">JPA<\/p>\n<\/td>\n<\/tr>\n<tr>\n<td rowspan=\"2\">\n<p dir=\"ltr\">31\/08 Segunda<\/p>\n<\/td>\n<td>\n<p dir=\"ltr\">9h<\/p>\n<\/td>\n<td>\n<p dir=\"ltr\">Reuni\u00e3o do CLG\/ADUFPB<\/p>\n<\/td>\n<td>\n<p dir=\"ltr\">Sede ADUFPB<\/p>\n<\/td>\n<\/tr>\n<tr>\n<td>\n<p dir=\"ltr\">15h<\/p>\n<\/td>\n<td>\n<p dir=\"ltr\">Assembleia Geral Docente<\/p>\n<\/td>\n<td>\n<p dir=\"ltr\">Audit\u00f3rio Reitoria (a confirmar)<\/p>\n<\/td>\n<\/tr>\n<\/tbody>\n<\/table>\n<\/div>\n<p>&nbsp;<\/p>\n\n\t\t\t<style type='text\/css'>\n\t\t\t\t#gallery-1 {\n\t\t\t\t\tmargin: auto;\n\t\t\t\t}\n\t\t\t\t#gallery-1 .gallery-item {\n\t\t\t\t\tfloat: left;\n\t\t\t\t\tmargin-top: 10px;\n\t\t\t\t\ttext-align: center;\n\t\t\t\t\twidth: 14%;\n\t\t\t\t}\n\t\t\t\t#gallery-1 img {\n\t\t\t\t\tborder: 2px solid #cfcfcf;\n\t\t\t\t}\n\t\t\t\t#gallery-1 .gallery-caption {\n\t\t\t\t\tmargin-left: 0;\n\t\t\t\t}\n\t\t\t\t\/* see gallery_shortcode() in wp-includes\/media.php *\/\n\t\t\t<\/style>\n\t\t<div id='gallery-1' class='dt-gallery-container gallery galleryid-11830 gallery-columns-7 gallery-size-thumbnail'><dl class='gallery-item'>\n\t\t\t\t<dt class='gallery-icon landscape'>\n\t\t\t\t\t<a class=\"rollover\" href='https:\/\/www.adufpb.org.br\/site\/professores-aprovam-continuidade-da-greve-na-ufpb-2\/9-5\/'><img loading=\"lazy\" decoding=\"async\" width=\"150\" height=\"150\" src=\"https:\/\/www.adufpb.org.br\/site\/wp-content\/uploads\/2015\/08\/9-150x150.jpg\" class=\"attachment-thumbnail size-thumbnail\" alt=\"\" \/><\/a>\n\t\t\t\t<\/dt><\/dl><dl class='gallery-item'>\n\t\t\t\t<dt class='gallery-icon landscape'>\n\t\t\t\t\t<a class=\"rollover\" href='https:\/\/www.adufpb.org.br\/site\/professores-aprovam-continuidade-da-greve-na-ufpb-2\/8-5\/'><img loading=\"lazy\" decoding=\"async\" width=\"150\" height=\"150\" src=\"https:\/\/www.adufpb.org.br\/site\/wp-content\/uploads\/2015\/08\/8-150x150.jpg\" class=\"attachment-thumbnail size-thumbnail\" alt=\"\" \/><\/a>\n\t\t\t\t<\/dt><\/dl><dl class='gallery-item'>\n\t\t\t\t<dt class='gallery-icon landscape'>\n\t\t\t\t\t<a class=\"rollover\" href='https:\/\/www.adufpb.org.br\/site\/professores-aprovam-continuidade-da-greve-na-ufpb-2\/7-4\/'><img loading=\"lazy\" decoding=\"async\" width=\"150\" height=\"150\" src=\"https:\/\/www.adufpb.org.br\/site\/wp-content\/uploads\/2015\/08\/7-150x150.jpg\" class=\"attachment-thumbnail size-thumbnail\" alt=\"\" \/><\/a>\n\t\t\t\t<\/dt><\/dl><dl class='gallery-item'>\n\t\t\t\t<dt class='gallery-icon landscape'>\n\t\t\t\t\t<a class=\"rollover\" href='https:\/\/www.adufpb.org.br\/site\/professores-aprovam-continuidade-da-greve-na-ufpb-2\/6-6\/'><img loading=\"lazy\" decoding=\"async\" width=\"150\" height=\"150\" src=\"https:\/\/www.adufpb.org.br\/site\/wp-content\/uploads\/2015\/08\/6-150x150.jpg\" class=\"attachment-thumbnail size-thumbnail\" alt=\"\" \/><\/a>\n\t\t\t\t<\/dt><\/dl><dl class='gallery-item'>\n\t\t\t\t<dt class='gallery-icon landscape'>\n\t\t\t\t\t<a class=\"rollover\" href='https:\/\/www.adufpb.org.br\/site\/professores-aprovam-continuidade-da-greve-na-ufpb-2\/5-6\/'><img loading=\"lazy\" decoding=\"async\" width=\"150\" height=\"150\" src=\"https:\/\/www.adufpb.org.br\/site\/wp-content\/uploads\/2015\/08\/5-150x150.jpg\" class=\"attachment-thumbnail size-thumbnail\" alt=\"\" \/><\/a>\n\t\t\t\t<\/dt><\/dl><dl class='gallery-item'>\n\t\t\t\t<dt class='gallery-icon landscape'>\n\t\t\t\t\t<a class=\"rollover\" href='https:\/\/www.adufpb.org.br\/site\/professores-aprovam-continuidade-da-greve-na-ufpb-2\/4-7\/'><img loading=\"lazy\" decoding=\"async\" width=\"150\" height=\"150\" src=\"https:\/\/www.adufpb.org.br\/site\/wp-content\/uploads\/2015\/08\/4-150x150.jpg\" class=\"attachment-thumbnail size-thumbnail\" alt=\"\" \/><\/a>\n\t\t\t\t<\/dt><\/dl><dl class='gallery-item'>\n\t\t\t\t<dt class='gallery-icon landscape'>\n\t\t\t\t\t<a class=\"rollover\" href='https:\/\/www.adufpb.org.br\/site\/professores-aprovam-continuidade-da-greve-na-ufpb-2\/3-7\/'><img loading=\"lazy\" decoding=\"async\" width=\"150\" height=\"150\" src=\"https:\/\/www.adufpb.org.br\/site\/wp-content\/uploads\/2015\/08\/3-150x150.jpg\" class=\"attachment-thumbnail size-thumbnail\" alt=\"\" \/><\/a>\n\t\t\t\t<\/dt><\/dl><br style=\"clear: both\" \/><dl class='gallery-item'>\n\t\t\t\t<dt class='gallery-icon landscape'>\n\t\t\t\t\t<a class=\"rollover\" href='https:\/\/www.adufpb.org.br\/site\/professores-aprovam-continuidade-da-greve-na-ufpb-2\/2-7\/'><img loading=\"lazy\" decoding=\"async\" width=\"150\" height=\"150\" src=\"https:\/\/www.adufpb.org.br\/site\/wp-content\/uploads\/2015\/08\/2-150x150.jpg\" class=\"attachment-thumbnail size-thumbnail\" alt=\"\" \/><\/a>\n\t\t\t\t<\/dt><\/dl><dl class='gallery-item'>\n\t\t\t\t<dt class='gallery-icon landscape'>\n\t\t\t\t\t<a class=\"rollover\" href='https:\/\/www.adufpb.org.br\/site\/professores-aprovam-continuidade-da-greve-na-ufpb-2\/1-7\/'><img loading=\"lazy\" decoding=\"async\" width=\"150\" height=\"150\" src=\"https:\/\/www.adufpb.org.br\/site\/wp-content\/uploads\/2015\/08\/1-150x150.jpg\" class=\"attachment-thumbnail size-thumbnail\" alt=\"\" \/><\/a>\n\t\t\t\t<\/dt><\/dl><dl class='gallery-item'>\n\t\t\t\t<dt class='gallery-icon landscape'>\n\t\t\t\t\t<a class=\"rollover\" href='https:\/\/www.adufpb.org.br\/site\/professores-aprovam-continuidade-da-greve-na-ufpb-2\/18-5\/'><img loading=\"lazy\" decoding=\"async\" width=\"150\" height=\"150\" src=\"https:\/\/www.adufpb.org.br\/site\/wp-content\/uploads\/2015\/08\/18-150x150.jpg\" class=\"attachment-thumbnail size-thumbnail\" alt=\"\" \/><\/a>\n\t\t\t\t<\/dt><\/dl><dl class='gallery-item'>\n\t\t\t\t<dt class='gallery-icon landscape'>\n\t\t\t\t\t<a class=\"rollover\" href='https:\/\/www.adufpb.org.br\/site\/professores-aprovam-continuidade-da-greve-na-ufpb-2\/17-5\/'><img loading=\"lazy\" decoding=\"async\" width=\"150\" height=\"150\" src=\"https:\/\/www.adufpb.org.br\/site\/wp-content\/uploads\/2015\/08\/17-150x150.jpg\" class=\"attachment-thumbnail size-thumbnail\" alt=\"\" \/><\/a>\n\t\t\t\t<\/dt><\/dl><dl class='gallery-item'>\n\t\t\t\t<dt class='gallery-icon landscape'>\n\t\t\t\t\t<a class=\"rollover\" href='https:\/\/www.adufpb.org.br\/site\/professores-aprovam-continuidade-da-greve-na-ufpb-2\/16-4\/'><img loading=\"lazy\" decoding=\"async\" width=\"150\" height=\"150\" src=\"https:\/\/www.adufpb.org.br\/site\/wp-content\/uploads\/2015\/08\/16-150x150.jpg\" class=\"attachment-thumbnail size-thumbnail\" alt=\"\" \/><\/a>\n\t\t\t\t<\/dt><\/dl><dl class='gallery-item'>\n\t\t\t\t<dt class='gallery-icon landscape'>\n\t\t\t\t\t<a class=\"rollover\" href='https:\/\/www.adufpb.org.br\/site\/professores-aprovam-continuidade-da-greve-na-ufpb-2\/15-4\/'><img loading=\"lazy\" decoding=\"async\" width=\"150\" height=\"150\" src=\"https:\/\/www.adufpb.org.br\/site\/wp-content\/uploads\/2015\/08\/15-150x150.jpg\" class=\"attachment-thumbnail size-thumbnail\" alt=\"\" \/><\/a>\n\t\t\t\t<\/dt><\/dl><dl class='gallery-item'>\n\t\t\t\t<dt class='gallery-icon landscape'>\n\t\t\t\t\t<a class=\"rollover\" href='https:\/\/www.adufpb.org.br\/site\/professores-aprovam-continuidade-da-greve-na-ufpb-2\/14-4\/'><img loading=\"lazy\" decoding=\"async\" width=\"150\" height=\"150\" src=\"https:\/\/www.adufpb.org.br\/site\/wp-content\/uploads\/2015\/08\/14-150x150.jpg\" class=\"attachment-thumbnail size-thumbnail\" alt=\"\" \/><\/a>\n\t\t\t\t<\/dt><\/dl><br style=\"clear: both\" \/><dl class='gallery-item'>\n\t\t\t\t<dt class='gallery-icon landscape'>\n\t\t\t\t\t<a class=\"rollover\" href='https:\/\/www.adufpb.org.br\/site\/professores-aprovam-continuidade-da-greve-na-ufpb-2\/13-4\/'><img loading=\"lazy\" decoding=\"async\" width=\"150\" height=\"150\" src=\"https:\/\/www.adufpb.org.br\/site\/wp-content\/uploads\/2015\/08\/13-150x150.jpg\" class=\"attachment-thumbnail size-thumbnail\" alt=\"\" \/><\/a>\n\t\t\t\t<\/dt><\/dl><dl class='gallery-item'>\n\t\t\t\t<dt class='gallery-icon landscape'>\n\t\t\t\t\t<a class=\"rollover\" href='https:\/\/www.adufpb.org.br\/site\/professores-aprovam-continuidade-da-greve-na-ufpb-2\/12-6\/'><img loading=\"lazy\" decoding=\"async\" width=\"150\" height=\"150\" src=\"https:\/\/www.adufpb.org.br\/site\/wp-content\/uploads\/2015\/08\/12-150x150.jpg\" class=\"attachment-thumbnail size-thumbnail\" alt=\"\" \/><\/a>\n\t\t\t\t<\/dt><\/dl><dl class='gallery-item'>\n\t\t\t\t<dt class='gallery-icon landscape'>\n\t\t\t\t\t<a class=\"rollover\" href='https:\/\/www.adufpb.org.br\/site\/professores-aprovam-continuidade-da-greve-na-ufpb-2\/11-6\/'><img loading=\"lazy\" decoding=\"async\" width=\"150\" height=\"150\" src=\"https:\/\/www.adufpb.org.br\/site\/wp-content\/uploads\/2015\/08\/11-150x150.jpg\" class=\"attachment-thumbnail size-thumbnail\" alt=\"\" \/><\/a>\n\t\t\t\t<\/dt><\/dl><dl class='gallery-item'>\n\t\t\t\t<dt class='gallery-icon landscape'>\n\t\t\t\t\t<a class=\"rollover\" href='https:\/\/www.adufpb.org.br\/site\/professores-aprovam-continuidade-da-greve-na-ufpb-2\/10-5\/'><img loading=\"lazy\" decoding=\"async\" width=\"150\" height=\"150\" src=\"https:\/\/www.adufpb.org.br\/site\/wp-content\/uploads\/2015\/08\/10-150x150.jpg\" class=\"attachment-thumbnail size-thumbnail\" alt=\"\" \/><\/a>\n\t\t\t\t<\/dt><\/dl><dl class='gallery-item'>\n\t\t\t\t<dt class='gallery-icon landscape'>\n\t\t\t\t\t<a class=\"rollover\" href='https:\/\/www.adufpb.org.br\/site\/professores-aprovam-continuidade-da-greve-na-ufpb-2\/bananeiras\/'><img loading=\"lazy\" decoding=\"async\" width=\"150\" height=\"150\" src=\"https:\/\/www.adufpb.org.br\/site\/wp-content\/uploads\/2015\/08\/Bananeiras-150x150.jpg\" class=\"attachment-thumbnail size-thumbnail\" alt=\"\" aria-describedby=\"gallery-1-11833\" \/><\/a>\n\t\t\t\t<\/dt>\n\t\t\t\t\t<dd class='wp-caption-text gallery-caption' id='gallery-1-11833'>\n\t\t\t\t\tBananeiras\n\t\t\t\t\t<\/dd><\/dl><dl class='gallery-item'>\n\t\t\t\t<dt class='gallery-icon landscape'>\n\t\t\t\t\t<a class=\"rollover\" href='https:\/\/www.adufpb.org.br\/site\/professores-aprovam-continuidade-da-greve-na-ufpb-2\/bananeiras-2\/'><img loading=\"lazy\" decoding=\"async\" width=\"150\" height=\"150\" src=\"https:\/\/www.adufpb.org.br\/site\/wp-content\/uploads\/2015\/08\/Bananeiras-2-150x150.jpg\" class=\"attachment-thumbnail size-thumbnail\" alt=\"\" aria-describedby=\"gallery-1-11832\" \/><\/a>\n\t\t\t\t<\/dt>\n\t\t\t\t\t<dd class='wp-caption-text gallery-caption' id='gallery-1-11832'>\n\t\t\t\t\tBananeiras\n\t\t\t\t\t<\/dd><\/dl><dl class='gallery-item'>\n\t\t\t\t<dt class='gallery-icon landscape'>\n\t\t\t\t\t<a class=\"rollover\" href='https:\/\/www.adufpb.org.br\/site\/professores-aprovam-continuidade-da-greve-na-ufpb-2\/bananeiras-3\/'><img loading=\"lazy\" decoding=\"async\" width=\"150\" height=\"150\" src=\"https:\/\/www.adufpb.org.br\/site\/wp-content\/uploads\/2015\/08\/Bananeiras-3-150x150.jpg\" class=\"attachment-thumbnail size-thumbnail\" alt=\"\" aria-describedby=\"gallery-1-11831\" \/><\/a>\n\t\t\t\t<\/dt>\n\t\t\t\t\t<dd class='wp-caption-text gallery-caption' id='gallery-1-11831'>\n\t\t\t\t\tBananeiras\n\t\t\t\t\t<\/dd><\/dl><br style=\"clear: both\" \/>\n\t\t\t<\/div>\n\n<p><em>Fonte: Ascom ADUFPB<\/em><\/p>\n","protected":false},"excerpt":{"rendered":"<p>Em mais uma rodada de assembleias nesta quarta-feira (19\/8), os professores da UFPB decidiram manter a greve iniciada no dia 28 de maio. Entre outros pontos, eles aprovaram o calend\u00e1rio das pr\u00f3xima atividades (incluindo a participa\u00e7\u00e3o na manifesta\u00e7\u00e3o em defesa da educa\u00e7\u00e3o p\u00fablica que ser\u00e1 realizada em Bras\u00edlia nos dias 27 e 28 deste m\u00eas)&hellip;<\/p>\n","protected":false},"author":3,"featured_media":11842,"comment_status":"closed","ping_status":"closed","sticky":false,"template":"","format":"standard","meta":{"footnotes":""},"categories":[15,417],"tags":[816,132,186,590],"class_list":["post-11830","post","type-post","status-publish","format-standard","has-post-thumbnail","hentry","category-noticias","category-noticias-destaque","tag-assembleia","tag-greve","tag-negociacao","tag-pauta-local","category-15","category-417","description-off"],"_links":{"self":[{"href":"https:\/\/www.adufpb.org.br\/site\/wp-json\/wp\/v2\/posts\/11830","targetHints":{"allow":["GET"]}}],"collection":[{"href":"https:\/\/www.adufpb.org.br\/site\/wp-json\/wp\/v2\/posts"}],"about":[{"href":"https:\/\/www.adufpb.org.br\/site\/wp-json\/wp\/v2\/types\/post"}],"author":[{"embeddable":true,"href":"https:\/\/www.adufpb.org.br\/site\/wp-json\/wp\/v2\/users\/3"}],"replies":[{"embeddable":true,"href":"https:\/\/www.adufpb.org.br\/site\/wp-json\/wp\/v2\/comments?post=11830"}],"version-history":[{"count":9,"href":"https:\/\/www.adufpb.org.br\/site\/wp-json\/wp\/v2\/posts\/11830\/revisions"}],"predecessor-version":[{"id":11856,"href":"https:\/\/www.adufpb.org.br\/site\/wp-json\/wp\/v2\/posts\/11830\/revisions\/11856"}],"wp:featuredmedia":[{"embeddable":true,"href":"https:\/\/www.adufpb.org.br\/site\/wp-json\/wp\/v2\/media\/11842"}],"wp:attachment":[{"href":"https:\/\/www.adufpb.org.br\/site\/wp-json\/wp\/v2\/media?parent=11830"}],"wp:term":[{"taxonomy":"category","embeddable":true,"href":"https:\/\/www.adufpb.org.br\/site\/wp-json\/wp\/v2\/categories?post=11830"},{"taxonomy":"post_tag","embeddable":true,"href":"https:\/\/www.adufpb.org.br\/site\/wp-json\/wp\/v2\/tags?post=11830"}],"curies":[{"name":"wp","href":"https:\/\/api.w.org\/{rel}","templated":true}]}}