{"id":11727,"date":"2015-07-30T16:38:26","date_gmt":"2015-07-30T20:38:26","guid":{"rendered":"http:\/\/www.adufpb.org.br\/site\/?p=11727"},"modified":"2015-07-30T17:14:20","modified_gmt":"2015-07-30T21:14:20","slug":"greve-continua-e-professores-aprovam-contraproposta-do-forum-dos-servidores","status":"publish","type":"post","link":"https:\/\/www.adufpb.org.br\/site\/greve-continua-e-professores-aprovam-contraproposta-do-forum-dos-servidores\/","title":{"rendered":"Greve continua e professores aprovam contraproposta do F\u00f3rum dos Servidores"},"content":{"rendered":"<p dir=\"ltr\">Os professores da UFPB aprovaram nesta quinta-feira (30\/7), em nova rodada de assembleias, os termos da contraproposta elaborada pelo F\u00f3rum dos Servidores P\u00fablicos Federais para negocia\u00e7\u00e3o com o Governo. O documento &#8211; que pede reajuste de 19,7% pago de uma \u00fanica vez &#8211; deve ser apresentado na pr\u00f3xima reuni\u00e3o com o Minist\u00e9rio do Planejamento, ainda sem data. Tamb\u00e9m foi aprovada na assembleia a proposta de continuidade da greve dos docentes, iniciada em 28 de maio.Uma nova assembleia ser\u00e1 realizada no dia 12 de agosto.<\/p>\n<p dir=\"ltr\">No total, 135 professores participaram das reuni\u00f5es em Jo\u00e3o Pessoa e Bananeiras. A contraproposta do F\u00f3rum dos Servidores foi aprovada por 106 votos a zero, com uma absten\u00e7\u00e3o. J\u00e1 a proposta de continuidade da greve recebeu 105 votos favor\u00e1veis e tr\u00eas contr\u00e1rios, tamb\u00e9m com uma absten\u00e7\u00e3o.<\/p>\n<p dir=\"ltr\">No campus I, em Jo\u00e3o Pessoa, a assembleia ocorreu no audit\u00f3rio da reitoria e contou com 115 assinaturas na lista de presen\u00e7a. Os votos em favor da continuidade da greve somaram 87 e os contr\u00e1rios, tr\u00eas. Foi registrada, ainda, uma absten\u00e7\u00e3o. J\u00e1 em rela\u00e7\u00e3o \u00e0 contraproposta do F\u00f3rum dos Servidores, a aprova\u00e7\u00e3o foi definida por 89 votos a zero, sem absten\u00e7\u00f5es.<\/p>\n<p dir=\"ltr\"><a href=\"http:\/\/www.adufpb.org.br\/site\/wp-content\/uploads\/2015\/07\/2015.07.30-assembleia-2.jpg\"><img loading=\"lazy\" decoding=\"async\" class=\"alignright size-medium wp-image-11729\" alt=\"2015.07.30 - assembleia 2\" src=\"http:\/\/www.adufpb.org.br\/site\/wp-content\/uploads\/2015\/07\/2015.07.30-assembleia-2-300x225.jpg\" width=\"300\" height=\"225\" srcset=\"https:\/\/www.adufpb.org.br\/site\/wp-content\/uploads\/2015\/07\/2015.07.30-assembleia-2-300x225.jpg 300w, https:\/\/www.adufpb.org.br\/site\/wp-content\/uploads\/2015\/07\/2015.07.30-assembleia-2.jpg 960w\" sizes=\"auto, (max-width: 300px) 100vw, 300px\" \/><\/a>Bananeiras, 20 docentes assinaram a lista de presen\u00e7a. A continuidade da greve foi aprovada por 18 votos a zero (sem absten\u00e7\u00f5es) e a contraproposta do governo por 17 a zero (com uma absten\u00e7\u00e3o).<\/p>\n<p dir=\"ltr\">Nesta sexta-feira (31\/7), os professores da UFPB participam de um ato em Defesa da Educa\u00e7\u00e3o P\u00fablica no Centro de Jo\u00e3o Pessoa com v\u00e1rias outras entidades representantes dos trabalhadores. A concentra\u00e7\u00e3o ser\u00e1 \u00e0s 9h, em frente \u00e0 Esplanada, no Parque Solon de Lucena. De l\u00e1, os manifestantes seguir\u00e3o at\u00e9 a Pra\u00e7a Jo\u00e3o Pessoa, onde fica a Assembleia Legislativa do Estado.<\/p>\n<p><strong>Informes<\/strong><\/p>\n<p dir=\"ltr\">O professor Arturo Gouveia, que representou na \u00faltima semana os professores da UFPB no Comando Nacional de Greve do Andes-SN, detalhou o cen\u00e1rio das negocia\u00e7\u00f5es com o Minist\u00e9rio do Planejamento. Segundo ele, o Governo insiste no reajuste de 21,3% parcelado em quatro anos (o que representa uma m\u00e9dia de 5% ao ano, menos do que a infla\u00e7\u00e3o prevista para 2015) e ignora outras bandeiras importantes da pauta de reivindica\u00e7\u00e3o dos servidores, como a data-base em 1\u00ba de maio.<\/p>\n<p dir=\"ltr\">Em seguida, o professor Daniel Antiquera falou sobre a audi\u00eancia realizada na \u00faltima quarta-feira (29\/7) com a reitora Margareth Diniz, quando os professores apresentaram a pauta local de reivindica\u00e7\u00f5es elaborada por uma comiss\u00e3o do Comando Local de Greve. Al\u00e9m dos docentes, os servidores t\u00e9cnico-administrativos, por meio do Sintespb, tamb\u00e9m apresentaram um documento com exig\u00eancias da categoria.<\/p>\n<p dir=\"ltr\">O professor Daniel destacou que mais importante do que a entrega da pauta local \u00e9 a cobran\u00e7a de uma negocia\u00e7\u00e3o efetiva para solucionar os problemas apontados. Por esse motivo, uma segunda reuni\u00e3o com a reitora j\u00e1 foi marcada para o dia 11 de agosto, \u00e0s 9h. \u201cDesta forma, iremos realizar uma reuni\u00e3o preparat\u00f3ria no dia 8, na sede da ADUFPB e todos os professores est\u00e3o convidados a participar e dar suas contribui\u00e7\u00f5es\u201d, informou o professor Daniel. \u201cEssa tamb\u00e9m \u00e9 uma forma de fortalecer a greve e lutar localmente por melhorias nas nossas condi\u00e7\u00f5es de trabalho\u201d, disse.<\/p>\n<p><strong><a href=\"http:\/\/www.adufpb.org.br\/site\/wp-content\/uploads\/2015\/07\/2015.07.30-assembleia.jpg\"><img loading=\"lazy\" decoding=\"async\" class=\"alignleft size-medium wp-image-11728\" alt=\"2015.07.30 - assembleia\" src=\"http:\/\/www.adufpb.org.br\/site\/wp-content\/uploads\/2015\/07\/2015.07.30-assembleia-300x225.jpg\" width=\"300\" height=\"225\" srcset=\"https:\/\/www.adufpb.org.br\/site\/wp-content\/uploads\/2015\/07\/2015.07.30-assembleia-300x225.jpg 300w, https:\/\/www.adufpb.org.br\/site\/wp-content\/uploads\/2015\/07\/2015.07.30-assembleia.jpg 960w\" sizes=\"auto, (max-width: 300px) 100vw, 300px\" \/><\/a>An\u00e1lise do Comando<\/strong><\/p>\n<p dir=\"ltr\">A an\u00e1lise do Comando Local de Greve foi apresentada pelo professor Fernando Cunha. Segundo ele, os cortes do ajuste fiscal chegaram em um momento onde a pauta dos SPF estava sem resposta, levando \u00e0 deflagra\u00e7\u00e3o da greve em v\u00e1rias categorias. \u201cO cen\u00e1rio do ajuste fiscal confronta com a manuten\u00e7\u00e3o da universidade que defendemos. O que est\u00e1 em jogo neste momento \u00e9 o ataque \u00e0 na\u00e7\u00e3o, aos trabalhadores, aos servidores p\u00fablicos federais\u201d.<\/p>\n<p dir=\"ltr\">Ele informou que os servidores da base do Condsef entraram em greve na \u00faltima segunda-feira, 27 de julho, somando for\u00e7as ao movimenot. \u201cA greve tem mantido sua for\u00e7a e tem for\u00e7a para conseguir negociar com o governo, se contrapondo \u00e0 pol\u00edtica imposta pelo governo\u201d, declarou Fernando Cunha.<\/p>\n<p dir=\"ltr\">Segundo ele, o reajuste salarial de 27,3% em parcela \u00fanica foi o ponto mais importante da pauta dos 20 pontos protocolada em mar\u00e7o que nos fez entrar em greve. \u201cMas o governo protelou a resposta para junho, quando j\u00e1 est\u00e1vamos em greve e apresentou sua proposta, indecorosa, inaceit\u00e1vel, com aumento em conta-gotas. As negocia\u00e7\u00f5es continuaram e os SPF rejeitaram a proposta do governo, reiterada em 20 de julho\u201d.<\/p>\n<p dir=\"ltr\">Localmente, os docentes da UFPB aprovaram em assembleia a indica\u00e7\u00e3o de uma contraproposta, buscando colaborar com a negocia\u00e7\u00e3o. E, na \u00faltima segunda-feira (27), o F\u00f3rum dos SPF apresentou uma contraproposta indicando o percentual de 19,7% (que considera a infla\u00e7\u00e3o do per\u00edodo 2010-2015 descontado o aumento que j\u00e1 foi repassado pelo governo), e mantendo os demais princ\u00edpios e pontos da pauta inicial. \u201cNeste momento, precisamos aprovar esta proposta e indicar que a negocia\u00e7\u00e3o aconte\u00e7a abertamente\u201d, disse.<\/p>\n<div id=\"attachment_11734\" style=\"width: 310px\" class=\"wp-caption aligncenter\"><a href=\"http:\/\/www.adufpb.org.br\/site\/wp-content\/uploads\/2015\/07\/assembleia-30-de-julho-1-2.jpg\"><img loading=\"lazy\" decoding=\"async\" aria-describedby=\"caption-attachment-11734\" class=\"size-medium wp-image-11734\" alt=\"Em Bananeiras\" src=\"http:\/\/www.adufpb.org.br\/site\/wp-content\/uploads\/2015\/07\/assembleia-30-de-julho-1-2-300x225.jpg\" width=\"300\" height=\"225\" srcset=\"https:\/\/www.adufpb.org.br\/site\/wp-content\/uploads\/2015\/07\/assembleia-30-de-julho-1-2-300x225.jpg 300w, https:\/\/www.adufpb.org.br\/site\/wp-content\/uploads\/2015\/07\/assembleia-30-de-julho-1-2.jpg 1024w\" sizes=\"auto, (max-width: 300px) 100vw, 300px\" \/><\/a><p id=\"caption-attachment-11734\" class=\"wp-caption-text\">Em Bananeiras<\/p><\/div>\n<div id=\"attachment_11733\" style=\"width: 310px\" class=\"wp-caption aligncenter\"><a href=\"http:\/\/www.adufpb.org.br\/site\/wp-content\/uploads\/2015\/07\/assembleia-do-dia-30-de-julho-12-2.jpg\"><img loading=\"lazy\" decoding=\"async\" aria-describedby=\"caption-attachment-11733\" class=\"size-medium wp-image-11733\" alt=\"Em Bananeiras\" src=\"http:\/\/www.adufpb.org.br\/site\/wp-content\/uploads\/2015\/07\/assembleia-do-dia-30-de-julho-12-2-300x225.jpg\" width=\"300\" height=\"225\" srcset=\"https:\/\/www.adufpb.org.br\/site\/wp-content\/uploads\/2015\/07\/assembleia-do-dia-30-de-julho-12-2-300x225.jpg 300w, https:\/\/www.adufpb.org.br\/site\/wp-content\/uploads\/2015\/07\/assembleia-do-dia-30-de-julho-12-2.jpg 1024w\" sizes=\"auto, (max-width: 300px) 100vw, 300px\" \/><\/a><p id=\"caption-attachment-11733\" class=\"wp-caption-text\">Em Bananeiras<\/p><\/div>\n<p>&nbsp;<\/p>\n<p><strong>Agenda de Greve<\/strong><\/p>\n<div dir=\"ltr\">\n<table>\n<colgroup>\n<col width=\"129\" \/>\n<col width=\"88\" \/>\n<col width=\"367\" \/><\/colgroup>\n<tbody>\n<tr>\n<td>\n<p dir=\"ltr\">Data<\/p>\n<\/td>\n<td>\n<p dir=\"ltr\">Hor\u00e1rio<\/p>\n<\/td>\n<td>\n<p dir=\"ltr\">Atividade<\/p>\n<\/td>\n<\/tr>\n<tr>\n<td rowspan=\"2\">\n<p dir=\"ltr\">03\/08 \u2013 Segunda<\/p>\n<\/td>\n<td>\n<p dir=\"ltr\">10h<\/p>\n<\/td>\n<td>\n<p dir=\"ltr\">Audi\u00eancia com Reitora (Artigo 192)<\/p>\n<\/td>\n<\/tr>\n<tr>\n<td>\n<p dir=\"ltr\">14h<\/p>\n<\/td>\n<td>\n<p dir=\"ltr\">Reuni\u00e3o do CLG<\/p>\n<\/td>\n<\/tr>\n<tr>\n<td>\n<p dir=\"ltr\">04\/08 &#8211; Ter\u00e7a<\/p>\n<\/td>\n<td><\/td>\n<td><\/td>\n<\/tr>\n<tr>\n<td>\n<p dir=\"ltr\">05\/08 \u2013 Quarta<\/p>\n<\/td>\n<td colspan=\"2\">\n<p dir=\"ltr\">Feriado<\/p>\n<\/td>\n<\/tr>\n<tr>\n<td>\n<p dir=\"ltr\">06\/08 \u2013 Quinta<\/p>\n<\/td>\n<td>\n<p dir=\"ltr\">Manh\u00e3<\/p>\n<\/td>\n<td>\n<p dir=\"ltr\">Caravana Bras\u00edlia<\/p>\n<\/td>\n<\/tr>\n<tr>\n<td>\n<p dir=\"ltr\">07\/08 \u2013 Sexta<\/p>\n<\/td>\n<td>\n<p dir=\"ltr\">14h<\/p>\n<\/td>\n<td>\n<p dir=\"ltr\">Comiss\u00e3o da Pauta Local (CLG)<\/p>\n<\/td>\n<\/tr>\n<tr>\n<td>\n<p dir=\"ltr\">10\/08 \u2013 Segunda<\/p>\n<\/td>\n<td>\n<p dir=\"ltr\">14h<\/p>\n<\/td>\n<td>\n<p dir=\"ltr\">Reuni\u00e3o do CLG<\/p>\n<\/td>\n<\/tr>\n<tr>\n<td>\n<p dir=\"ltr\">11\/08 \u2013 Ter\u00e7a<\/p>\n<\/td>\n<td>\n<p dir=\"ltr\">9h<\/p>\n<\/td>\n<td>\n<p dir=\"ltr\">Audi\u00eancia Pauta Local<\/p>\n<\/td>\n<\/tr>\n<tr>\n<td>\n<p dir=\"ltr\">12\/08 &#8211; Quarta<\/p>\n<\/td>\n<td>\n<p dir=\"ltr\">9h<\/p>\n<\/td>\n<td>\n<p dir=\"ltr\">Assembleia (se houver necessidade, poder\u00e1 ser antecipada)<\/p>\n<\/td>\n<\/tr>\n<\/tbody>\n<\/table>\n<p>&nbsp;<\/p>\n<p><em>Fonte: Ascom ADUFPB<\/em><\/p>\n<\/div>\n","protected":false},"excerpt":{"rendered":"<p>Os professores da UFPB aprovaram nesta quinta-feira (30\/7), em nova rodada de assembleias, os termos da contraproposta elaborada pelo F\u00f3rum dos Servidores P\u00fablicos Federais para negocia\u00e7\u00e3o com o Governo. O documento &#8211; que pede reajuste de 19,7% pago de uma \u00fanica vez &#8211; deve ser apresentado na pr\u00f3xima reuni\u00e3o com o Minist\u00e9rio do Planejamento, ainda&hellip;<\/p>\n","protected":false},"author":3,"featured_media":11730,"comment_status":"closed","ping_status":"closed","sticky":false,"template":"","format":"standard","meta":{"footnotes":""},"categories":[417],"tags":[816,143,526,519,132,530,186,478],"class_list":["post-11727","post","type-post","status-publish","format-standard","has-post-thumbnail","hentry","category-noticias-destaque","tag-assembleia","tag-campanha-salarial","tag-campanha-salarial-unificada","tag-forum-dos-servidores","tag-greve","tag-ministerio-do-planejamento","tag-negociacao","tag-proposta","category-417","description-off"],"_links":{"self":[{"href":"https:\/\/www.adufpb.org.br\/site\/wp-json\/wp\/v2\/posts\/11727","targetHints":{"allow":["GET"]}}],"collection":[{"href":"https:\/\/www.adufpb.org.br\/site\/wp-json\/wp\/v2\/posts"}],"about":[{"href":"https:\/\/www.adufpb.org.br\/site\/wp-json\/wp\/v2\/types\/post"}],"author":[{"embeddable":true,"href":"https:\/\/www.adufpb.org.br\/site\/wp-json\/wp\/v2\/users\/3"}],"replies":[{"embeddable":true,"href":"https:\/\/www.adufpb.org.br\/site\/wp-json\/wp\/v2\/comments?post=11727"}],"version-history":[{"count":3,"href":"https:\/\/www.adufpb.org.br\/site\/wp-json\/wp\/v2\/posts\/11727\/revisions"}],"predecessor-version":[{"id":11732,"href":"https:\/\/www.adufpb.org.br\/site\/wp-json\/wp\/v2\/posts\/11727\/revisions\/11732"}],"wp:featuredmedia":[{"embeddable":true,"href":"https:\/\/www.adufpb.org.br\/site\/wp-json\/wp\/v2\/media\/11730"}],"wp:attachment":[{"href":"https:\/\/www.adufpb.org.br\/site\/wp-json\/wp\/v2\/media?parent=11727"}],"wp:term":[{"taxonomy":"category","embeddable":true,"href":"https:\/\/www.adufpb.org.br\/site\/wp-json\/wp\/v2\/categories?post=11727"},{"taxonomy":"post_tag","embeddable":true,"href":"https:\/\/www.adufpb.org.br\/site\/wp-json\/wp\/v2\/tags?post=11727"}],"curies":[{"name":"wp","href":"https:\/\/api.w.org\/{rel}","templated":true}]}}