{"id":11695,"date":"2015-07-28T10:55:01","date_gmt":"2015-07-28T14:55:01","guid":{"rendered":"http:\/\/www.adufpb.org.br\/site\/?p=11695"},"modified":"2015-07-29T11:03:21","modified_gmt":"2015-07-29T15:03:21","slug":"greve-dos-docentes-federais-completa-dois-meses-nesta-terca-feira-28","status":"publish","type":"post","link":"https:\/\/www.adufpb.org.br\/site\/greve-dos-docentes-federais-completa-dois-meses-nesta-terca-feira-28\/","title":{"rendered":"Greve dos docentes federais completa dois meses nesta ter\u00e7a-feira (28)"},"content":{"rendered":"<p><a href=\"http:\/\/www.adufpb.org.br\/site\/wp-content\/uploads\/2015\/07\/marcha_docentes_bras\u00edlia.jpg\"><img loading=\"lazy\" decoding=\"async\" class=\"alignleft size-medium wp-image-11697\" alt=\"marcha_docentes_bras\u00edlia\" src=\"http:\/\/www.adufpb.org.br\/site\/wp-content\/uploads\/2015\/07\/marcha_docentes_bras\u00edlia-300x200.jpg\" width=\"300\" height=\"200\" srcset=\"https:\/\/www.adufpb.org.br\/site\/wp-content\/uploads\/2015\/07\/marcha_docentes_bras\u00edlia-300x200.jpg 300w, https:\/\/www.adufpb.org.br\/site\/wp-content\/uploads\/2015\/07\/marcha_docentes_bras\u00edlia.jpg 450w\" sizes=\"auto, (max-width: 300px) 100vw, 300px\" \/><\/a>Ap\u00f3s dois meses em greve, completados nesta ter\u00e7a-feira (28), os docentes das Institui\u00e7\u00f5es Federais de Ensino (IFE) continuam mobilizados e pretendem intensificar ainda mais a luta no m\u00eas de agosto, para avan\u00e7ar nas negocia\u00e7\u00f5es com o governo e alcan\u00e7ar conquistas reais para a categoria. Na pauta de reivindica\u00e7\u00f5es dos docentes est\u00e1 a defesa do car\u00e1ter p\u00fablico da universidade, melhores condi\u00e7\u00f5es de trabalho e ensino, garantia da autonomia universit\u00e1ria, reestrutura\u00e7\u00e3o da carreira docente e valoriza\u00e7\u00e3o salarial de ativos e aposentados. Em greve desde o dia 28 de maio, o movimento contou no primeiro dia da greve com a ades\u00e3o 18 se\u00e7\u00f5es sindicais. Atualmente, o movimento paredista j\u00e1 conta com a ades\u00e3o de 41 se\u00e7\u00f5es sindicais, segundo o \u00faltimo quadro divulgado pelo Comando Nacional de Greve (CNG) das IFE, no dia 24. Veja lista\u00a0<strong><a href=\"http:\/\/portal.andes.org.br\/imprensa\/noticias\/imp-ult-1685284882.pdf\" target=\"_blank\">aqui<\/a><\/strong>.<\/p>\n<p>Segundo Joselene Ferreira Mota, do CNG, o movimento grevista tende a crescer em agosto, por se tratar de ser um m\u00eas de retomada do recesso do per\u00edodo letivo, quando a precariza\u00e7\u00e3o das institui\u00e7\u00f5es, acentuada pelos os cortes or\u00e7ament\u00e1rios, tende a se agudizar. \u201cA greve tem se fortalecido a cada dia, com o n\u00famero de se\u00e7\u00f5es sindicais do ANDES-SN que duplicou nestes dois meses. Mesmo levando em conta que o in\u00edcio da greve n\u00e3o foi f\u00e1cil, por conta do per\u00edodo letivo &#8211; final de semestre &#8211; e muitos professores ficaram receosos em aderir \u00e0 paralisa\u00e7\u00e3o, dentre tantas outras dificuldades, estamos vendo como os cortes est\u00e3o sendo materializados em algumas universidades&#8221;. Recentemente, houve novo corte feito pelo governo federal, no valor de R$ 8,6 bilh\u00f5es. O \u00faltimo corte nas \u00e1reas sociais havia sido de R$ 69,9 bilh\u00f5es. Agora, o total chegar\u00e1 a R$ 79,4 bilh\u00f5es.<\/p>\n<p>Paulo Rizzo, presidente do ANDES-SN, explica que diante dos cortes anunciados pelo governo federal, que integram as medidas de ajuste fiscal, e retiram recursos diretamente das institui\u00e7\u00f5es, a greve dos docentes e t\u00e9cnicos passou a ter uma grande import\u00e2ncia na luta, na tentativa de revert\u00ea-los. \u201cSe a situa\u00e7\u00e3o continuar do jeito como est\u00e1, as institui\u00e7\u00f5es n\u00e3o ter\u00e3o a menor condi\u00e7\u00e3o de funcionamento no segundo semestre\u201d, disse.<\/p>\n<p><strong>Unidade<\/strong><\/p>\n<p>O presidente do Sindicato Nacional destacou como fundamental a unidade dos Servidores P\u00fablicos Federais (SPF) na mobiliza\u00e7\u00e3o atrav\u00e9s das greves. Ele enfatiza a import\u00e2ncia das entidades que deflagraram greve no m\u00eas de julho, como o Sindicato Nacional dos Servidores Federais da Educa\u00e7\u00e3o B\u00e1sica, Profissional e Tecnol\u00f3gica (Sinasefe), a Federa\u00e7\u00e3o Nacional dos Sindicatos dos Trabalhadores em Sa\u00fade, Trabalho, Previd\u00eancia e Assist\u00eancia Social (Fenasps) e a ades\u00e3o da base da Confedera\u00e7\u00e3o dos Trabalhadores no Servi\u00e7o P\u00fablico Federal (Condsef) para o fortalecimento do movimento paredista.<\/p>\n<p><a href=\"http:\/\/www.adufpb.org.br\/site\/wp-content\/uploads\/2015\/07\/marcha_docentes_bras\u00edlia-2.jpg\"><img loading=\"lazy\" decoding=\"async\" class=\"alignright size-medium wp-image-11698\" alt=\"marcha_docentes_bras\u00edlia - 2\" src=\"http:\/\/www.adufpb.org.br\/site\/wp-content\/uploads\/2015\/07\/marcha_docentes_bras\u00edlia-2-300x200.jpg\" width=\"300\" height=\"200\" srcset=\"https:\/\/www.adufpb.org.br\/site\/wp-content\/uploads\/2015\/07\/marcha_docentes_bras\u00edlia-2-300x200.jpg 300w, https:\/\/www.adufpb.org.br\/site\/wp-content\/uploads\/2015\/07\/marcha_docentes_bras\u00edlia-2.jpg 450w\" sizes=\"auto, (max-width: 300px) 100vw, 300px\" \/><\/a>\u201cA greve dos professores e tamb\u00e9m dos demais servidores federais tem crescido diante da posi\u00e7\u00e3o intransigente do governo, que insiste em apresentar um reajuste salarial inaceit\u00e1vel, que n\u00e3o rep\u00f5e a infla\u00e7\u00e3o, e n\u00e3o traz nenhuma proposta para os demais itens da pauta unificada dos SPF. A intensifica\u00e7\u00e3o da mobiliza\u00e7\u00e3o e o fortalecimento do F\u00f3rum das Entidades Nacionais dos SPF foram importantes para consolidar a unidade dos SPF, que rejeitaram de forma un\u00e2nime essa proposta do governo [reajuste de 21,3%, parcelado em quatro anos]\u201d, contou Rizzo citando as negocia\u00e7\u00f5es com a Secretaria de Rela\u00e7\u00f5es do Trabalho do Minist\u00e9rio do Planejamento, Or\u00e7amento e Gest\u00e3o (SRT\/Mpog).<\/p>\n<p><strong>Marcha<\/strong><\/p>\n<p>Os docentes tiveram uma ampla participa\u00e7\u00e3o na Marcha dos Servidores P\u00fablicos Federais (SPF) que ocorreu em Bras\u00edlia (DF), no \u00faltimo dia 22, e que contou com mais de seis mil pessoas. Respondendo \u00e0 convoca\u00e7\u00e3o do Comando Nacional de Greve (CNG), os docentes das IFE vieram de diversos estados para pressionar o governo federal a interferir nas negocia\u00e7\u00f5es entre os SPF e a SRT\/Mpog e que este respondesse a pauta de reivindica\u00e7\u00f5es efetivamente. A press\u00e3o do movimento, fez com que uma comiss\u00e3o representativa do F\u00f3rum das Entidades Nacionais dos SPF fosse recebida pela Secretaria Geral da Presid\u00eancia da Rep\u00fablica em uma audi\u00eancia, com objetivo de dar continuidade ao processo de negocia\u00e7\u00e3o salarial dos eixos da campanha unificada para 2015 dos servidores p\u00fablicos. De tarde, em reuni\u00e3o setorial com entidades representantes dos docentes da Educa\u00e7\u00e3o Federal, a Secretaria de Rela\u00e7\u00f5es do Trabalho do Mpog reafirmou a proposta j\u00e1 apresentada ao F\u00f3rum das Entidades Nacionais dos SPF de reajuste de 21,3%, parcelado em quatro anos. A proposta que j\u00e1 foi recha\u00e7ada pelo F\u00f3rum, tamb\u00e9m foi recusada pelo ANDES-SN e Sinasefe.<\/p>\n<p>Para a representante do CNG, Joselene, a greve unificada junto com os SPF tem dado um \u201ccerto f\u00f4lego\u201d para o movimento na articula\u00e7\u00e3o das marchas e caravanas, nas atividades com o F\u00f3rum dos SPF, o que resultou em uma maior visibilidade \u00e0 greve.<\/p>\n<p><strong>Caravana<\/strong><\/p>\n<p><a href=\"http:\/\/www.adufpb.org.br\/site\/wp-content\/uploads\/2015\/07\/marcha_docentes_bras\u00edlia-3.jpg\"><img loading=\"lazy\" decoding=\"async\" class=\"alignleft size-medium wp-image-11699\" alt=\"marcha_docentes_bras\u00edlia - 3\" src=\"http:\/\/www.adufpb.org.br\/site\/wp-content\/uploads\/2015\/07\/marcha_docentes_bras\u00edlia-3-300x200.jpg\" width=\"300\" height=\"200\" srcset=\"https:\/\/www.adufpb.org.br\/site\/wp-content\/uploads\/2015\/07\/marcha_docentes_bras\u00edlia-3-300x200.jpg 300w, https:\/\/www.adufpb.org.br\/site\/wp-content\/uploads\/2015\/07\/marcha_docentes_bras\u00edlia-3.jpg 450w\" sizes=\"auto, (max-width: 300px) 100vw, 300px\" \/><\/a>No dia 7 de julho, a uni\u00e3o das categorias dos tr\u00eas segmentos da Educa\u00e7\u00e3o Federal, junto com os estudantes, fortaleceu a mobiliza\u00e7\u00e3o. Mais de tr\u00eas mil pessoas protagonizaram um grande ato em defesa da Educa\u00e7\u00e3o P\u00fablica na capital federal. Docentes, t\u00e9cnicos e estudantes se reuniram em frente ao Museu da Rep\u00fablica e marcharam at\u00e9 o Minist\u00e9rio da Educa\u00e7\u00e3o, para exigir uma audi\u00eancia com o ministro, Renato Janine, e cobrar a revers\u00e3o dos cortes no or\u00e7amento da Educa\u00e7\u00e3o Federal e mais investimentos na \u00e1rea. Ap\u00f3s a recusa do ministro em receber os manifestantes, foi protocolado o Manifesto em Defesa da Educa\u00e7\u00e3o P\u00fablica, fruto dos debates realizados na Reuni\u00e3o da Educa\u00e7\u00e3o Federal, no dia anterior, com a participa\u00e7\u00e3o de mais de 600 pessoas. Confira\u00a0<strong><a href=\"http:\/\/portal.andes.org.br\/imprensa\/noticias\/imp-ult-601338544.pdf\" target=\"_blank\">aqui<\/a><\/strong>\u00a0o documento.<\/p>\n<p><strong>Desafios<\/strong><\/p>\n<p>Paulo Rizzo, presidente do Sindicato Nacional, acredita que o \u201cgrande desafio que temos agora no final de julho e come\u00e7o de agosto \u00e9 o de fortalecer a greve e a unidade dos SPF, para for\u00e7ar o governo a avan\u00e7ar na negocia\u00e7\u00e3o com o F\u00f3rum e responder a pauta espec\u00edfica do ANDES-SN. Precisamos, tamb\u00e9m, ampliar a mobiliza\u00e7\u00e3o exigindo o fim dos cortes. A nossa greve n\u00e3o vai se resolver somente pela quest\u00e3o salarial, ela tem o objetivo da defesa do car\u00e1ter p\u00fablico das institui\u00e7\u00f5es e a revers\u00e3o dos cortes\u201d, conclui.<\/p>\n<p><em>Fonte: ANDES-SN<\/em><\/p>\n","protected":false},"excerpt":{"rendered":"<p>Ap\u00f3s dois meses em greve, completados nesta ter\u00e7a-feira (28), os docentes das Institui\u00e7\u00f5es Federais de Ensino (IFE) continuam mobilizados e pretendem intensificar ainda mais a luta no m\u00eas de agosto, para avan\u00e7ar nas negocia\u00e7\u00f5es com o governo e alcan\u00e7ar conquistas reais para a categoria. Na pauta de reivindica\u00e7\u00f5es dos docentes est\u00e1 a defesa do car\u00e1ter&hellip;<\/p>\n","protected":false},"author":3,"featured_media":0,"comment_status":"closed","ping_status":"closed","sticky":false,"template":"","format":"standard","meta":{"footnotes":""},"categories":[15],"tags":[574,132,573],"class_list":["post-11695","post","type-post","status-publish","format-standard","hentry","category-noticias","tag-comando-nacional-de-greve","tag-greve","tag-ife","category-15","description-off"],"_links":{"self":[{"href":"https:\/\/www.adufpb.org.br\/site\/wp-json\/wp\/v2\/posts\/11695","targetHints":{"allow":["GET"]}}],"collection":[{"href":"https:\/\/www.adufpb.org.br\/site\/wp-json\/wp\/v2\/posts"}],"about":[{"href":"https:\/\/www.adufpb.org.br\/site\/wp-json\/wp\/v2\/types\/post"}],"author":[{"embeddable":true,"href":"https:\/\/www.adufpb.org.br\/site\/wp-json\/wp\/v2\/users\/3"}],"replies":[{"embeddable":true,"href":"https:\/\/www.adufpb.org.br\/site\/wp-json\/wp\/v2\/comments?post=11695"}],"version-history":[{"count":3,"href":"https:\/\/www.adufpb.org.br\/site\/wp-json\/wp\/v2\/posts\/11695\/revisions"}],"predecessor-version":[{"id":11701,"href":"https:\/\/www.adufpb.org.br\/site\/wp-json\/wp\/v2\/posts\/11695\/revisions\/11701"}],"wp:attachment":[{"href":"https:\/\/www.adufpb.org.br\/site\/wp-json\/wp\/v2\/media?parent=11695"}],"wp:term":[{"taxonomy":"category","embeddable":true,"href":"https:\/\/www.adufpb.org.br\/site\/wp-json\/wp\/v2\/categories?post=11695"},{"taxonomy":"post_tag","embeddable":true,"href":"https:\/\/www.adufpb.org.br\/site\/wp-json\/wp\/v2\/tags?post=11695"}],"curies":[{"name":"wp","href":"https:\/\/api.w.org\/{rel}","templated":true}]}}