{"id":11693,"date":"2015-07-29T10:51:07","date_gmt":"2015-07-29T14:51:07","guid":{"rendered":"http:\/\/www.adufpb.org.br\/site\/?p=11693"},"modified":"2015-07-30T18:15:46","modified_gmt":"2015-07-30T22:15:46","slug":"professores-fazem-assembleia-nesta-quinta-feira-2","status":"publish","type":"post","link":"https:\/\/www.adufpb.org.br\/site\/professores-fazem-assembleia-nesta-quinta-feira-2\/","title":{"rendered":"Professores fazem assembleia nesta quinta-feira"},"content":{"rendered":"<p dir=\"ltr\">Os professores da UFPB, em greve desde o dia 28 de maio, voltam a se reunir em assembleia geral nesta quinta-feira (30\/7). Em pauta: informes, avalia\u00e7\u00e3o da greve e encaminhamentos.<\/p>\n<p dir=\"ltr\">As assembleias acontecem a partir das 9h nos campi de Bananeiras (na subsecretaria da ADUFPB) e Jo\u00e3o Pessoa (no audit\u00f3rio da reitoria). Os professores de Areia podem participar da reuni\u00e3o em qualquer um desses dois locais.<\/p>\n<p dir=\"ltr\">A assembleia de Jo\u00e3o Pessoa tamb\u00e9m contar\u00e1 com a presen\u00e7a dos docentes dos campi IV (Litoral Norte) e V (CTDR, em Mangabeira), al\u00e9m dos professores da unidade do Centro de Ci\u00eancias Jur\u00eddicas de Santa Rita.<\/p>\n<p dir=\"ltr\">Um dos temas que ser\u00e3o apresentados durante a assembleia \u00e9 a audi\u00eancia realizada nesta quarta-feira com a reitora Margareth Diniz para apresenta\u00e7\u00e3o da pauta local de reivindica\u00e7\u00f5es dos professores.<\/p>\n<p dir=\"ltr\"><em>Fonte: Ascom ADUFPB<\/em><\/p>\n","protected":false},"excerpt":{"rendered":"<p>Os professores da UFPB, em greve desde o dia 28 de maio, voltam a se reunir em assembleia geral nesta quinta-feira (30\/7). Em pauta: informes, avalia\u00e7\u00e3o da greve e encaminhamentos. As assembleias acontecem a partir das 9h nos campi de Bananeiras (na subsecretaria da ADUFPB) e Jo\u00e3o Pessoa (no audit\u00f3rio da reitoria). Os professores de&hellip;<\/p>\n","protected":false},"author":3,"featured_media":11702,"comment_status":"closed","ping_status":"closed","sticky":false,"template":"","format":"standard","meta":{"footnotes":""},"categories":[15,417],"tags":[816,132,617,590,387],"class_list":["post-11693","post","type-post","status-publish","format-standard","has-post-thumbnail","hentry","category-noticias","category-noticias-destaque","tag-assembleia","tag-greve","tag-margareth","tag-pauta-local","tag-reitoria","category-15","category-417","description-off"],"_links":{"self":[{"href":"https:\/\/www.adufpb.org.br\/site\/wp-json\/wp\/v2\/posts\/11693","targetHints":{"allow":["GET"]}}],"collection":[{"href":"https:\/\/www.adufpb.org.br\/site\/wp-json\/wp\/v2\/posts"}],"about":[{"href":"https:\/\/www.adufpb.org.br\/site\/wp-json\/wp\/v2\/types\/post"}],"author":[{"embeddable":true,"href":"https:\/\/www.adufpb.org.br\/site\/wp-json\/wp\/v2\/users\/3"}],"replies":[{"embeddable":true,"href":"https:\/\/www.adufpb.org.br\/site\/wp-json\/wp\/v2\/comments?post=11693"}],"version-history":[{"count":2,"href":"https:\/\/www.adufpb.org.br\/site\/wp-json\/wp\/v2\/posts\/11693\/revisions"}],"predecessor-version":[{"id":11703,"href":"https:\/\/www.adufpb.org.br\/site\/wp-json\/wp\/v2\/posts\/11693\/revisions\/11703"}],"wp:featuredmedia":[{"embeddable":true,"href":"https:\/\/www.adufpb.org.br\/site\/wp-json\/wp\/v2\/media\/11702"}],"wp:attachment":[{"href":"https:\/\/www.adufpb.org.br\/site\/wp-json\/wp\/v2\/media?parent=11693"}],"wp:term":[{"taxonomy":"category","embeddable":true,"href":"https:\/\/www.adufpb.org.br\/site\/wp-json\/wp\/v2\/categories?post=11693"},{"taxonomy":"post_tag","embeddable":true,"href":"https:\/\/www.adufpb.org.br\/site\/wp-json\/wp\/v2\/tags?post=11693"}],"curies":[{"name":"wp","href":"https:\/\/api.w.org\/{rel}","templated":true}]}}