{"id":11621,"date":"2015-07-21T16:34:21","date_gmt":"2015-07-21T20:34:21","guid":{"rendered":"http:\/\/www.adufpb.org.br\/site\/?p=11621"},"modified":"2015-07-21T16:34:21","modified_gmt":"2015-07-21T20:34:21","slug":"nota-de-pesar-53","status":"publish","type":"post","link":"https:\/\/www.adufpb.org.br\/site\/nota-de-pesar-53\/","title":{"rendered":"NOTA DE PESAR"},"content":{"rendered":"<p style=\"text-align: left;\" align=\"center\"><span style=\"font-size: medium;\">A Diretoria Executiva e Funcion\u00e1rios da ADUFPB v\u00eam a p\u00fablico manifestar o seu profundo pesar pelo falecimento, ocorrido no dia 21 de julho de 2015, da Sra.<b>\u00a0LO-RUAMA LADY BEZERRA DA COSTA<\/b>,\u00a0<b>esposa do professor<\/b>\u00a0St\u00eanio Melo Lins da Costa, professor do Departamento de Fisioterapia\/UFPB.<\/span><\/p>\n<p><span style=\"font-size: medium;\">O corpo est\u00e1 sendo velado no Parque das Ac\u00e1cias e o enterro ser\u00e1 \u00e0s 16h00.<\/span><\/p>\n<p><span style=\"font-size: medium;\">Ao professor St\u00eanio, bem como aos membros da fam\u00edlia e amigos, nossos sentimentos.\u00a0<\/span><\/p>\n<p><span style=\"font-size: medium;\">\u00a0<\/span><\/p>\n<p style=\"text-align: center;\" align=\"right\"><span style=\"font-size: medium;\">Jo\u00e3o Pessoa, 21 de julho de 2015.<\/span><\/p>\n<h1 style=\"text-align: center;\" align=\"right\"><span style=\"font-size: medium;\">DIRETORIA EXECUTIVA<\/span><\/h1>\n<p style=\"text-align: center;\" align=\"right\"><span style=\"font-size: medium;\"><b>FUNCION\u00c1RIOS DA ADUFPB<\/b><br \/>\n<\/span><\/p>\n","protected":false},"excerpt":{"rendered":"<p>A Diretoria Executiva e Funcion\u00e1rios da ADUFPB v\u00eam a p\u00fablico manifestar o seu profundo pesar pelo falecimento, ocorrido no dia 21 de julho de 2015, da Sra.\u00a0LO-RUAMA LADY BEZERRA DA COSTA,\u00a0esposa do professor\u00a0St\u00eanio Melo Lins da Costa, professor do Departamento de Fisioterapia\/UFPB. O corpo est\u00e1 sendo velado no Parque das Ac\u00e1cias e o enterro ser\u00e1&hellip;<\/p>\n","protected":false},"author":3,"featured_media":0,"comment_status":"closed","ping_status":"closed","sticky":false,"template":"","format":"standard","meta":{"footnotes":""},"categories":[15],"tags":[],"class_list":["post-11621","post","type-post","status-publish","format-standard","hentry","category-noticias","category-15","description-off"],"_links":{"self":[{"href":"https:\/\/www.adufpb.org.br\/site\/wp-json\/wp\/v2\/posts\/11621","targetHints":{"allow":["GET"]}}],"collection":[{"href":"https:\/\/www.adufpb.org.br\/site\/wp-json\/wp\/v2\/posts"}],"about":[{"href":"https:\/\/www.adufpb.org.br\/site\/wp-json\/wp\/v2\/types\/post"}],"author":[{"embeddable":true,"href":"https:\/\/www.adufpb.org.br\/site\/wp-json\/wp\/v2\/users\/3"}],"replies":[{"embeddable":true,"href":"https:\/\/www.adufpb.org.br\/site\/wp-json\/wp\/v2\/comments?post=11621"}],"version-history":[{"count":2,"href":"https:\/\/www.adufpb.org.br\/site\/wp-json\/wp\/v2\/posts\/11621\/revisions"}],"predecessor-version":[{"id":11623,"href":"https:\/\/www.adufpb.org.br\/site\/wp-json\/wp\/v2\/posts\/11621\/revisions\/11623"}],"wp:attachment":[{"href":"https:\/\/www.adufpb.org.br\/site\/wp-json\/wp\/v2\/media?parent=11621"}],"wp:term":[{"taxonomy":"category","embeddable":true,"href":"https:\/\/www.adufpb.org.br\/site\/wp-json\/wp\/v2\/categories?post=11621"},{"taxonomy":"post_tag","embeddable":true,"href":"https:\/\/www.adufpb.org.br\/site\/wp-json\/wp\/v2\/tags?post=11621"}],"curies":[{"name":"wp","href":"https:\/\/api.w.org\/{rel}","templated":true}]}}