{"id":11601,"date":"2015-07-20T11:29:23","date_gmt":"2015-07-20T15:29:23","guid":{"rendered":"http:\/\/www.adufpb.org.br\/site\/?p=11601"},"modified":"2015-07-20T11:29:23","modified_gmt":"2015-07-20T15:29:23","slug":"servidores-publicos-federais-realizam-marcha-a-brasilia-na-proxima-quarta-22","status":"publish","type":"post","link":"https:\/\/www.adufpb.org.br\/site\/servidores-publicos-federais-realizam-marcha-a-brasilia-na-proxima-quarta-22\/","title":{"rendered":"Servidores P\u00fablicos Federais realizam Marcha \u00e0 Bras\u00edlia na pr\u00f3xima quarta, 22"},"content":{"rendered":"<p>As entidades que comp\u00f5em o F\u00f3rum das Entidades Nacionais dos Servidores P\u00fablicos Federais (SPF) realizam, na pr\u00f3xima quarta-feira (22), Marcha a Bras\u00edlia para pressionar o governo por negocia\u00e7\u00f5es efetivas da pauta unificada protocolada pelo F\u00f3rum dos SPF. A expectativa \u00e9 reunir cerca de 5 mil manifestantes na Esplanada dos Minist\u00e9rios, na capital federal.<\/p>\n<p>Segundo Andr\u00e9 Guimar\u00e3es, diretor do ANDES-SN, quer participou da \u00faltima reuni\u00e3o do F\u00f3rum para organiza\u00e7\u00e3o da atividade, \u201ca expectativa \u00e9 de que, com essa marcha, a gente tenha um refor\u00e7o, na nossa campanha salarial, de press\u00e3o junto ao governo\u201d.<\/p>\n<p>Guimar\u00e3es explica que na \u00faltima audi\u00eancia entre o F\u00f3rum dos SPF e o secret\u00e1rio de Rela\u00e7\u00f5es do Trabalho do Minist\u00e9rio do Planejamento, Or\u00e7amento e Gest\u00e3o (SRT\/Mpog), S\u00e9rgio Mendon\u00e7a, o representante do governo insistiu na proposta de reajuste parcelado, em quatro anos, que desconsidera as reivindica\u00e7\u00f5es apresentadas. Diante da recusa dos servidores e press\u00e3o da categoria, Mendon\u00e7a se comprometeu em agendar nova reuni\u00e3o at\u00e9 o dia 21 de julho, para apresentar uma proposta aos SPF.<\/p>\n<p>O diretor do ANDES destaca que a proposta de reajuste, recha\u00e7ada pelas diversas categorias do funcionalismo federal, n\u00e3o dialoga com a pauta do F\u00f3rum dos SPF e ainda promove o confisco do sal\u00e1rio dos servidores federais, uma vez que ignora as perdas acumuladas (2010-2015) e ignora at\u00e9 mesmo a infla\u00e7\u00e3o prevista para os pr\u00f3ximos quatro anos.<\/p>\n<p>\u201cAl\u00e9m de apresentar um \u00edndice de reajuste que n\u00e3o dialoga com as nossas reivindica\u00e7\u00f5es, nas \u00faltimas reuni\u00f5es, o governo tem ignorado outros elementos que precisam ser tratados na mesa, como a regulamenta\u00e7\u00e3o da Conven\u00e7\u00e3o 151 da OIT, a libera\u00e7\u00e3o sindical para mandato classista, a quest\u00e3o da data-base, em 1\u00ba de maio, o reajuste dos benef\u00edcios, a paridade e isonomia entre ativos e aposentados, por exemplo. Cabe ao governo apresentar uma resposta que dialogue com o conjunto da pauta, e que, na quest\u00e3o do reajuste salarial, apresente uma proposta de considere as perdas acumuladas\u201d, disse.<\/p>\n<p>Guimar\u00e3es ressalta que a Marcha deve ocorrer ap\u00f3s a reuni\u00e3o com o governo, caso a SRT\/Mpog mantenha o compromisso de receber o F\u00f3rum dos SPF at\u00e9 o dia 21. \u201cSer\u00e1 uma demonstra\u00e7\u00e3o da disposi\u00e7\u00e3o de luta dos servidores, cujas categorias j\u00e1 est\u00e3o paralisadas em diversas \u00e1reas ou em processo de constru\u00e7\u00e3o, na perspectiva de uma greve unificada do funcionalismo federal, exatamente diante da insatisfa\u00e7\u00e3o com a aus\u00eancia de negocia\u00e7\u00e3o por parte do governo\u201d, completa.<\/p>\n<p>Ele citou como exemplo das entidades que comp\u00f5e o F\u00f3rum dos SPF e que j\u00e1 est\u00e3o em greve, o ANDES-SN, a Fasubra, o Sinasefe, a Fenasps, a Fenajufe, e, com indicativo de greve para as pr\u00f3ximas semanas, a Asfoc e Condsef.<\/p>\n<p><em>Fonte: ANDES-SN<\/em><\/p>\n","protected":false},"excerpt":{"rendered":"<p>As entidades que comp\u00f5em o F\u00f3rum das Entidades Nacionais dos Servidores P\u00fablicos Federais (SPF) realizam, na pr\u00f3xima quarta-feira (22), Marcha a Bras\u00edlia para pressionar o governo por negocia\u00e7\u00f5es efetivas da pauta unificada protocolada pelo F\u00f3rum dos SPF. A expectativa \u00e9 reunir cerca de 5 mil manifestantes na Esplanada dos Minist\u00e9rios, na capital federal. Segundo Andr\u00e9&hellip;<\/p>\n","protected":false},"author":3,"featured_media":0,"comment_status":"closed","ping_status":"closed","sticky":false,"template":"","format":"standard","meta":{"footnotes":""},"categories":[15],"tags":[599,526,519,608,585],"class_list":["post-11601","post","type-post","status-publish","format-standard","hentry","category-noticias","tag-brasilia","tag-campanha-salarial-unificada","tag-forum-dos-servidores","tag-marcha","tag-spf","category-15","description-off"],"_links":{"self":[{"href":"https:\/\/www.adufpb.org.br\/site\/wp-json\/wp\/v2\/posts\/11601","targetHints":{"allow":["GET"]}}],"collection":[{"href":"https:\/\/www.adufpb.org.br\/site\/wp-json\/wp\/v2\/posts"}],"about":[{"href":"https:\/\/www.adufpb.org.br\/site\/wp-json\/wp\/v2\/types\/post"}],"author":[{"embeddable":true,"href":"https:\/\/www.adufpb.org.br\/site\/wp-json\/wp\/v2\/users\/3"}],"replies":[{"embeddable":true,"href":"https:\/\/www.adufpb.org.br\/site\/wp-json\/wp\/v2\/comments?post=11601"}],"version-history":[{"count":1,"href":"https:\/\/www.adufpb.org.br\/site\/wp-json\/wp\/v2\/posts\/11601\/revisions"}],"predecessor-version":[{"id":11602,"href":"https:\/\/www.adufpb.org.br\/site\/wp-json\/wp\/v2\/posts\/11601\/revisions\/11602"}],"wp:attachment":[{"href":"https:\/\/www.adufpb.org.br\/site\/wp-json\/wp\/v2\/media?parent=11601"}],"wp:term":[{"taxonomy":"category","embeddable":true,"href":"https:\/\/www.adufpb.org.br\/site\/wp-json\/wp\/v2\/categories?post=11601"},{"taxonomy":"post_tag","embeddable":true,"href":"https:\/\/www.adufpb.org.br\/site\/wp-json\/wp\/v2\/tags?post=11601"}],"curies":[{"name":"wp","href":"https:\/\/api.w.org\/{rel}","templated":true}]}}