{"id":11582,"date":"2015-07-16T23:15:27","date_gmt":"2015-07-17T03:15:27","guid":{"rendered":"http:\/\/www.adufpb.org.br\/site\/?p=11582"},"modified":"2015-07-21T09:28:22","modified_gmt":"2015-07-21T13:28:22","slug":"consepe-aprova-suspensao-do-calendario-da-ufpb","status":"publish","type":"post","link":"https:\/\/www.adufpb.org.br\/site\/consepe-aprova-suspensao-do-calendario-da-ufpb\/","title":{"rendered":"Consepe aprova suspens\u00e3o do calend\u00e1rio da UFPB"},"content":{"rendered":"<p dir=\"ltr\">Em reuni\u00e3o extraordin\u00e1ria realizada na manh\u00e3 desta quinta-feira (16\/7), por solicita\u00e7\u00e3o do Comando de Greve dos Professores\/ADUFPB, o Conselho Superior de Ensino, Pesquisa e Extens\u00e3o (Consepe) da UFPB aprovou por unanimidade a suspens\u00e3o do calend\u00e1rio acad\u00eamico 2015.1. Com isso, todas as atividades acad\u00eamicas de ensino, pesquisa e extens\u00e3o est\u00e3o suspensas at\u00e9 o fim da greve. A decis\u00e3o \u00e9 retroativa a 28 de maio, quando teve in\u00edcio a paralisa\u00e7\u00e3o na UFPB.<\/p>\n<p dir=\"ltr\">O Consepe aprovou tamb\u00e9m a proposta da ADUFPB de emitir um posicionamento oficial a respeito dos cortes que v\u00eam sendo realizados nos recursos das universidades federais de todo o pa\u00eds. O documento ser\u00e1 emitido depois de um balan\u00e7o geral dos principais preju\u00edzos que a UFPB est\u00e1 enfrentando.<\/p>\n<p dir=\"ltr\"><a href=\"http:\/\/www.adufpb.org.br\/site\/wp-content\/uploads\/2015\/07\/JALDES-2.jpg\"><img loading=\"lazy\" decoding=\"async\" class=\"alignright size-medium wp-image-11585\" alt=\"JALDES 2\" src=\"http:\/\/www.adufpb.org.br\/site\/wp-content\/uploads\/2015\/07\/JALDES-2-300x199.jpg\" width=\"300\" height=\"199\" srcset=\"https:\/\/www.adufpb.org.br\/site\/wp-content\/uploads\/2015\/07\/JALDES-2-300x199.jpg 300w, https:\/\/www.adufpb.org.br\/site\/wp-content\/uploads\/2015\/07\/JALDES-2.jpg 1024w\" sizes=\"auto, (max-width: 300px) 100vw, 300px\" \/><\/a>De acordo com a professora Ariane Norma de Menezes S\u00e1, pr\u00f3-reitora de Gradua\u00e7\u00e3o, que presidia a mesa na reuni\u00e3o desta quinta-feira, o Minist\u00e9rio do Planejamento cortou 10% das despesas de custeio e 47% das despesas de capital\/investimentos das universidades.<\/p>\n<p dir=\"ltr\">Durante a reuni\u00e3o do Consepe, o presidente da ADUFPB, Jaldes Reis de Meneses fez uma explana\u00e7\u00e3o dos motivos que levaram o Comando Local de Greve a solicitar a suspens\u00e3o do calend\u00e1rio. Ele lembrou que a greve foi decidida pela categoria na maior assembleia j\u00e1 realizada na UFPB, reunindo mais de 700 docentes.<\/p>\n<p dir=\"ltr\">Segundo Jaldes, a mobiliza\u00e7\u00e3o se justifica do ponto de vista salarial, uma vez que os professores federais v\u00eam sofrendo perdas ano a ano, por\u00e9m essa n\u00e3o \u00e9 a \u00fanica bandeira de luta. Os professores tamb\u00e9m protestam contra os cortes nos or\u00e7amentos da educa\u00e7\u00e3o. \u201cVivemos um momento de crise. Dos R$ 69 bilh\u00f5es em cortes anunciados pelo governo, R$ 9 bilh\u00f5es ser\u00e3o retirados das universidades. Al\u00e9m disso, foi anunciado recentemente uma redu\u00e7\u00e3o de R$ 780 milh\u00f5es na verba de custeio da p\u00f3s-gradua\u00e7\u00e3o\u201d, relata.<\/p>\n<p dir=\"ltr\"><a href=\"http:\/\/www.adufpb.org.br\/site\/wp-content\/uploads\/2015\/07\/ALEXANDRE.jpg\"><img loading=\"lazy\" decoding=\"async\" class=\"alignleft size-medium wp-image-11586\" alt=\"ALEXANDRE\" src=\"http:\/\/www.adufpb.org.br\/site\/wp-content\/uploads\/2015\/07\/ALEXANDRE-300x199.jpg\" width=\"300\" height=\"199\" srcset=\"https:\/\/www.adufpb.org.br\/site\/wp-content\/uploads\/2015\/07\/ALEXANDRE-300x199.jpg 300w, https:\/\/www.adufpb.org.br\/site\/wp-content\/uploads\/2015\/07\/ALEXANDRE.jpg 1024w\" sizes=\"auto, (max-width: 300px) 100vw, 300px\" \/><\/a>O presidente da ADUFPB lembrou que, no inicio do movimento, o Conselho Superior da UFPB (Consuni) declarou apoio ao movimento e o considerou justo. Agora, segundo ele, existe a necessidade de uma posi\u00e7\u00e3o do Consepe a respeito do calend\u00e1rio acad\u00eamico, considerando que a greve \u00e9 um fato real e a maior parte da atividade docente na universidade est\u00e1 parada.<\/p>\n<p>Jaldes Meneses lembrou que n\u00e3o s\u00f3 os professores est\u00e3o parados, mas tamb\u00e9m os servidores t\u00e9cnicos-administrativos. \u201cDepartamentos n\u00e3o funcionam, a biblioteca central e as bibliotecas setoriais est\u00e3o fechadas, os laborat\u00f3rios tamb\u00e9m. Que qualidade de ensino estamos oferecendo sem biblioteca e sem laborat\u00f3rio?\u201d, questionou.<\/p>\n<p><a href=\"http:\/\/www.adufpb.org.br\/site\/wp-content\/uploads\/2015\/07\/JALDES.jpg\"><img loading=\"lazy\" decoding=\"async\" class=\"aligncenter size-medium wp-image-11584\" alt=\"JALDES\" src=\"http:\/\/www.adufpb.org.br\/site\/wp-content\/uploads\/2015\/07\/JALDES-300x199.jpg\" width=\"300\" height=\"199\" srcset=\"https:\/\/www.adufpb.org.br\/site\/wp-content\/uploads\/2015\/07\/JALDES-300x199.jpg 300w, https:\/\/www.adufpb.org.br\/site\/wp-content\/uploads\/2015\/07\/JALDES.jpg 1024w\" sizes=\"auto, (max-width: 300px) 100vw, 300px\" \/><\/a><\/p>\n<p><a href=\"http:\/\/www.adufpb.org.br\/site\/wp-content\/uploads\/2015\/07\/MARCELO.jpg\"><img loading=\"lazy\" decoding=\"async\" class=\"aligncenter size-medium wp-image-11583\" alt=\"MARCELO\" src=\"http:\/\/www.adufpb.org.br\/site\/wp-content\/uploads\/2015\/07\/MARCELO-300x199.jpg\" width=\"300\" height=\"199\" srcset=\"https:\/\/www.adufpb.org.br\/site\/wp-content\/uploads\/2015\/07\/MARCELO-300x199.jpg 300w, https:\/\/www.adufpb.org.br\/site\/wp-content\/uploads\/2015\/07\/MARCELO.jpg 1024w\" sizes=\"auto, (max-width: 300px) 100vw, 300px\" \/><\/a><\/p>\n<p><em>Fonte: Ascom ADUFPB<\/em><\/p>\n","protected":false},"excerpt":{"rendered":"<p>Em reuni\u00e3o extraordin\u00e1ria realizada na manh\u00e3 desta quinta-feira (16\/7), por solicita\u00e7\u00e3o do Comando de Greve dos Professores\/ADUFPB, o Conselho Superior de Ensino, Pesquisa e Extens\u00e3o (Consepe) da UFPB aprovou por unanimidade a suspens\u00e3o do calend\u00e1rio acad\u00eamico 2015.1. Com isso, todas as atividades acad\u00eamicas de ensino, pesquisa e extens\u00e3o est\u00e3o suspensas at\u00e9 o fim da greve.&hellip;<\/p>\n","protected":false},"author":3,"featured_media":11587,"comment_status":"closed","ping_status":"closed","sticky":false,"template":"","format":"standard","meta":{"footnotes":""},"categories":[15,417],"tags":[607,300,602,132,197],"class_list":["post-11582","post","type-post","status-publish","format-standard","has-post-thumbnail","hentry","category-noticias","category-noticias-destaque","tag-calendario-academico","tag-consepe","tag-cortes","tag-greve","tag-orcamento","category-15","category-417","description-off"],"_links":{"self":[{"href":"https:\/\/www.adufpb.org.br\/site\/wp-json\/wp\/v2\/posts\/11582","targetHints":{"allow":["GET"]}}],"collection":[{"href":"https:\/\/www.adufpb.org.br\/site\/wp-json\/wp\/v2\/posts"}],"about":[{"href":"https:\/\/www.adufpb.org.br\/site\/wp-json\/wp\/v2\/types\/post"}],"author":[{"embeddable":true,"href":"https:\/\/www.adufpb.org.br\/site\/wp-json\/wp\/v2\/users\/3"}],"replies":[{"embeddable":true,"href":"https:\/\/www.adufpb.org.br\/site\/wp-json\/wp\/v2\/comments?post=11582"}],"version-history":[{"count":4,"href":"https:\/\/www.adufpb.org.br\/site\/wp-json\/wp\/v2\/posts\/11582\/revisions"}],"predecessor-version":[{"id":11594,"href":"https:\/\/www.adufpb.org.br\/site\/wp-json\/wp\/v2\/posts\/11582\/revisions\/11594"}],"wp:featuredmedia":[{"embeddable":true,"href":"https:\/\/www.adufpb.org.br\/site\/wp-json\/wp\/v2\/media\/11587"}],"wp:attachment":[{"href":"https:\/\/www.adufpb.org.br\/site\/wp-json\/wp\/v2\/media?parent=11582"}],"wp:term":[{"taxonomy":"category","embeddable":true,"href":"https:\/\/www.adufpb.org.br\/site\/wp-json\/wp\/v2\/categories?post=11582"},{"taxonomy":"post_tag","embeddable":true,"href":"https:\/\/www.adufpb.org.br\/site\/wp-json\/wp\/v2\/tags?post=11582"}],"curies":[{"name":"wp","href":"https:\/\/api.w.org\/{rel}","templated":true}]}}