{"id":11498,"date":"2015-07-08T11:21:27","date_gmt":"2015-07-08T15:21:27","guid":{"rendered":"http:\/\/www.adufpb.org.br\/site\/?p=11498"},"modified":"2015-07-12T21:08:42","modified_gmt":"2015-07-13T01:08:42","slug":"professores-fazem-assembleia-quarta-e-quinta-feira","status":"publish","type":"post","link":"https:\/\/www.adufpb.org.br\/site\/professores-fazem-assembleia-quarta-e-quinta-feira\/","title":{"rendered":"Professores fazem assembleia quarta e quinta-feira"},"content":{"rendered":"<p>Os professores da UFPB fazem nova rodada de assembleias nesta quarta e quinta-feira (8 e 9 de junho). Em pauta: informes, avalia\u00e7\u00e3o do encontro dos Servidores P\u00fablicos Federais com o Minist\u00e9rio do Planejamento e encaminhamentos.<\/p>\n<p>Nesta quarta-feira, a reuni\u00e3o ser\u00e1 em Areia, a partir das 14h30, na sede da secretaria adjunta da ADUFPB.<\/p>\n<p>J\u00e1 na quinta-feira, haver\u00e1 assembleia, a partir das 9h, nos campi de Jo\u00e3o Pessoa (no audit\u00f3rio da Reitoria) e Bananeiras (na secretaria adjunta da ADUFPB).<\/p>\n<p>A assembleia de Jo\u00e3o Pessoa re\u00fane tamb\u00e9m os professores dos campi IV (Litoral Norte) e V (CTDR, em Mangabeira), al\u00e9m dos docentes da unidade do Centro de Ci\u00eancias Jur\u00eddicas (CCJ) de Santa Rita.<\/p>\n<p>Os docentes da UFPB est\u00e3o em greve desde o dia 28 de maio por melhores condi\u00e7\u00f5es de trabalho e recomposi\u00e7\u00e3o das perdas salariais, entre outros pontos. Na ter\u00e7a-feira, foi realizada em Bras\u00edlia uma nova mesa de negocia\u00e7\u00e3o do F\u00f3rum dos Servidores P\u00fablicos Federais com o Minist\u00e9rio do Planejamento, que\u00a0n\u00e3o apresentou nova proposta e insistiu no reajuste parcelado em quatro anos que n\u00e3o cobre a infla\u00e7\u00e3o.<\/p>\n<p>S\u00e9rgio Mendon\u00e7a, Secret\u00e1rio de Rela\u00e7\u00f5es de Trabalho no Servi\u00e7o P\u00fablico do MPOG, iniciou a reuni\u00e3o questionando qual era a resposta dos servidores \u00e0 proposta de reajuste apresentada no \u00faltimo encontro, de 21,3% parcelados em quatro anos, 5,5% em 2016, 5% em 2017, 4,75% em 2018 e 4,5% em 2019. A resposta foi un\u00e2nime: as assembleias das categorias recha\u00e7aram o reajuste proposto e tamb\u00e9m qualquer possibilidade de parcelamento.<\/p>\n<p>Em resposta, o SRT-MPOG pediu que os servidores fossem &#8220;criativos&#8221;, e que tentassem trabalhar em cima da proposta colocada. Os servidores reafirmaram a luta pelo reajuste de 27,3% em 2016, sem parcelamento, e que tamb\u00e9m querem debater com o governo os oito demais itens da pauta de reivindica\u00e7\u00f5es, como benef\u00edcios e a Conven\u00e7\u00e3o 151 da Organiza\u00e7\u00e3o Internacional do Trabalho (OIT).<\/p>\n<p><em>Fonte: Ascom ADUFPB<\/em><\/p>\n","protected":false},"excerpt":{"rendered":"<p>Os professores da UFPB fazem nova rodada de assembleias nesta quarta e quinta-feira (8 e 9 de junho). Em pauta: informes, avalia\u00e7\u00e3o do encontro dos Servidores P\u00fablicos Federais com o Minist\u00e9rio do Planejamento e encaminhamentos. Nesta quarta-feira, a reuni\u00e3o ser\u00e1 em Areia, a partir das 14h30, na sede da secretaria adjunta da ADUFPB. J\u00e1 na&hellip;<\/p>\n","protected":false},"author":3,"featured_media":11499,"comment_status":"closed","ping_status":"closed","sticky":false,"template":"","format":"standard","meta":{"footnotes":""},"categories":[15,417],"tags":[95,526,594,132,455,186],"class_list":["post-11498","post","type-post","status-publish","format-standard","has-post-thumbnail","hentry","category-noticias","category-noticias-destaque","tag-assembleias","tag-campanha-salarial-unificada","tag-forum-dos-spf","tag-greve","tag-mpog","tag-negociacao","category-15","category-417","description-off"],"_links":{"self":[{"href":"https:\/\/www.adufpb.org.br\/site\/wp-json\/wp\/v2\/posts\/11498","targetHints":{"allow":["GET"]}}],"collection":[{"href":"https:\/\/www.adufpb.org.br\/site\/wp-json\/wp\/v2\/posts"}],"about":[{"href":"https:\/\/www.adufpb.org.br\/site\/wp-json\/wp\/v2\/types\/post"}],"author":[{"embeddable":true,"href":"https:\/\/www.adufpb.org.br\/site\/wp-json\/wp\/v2\/users\/3"}],"replies":[{"embeddable":true,"href":"https:\/\/www.adufpb.org.br\/site\/wp-json\/wp\/v2\/comments?post=11498"}],"version-history":[{"count":2,"href":"https:\/\/www.adufpb.org.br\/site\/wp-json\/wp\/v2\/posts\/11498\/revisions"}],"predecessor-version":[{"id":11501,"href":"https:\/\/www.adufpb.org.br\/site\/wp-json\/wp\/v2\/posts\/11498\/revisions\/11501"}],"wp:featuredmedia":[{"embeddable":true,"href":"https:\/\/www.adufpb.org.br\/site\/wp-json\/wp\/v2\/media\/11499"}],"wp:attachment":[{"href":"https:\/\/www.adufpb.org.br\/site\/wp-json\/wp\/v2\/media?parent=11498"}],"wp:term":[{"taxonomy":"category","embeddable":true,"href":"https:\/\/www.adufpb.org.br\/site\/wp-json\/wp\/v2\/categories?post=11498"},{"taxonomy":"post_tag","embeddable":true,"href":"https:\/\/www.adufpb.org.br\/site\/wp-json\/wp\/v2\/tags?post=11498"}],"curies":[{"name":"wp","href":"https:\/\/api.w.org\/{rel}","templated":true}]}}