{"id":11493,"date":"2015-07-08T10:10:51","date_gmt":"2015-07-08T14:10:51","guid":{"rendered":"http:\/\/www.adufpb.org.br\/site\/?p=11493"},"modified":"2015-07-08T11:22:00","modified_gmt":"2015-07-08T15:22:00","slug":"mpog-insiste-em-reajuste-parcelado-e-abaixo-da-inflacao-para-os-spf","status":"publish","type":"post","link":"https:\/\/www.adufpb.org.br\/site\/mpog-insiste-em-reajuste-parcelado-e-abaixo-da-inflacao-para-os-spf\/","title":{"rendered":"MPOG insiste em reajuste parcelado e abaixo da infla\u00e7\u00e3o para os SPF"},"content":{"rendered":"<p>O F\u00f3rum das Entidades Nacionais dos Servidores P\u00fablicos Federais (F\u00f3rum dos SPF) se reuniu com a Secretaria de Rela\u00e7\u00f5es de Trabalho do Minist\u00e9rio do Planejamento, Or\u00e7amento e Gest\u00e3o (SRT-MPOG) na tarde da \u00faltima ter\u00e7a-feira (7) em Bras\u00edlia. O SRT-MPOG n\u00e3o apresentou nova proposta e insistiu no reajuste parcelado em quatro anos que n\u00e3o cobre a infla\u00e7\u00e3o.<\/p>\n<p>S\u00e9rgio Mendon\u00e7a, Secret\u00e1rio de Rela\u00e7\u00f5es de Trabalho no Servi\u00e7o P\u00fablico do MPOG, iniciou a reuni\u00e3o questionando qual era a resposta dos servidores \u00e0 proposta de reajuste apresentada no \u00faltimo encontro, de 21,3% parcelados em quatro anos, 5,5% em 2016, 5% em 2017, 4,75% em 2018 e 4,5% em 2019. A resposta foi un\u00e2nime: as assembleias das categorias recha\u00e7aram o reajuste proposto e tamb\u00e9m qualquer possibilidade de parcelamento.<\/p>\n<p><a href=\"http:\/\/www.adufpb.org.br\/site\/wp-content\/uploads\/2015\/07\/reuni\u00e3o-SPF-e-MPOG-7.7.2015-2.jpg\"><img loading=\"lazy\" decoding=\"async\" class=\"alignright size-medium wp-image-11495\" alt=\"reuni\u00e3o SPF e MPOG - 7.7.2015 - 2\" src=\"http:\/\/www.adufpb.org.br\/site\/wp-content\/uploads\/2015\/07\/reuni\u00e3o-SPF-e-MPOG-7.7.2015-2-300x205.jpg\" width=\"300\" height=\"205\" srcset=\"https:\/\/www.adufpb.org.br\/site\/wp-content\/uploads\/2015\/07\/reuni\u00e3o-SPF-e-MPOG-7.7.2015-2-300x205.jpg 300w, https:\/\/www.adufpb.org.br\/site\/wp-content\/uploads\/2015\/07\/reuni\u00e3o-SPF-e-MPOG-7.7.2015-2.jpg 438w\" sizes=\"auto, (max-width: 300px) 100vw, 300px\" \/><\/a>Em resposta, o SRT-MPOG pediu que os servidores fossem criativos, e que tentassem trabalhar em cima da proposta colocada. Os servidores reafirmaram a luta pelo reajuste de 27,3% em 2016, sem parcelamento, e que tamb\u00e9m querem debater com o governo os oito demais itens da pauta de reivindica\u00e7\u00f5es, como benef\u00edcios e a Conven\u00e7\u00e3o 151 da Organiza\u00e7\u00e3o Internacional do Trabalho (OIT).<\/p>\n<p>O F\u00f3rum dos SPF sugeriu que uma nova reuni\u00e3o fosse marcada para a pr\u00f3xima semana, na qual o governo apresentaria melhorias na proposta. S\u00e9rgio Mendon\u00e7a, no entanto, rejeitou a data e afirmou que como apenas a presidente Dilma Rousseff pode decidir sobre o tema, e como ela est\u00e1 viajando e n\u00e3o teria tempo h\u00e1bil de estudar o tema, uma reuni\u00e3o na pr\u00f3xima semana n\u00e3o seria poss\u00edvel. Foi acordado, ent\u00e3o, que uma nova reuni\u00e3o ocorrer\u00e1 at\u00e9 o dia 21 de julho.<\/p>\n<p>Paulo Rizzo, presidente do ANDES-SN, avaliou a reuni\u00e3o e criticou a intransig\u00eancia do governo em negociar. \u201cMinha avalia\u00e7\u00e3o \u00e9 de que o governo estava com uma postura inflex\u00edvel, colocando dificuldades para melhorar a proposta. Temos que continuar a greve dos SPF, que j\u00e1 est\u00e1 crescendo, para pressionar o governo. Sem isso, n\u00e3o teremos proposta melhor. N\u00e3o podemos aceitar um reajuste abaixo da infla\u00e7\u00e3o e queremos negociar o restante da pauta de reivindica\u00e7\u00f5es\u201d, disse o docente.<\/p>\n<p>Confira <a href=\"http:\/\/portal.andes.org.br\/imprensa\/noticias\/imp-ult-123105651.pdf\" target=\"_blank\">aqui<\/a> o Manifesto do Comando Nacional de Greve e Mobiliza\u00e7\u00e3o do F\u00f3rum das Entidades Nacionais dos SPF<\/p>\n<p><em>Fonte: ANDES-SN<\/em><\/p>\n","protected":false},"excerpt":{"rendered":"<p>O F\u00f3rum das Entidades Nacionais dos Servidores P\u00fablicos Federais (F\u00f3rum dos SPF) se reuniu com a Secretaria de Rela\u00e7\u00f5es de Trabalho do Minist\u00e9rio do Planejamento, Or\u00e7amento e Gest\u00e3o (SRT-MPOG) na tarde da \u00faltima ter\u00e7a-feira (7) em Bras\u00edlia. O SRT-MPOG n\u00e3o apresentou nova proposta e insistiu no reajuste parcelado em quatro anos que n\u00e3o cobre a&hellip;<\/p>\n","protected":false},"author":3,"featured_media":11494,"comment_status":"closed","ping_status":"closed","sticky":false,"template":"","format":"standard","meta":{"footnotes":""},"categories":[15,417],"tags":[526,519,455,186,229,585],"class_list":["post-11493","post","type-post","status-publish","format-standard","has-post-thumbnail","hentry","category-noticias","category-noticias-destaque","tag-campanha-salarial-unificada","tag-forum-dos-servidores","tag-mpog","tag-negociacao","tag-servidores-publicos-federais","tag-spf","category-15","category-417","description-off"],"_links":{"self":[{"href":"https:\/\/www.adufpb.org.br\/site\/wp-json\/wp\/v2\/posts\/11493","targetHints":{"allow":["GET"]}}],"collection":[{"href":"https:\/\/www.adufpb.org.br\/site\/wp-json\/wp\/v2\/posts"}],"about":[{"href":"https:\/\/www.adufpb.org.br\/site\/wp-json\/wp\/v2\/types\/post"}],"author":[{"embeddable":true,"href":"https:\/\/www.adufpb.org.br\/site\/wp-json\/wp\/v2\/users\/3"}],"replies":[{"embeddable":true,"href":"https:\/\/www.adufpb.org.br\/site\/wp-json\/wp\/v2\/comments?post=11493"}],"version-history":[{"count":2,"href":"https:\/\/www.adufpb.org.br\/site\/wp-json\/wp\/v2\/posts\/11493\/revisions"}],"predecessor-version":[{"id":11497,"href":"https:\/\/www.adufpb.org.br\/site\/wp-json\/wp\/v2\/posts\/11493\/revisions\/11497"}],"wp:featuredmedia":[{"embeddable":true,"href":"https:\/\/www.adufpb.org.br\/site\/wp-json\/wp\/v2\/media\/11494"}],"wp:attachment":[{"href":"https:\/\/www.adufpb.org.br\/site\/wp-json\/wp\/v2\/media?parent=11493"}],"wp:term":[{"taxonomy":"category","embeddable":true,"href":"https:\/\/www.adufpb.org.br\/site\/wp-json\/wp\/v2\/categories?post=11493"},{"taxonomy":"post_tag","embeddable":true,"href":"https:\/\/www.adufpb.org.br\/site\/wp-json\/wp\/v2\/tags?post=11493"}],"curies":[{"name":"wp","href":"https:\/\/api.w.org\/{rel}","templated":true}]}}