{"id":11461,"date":"2015-07-07T09:57:17","date_gmt":"2015-07-07T13:57:17","guid":{"rendered":"http:\/\/www.adufpb.org.br\/site\/?p=11461"},"modified":"2015-07-10T09:35:09","modified_gmt":"2015-07-10T13:35:09","slug":"confira-o-calendario-de-atividade-para-os-proximos-dias","status":"publish","type":"post","link":"https:\/\/www.adufpb.org.br\/site\/confira-o-calendario-de-atividade-para-os-proximos-dias\/","title":{"rendered":"Confira o calend\u00e1rio de atividade para os pr\u00f3ximos dias"},"content":{"rendered":"<table border=\"1\" cellspacing=\"0\" cellpadding=\"0\">\n<tbody>\n<tr>\n<td valign=\"top\" width=\"130\">07\/07<\/td>\n<td valign=\"top\" width=\"446\">&#8211; Manh\u00e3 e Tarde \u2013\u00a0 Caravana pela Educa\u00e7\u00e3o em Bras\u00edlia (atos em frente \u00e0s sedes do MEC e MPOG). Estar\u00e3o presentes Marcelo, Arturo, Fernando, Jos\u00e9 Maria, Tiago, al\u00e9m de Eduardo, que j\u00e1 se encontra em Bras\u00edlia como representante do CLG no CNG;- 8h &#8211; Caf\u00e9 da manh\u00e3 em frente ao port\u00e3o do CCHLA \u2013 8hs.<\/td>\n<\/tr>\n<tr>\n<td valign=\"top\" width=\"130\">08\/07<\/td>\n<td valign=\"top\" width=\"446\">&#8211; 9h \u2013 Solidariedade \u00e0 greve dos docentes da UEPB em ato organizado em frente \u00e0 Pra\u00e7a dos Tr\u00eas Poderes em Jo\u00e3o Pessoa;- 14h \u2013 Reuni\u00e3o do CLG na sede da ADUFPB.<\/td>\n<\/tr>\n<tr>\n<td valign=\"top\" width=\"130\">09\/07<\/td>\n<td valign=\"top\" width=\"446\">&#8211; 9h \u2013 Assembleia Docente. Audit\u00f3rio da Reitoria.<\/td>\n<\/tr>\n<tr>\n<td valign=\"top\" width=\"130\">10\/07<\/td>\n<td valign=\"top\" width=\"446\">&#8211; 16h30 \u2013 Cineclube Soy Loco Por Ti Am\u00e9rica: \u201cO dia que durou 21 anos\u201d. (Audit\u00f3rio 211 \u2013 CCSA);<\/p>\n<p>&#8211; 10h &#8211; Reuni\u00e3o com Jo\u00e3o Wandeberg, com a Pr\u00f3-Reitora de Gradua\u00e7\u00e3o e com a Assessoria de Gradua\u00e7\u00e3o do CCS*.<\/td>\n<\/tr>\n<tr>\n<td valign=\"top\" width=\"130\">13\/07<\/td>\n<td valign=\"top\" width=\"446\">&#8211; Audi\u00eancia com a reitora para discutir ponto relativo ao artigo 192 (Aposentados).<\/td>\n<\/tr>\n<tr>\n<td valign=\"top\" width=\"130\">15\/07<\/td>\n<td valign=\"top\" width=\"446\">&#8211; Todo o dia: Doa\u00e7\u00e3o de sangue no Hospital Universit\u00e1rio da UFPB.<\/td>\n<\/tr>\n<tr>\n<td valign=\"top\" width=\"130\">16\/07<\/td>\n<td valign=\"top\" width=\"446\">&#8211; Debate \u201cCrise econ\u00f4mica e ajuste fiscal\u201d. Hor\u00e1rio e local a definir, assim como os painelistas, cujos nomes dever\u00e3o ser alguns dos seguintes, a depender de sua disponibilidade: Marcelo Badar\u00f3, Val\u00e9rio Arcary, Guilherme Boulos, Marcelo Carcanholo.<\/td>\n<\/tr>\n<\/tbody>\n<\/table>\n","protected":false},"excerpt":{"rendered":"<p>07\/07 &#8211; Manh\u00e3 e Tarde \u2013\u00a0 Caravana pela Educa\u00e7\u00e3o em Bras\u00edlia (atos em frente \u00e0s sedes do MEC e MPOG). Estar\u00e3o presentes Marcelo, Arturo, Fernando, Jos\u00e9 Maria, Tiago, al\u00e9m de Eduardo, que j\u00e1 se encontra em Bras\u00edlia como representante do CLG no CNG;- 8h &#8211; Caf\u00e9 da manh\u00e3 em frente ao port\u00e3o do CCHLA \u2013&hellip;<\/p>\n","protected":false},"author":3,"featured_media":0,"comment_status":"closed","ping_status":"closed","sticky":false,"template":"","format":"standard","meta":{"footnotes":""},"categories":[15],"tags":[598,132,26],"class_list":["post-11461","post","type-post","status-publish","format-standard","hentry","category-noticias","tag-calendario-de-greve","tag-greve","tag-mobilizacao","category-15","description-off"],"_links":{"self":[{"href":"https:\/\/www.adufpb.org.br\/site\/wp-json\/wp\/v2\/posts\/11461","targetHints":{"allow":["GET"]}}],"collection":[{"href":"https:\/\/www.adufpb.org.br\/site\/wp-json\/wp\/v2\/posts"}],"about":[{"href":"https:\/\/www.adufpb.org.br\/site\/wp-json\/wp\/v2\/types\/post"}],"author":[{"embeddable":true,"href":"https:\/\/www.adufpb.org.br\/site\/wp-json\/wp\/v2\/users\/3"}],"replies":[{"embeddable":true,"href":"https:\/\/www.adufpb.org.br\/site\/wp-json\/wp\/v2\/comments?post=11461"}],"version-history":[{"count":3,"href":"https:\/\/www.adufpb.org.br\/site\/wp-json\/wp\/v2\/posts\/11461\/revisions"}],"predecessor-version":[{"id":11463,"href":"https:\/\/www.adufpb.org.br\/site\/wp-json\/wp\/v2\/posts\/11461\/revisions\/11463"}],"wp:attachment":[{"href":"https:\/\/www.adufpb.org.br\/site\/wp-json\/wp\/v2\/media?parent=11461"}],"wp:term":[{"taxonomy":"category","embeddable":true,"href":"https:\/\/www.adufpb.org.br\/site\/wp-json\/wp\/v2\/categories?post=11461"},{"taxonomy":"post_tag","embeddable":true,"href":"https:\/\/www.adufpb.org.br\/site\/wp-json\/wp\/v2\/tags?post=11461"}],"curies":[{"name":"wp","href":"https:\/\/api.w.org\/{rel}","templated":true}]}}