{"id":1146,"date":"2010-07-05T15:05:21","date_gmt":"2010-07-05T19:05:21","guid":{"rendered":"http:\/\/www.adufpb.org.br\/site\/nota-de-pesar-3\/"},"modified":"2010-07-05T15:05:21","modified_gmt":"2010-07-05T19:05:21","slug":"nota-de-pesar-3","status":"publish","type":"post","link":"https:\/\/www.adufpb.org.br\/site\/nota-de-pesar-3\/","title":{"rendered":"NOTA DE PESAR"},"content":{"rendered":"<p align=\"center\">\n<p style=\"font-size: medium;\">Cumpre-nos  a dolorosa miss\u00e3o de comunicar o falecimento do professor <em>M\u00c1RIO  JOS\u00c9 DELGADO ASSAD<\/em>, do  Departamento de F\u00edsica e s\u00f3cio da ADUFPB. Acad\u00eamico de reconhecida compet\u00eancia  profissional, trabalhador prof\u00edcuo, sempre bem humorado, a vida de <em>M\u00c1RIO  ASSAD<\/em> se confunde com a evolu\u00e7\u00e3o das \u00e1reas de F\u00edsica e Inform\u00e1tica da  UFPB.<\/p>\n<p style=\"text-align: center;\">Jo\u00e3o  Pessoa, 05 de julho de 2010.<\/p>\n<p style=\"text-align: center;\">Diretoria  Executiva ADUFPB<\/p>\n","protected":false},"excerpt":{"rendered":"<p>Cumpre-nos a dolorosa miss\u00e3o de comunicar o falecimento do professor M\u00c1RIO JOS\u00c9 DELGADO ASSAD, do Departamento de F\u00edsica e s\u00f3cio da ADUFPB. Acad\u00eamico de reconhecida compet\u00eancia profissional, trabalhador prof\u00edcuo, sempre bem humorado, a vida de M\u00c1RIO ASSAD se confunde com a evolu\u00e7\u00e3o das \u00e1reas de F\u00edsica e Inform\u00e1tica da UFPB. Jo\u00e3o Pessoa, 05 de julho&hellip;<\/p>\n","protected":false},"author":3,"featured_media":0,"comment_status":"open","ping_status":"open","sticky":false,"template":"","format":"standard","meta":{"footnotes":""},"categories":[15],"tags":[],"class_list":["post-1146","post","type-post","status-publish","format-standard","hentry","category-noticias","category-15","description-off"],"_links":{"self":[{"href":"https:\/\/www.adufpb.org.br\/site\/wp-json\/wp\/v2\/posts\/1146","targetHints":{"allow":["GET"]}}],"collection":[{"href":"https:\/\/www.adufpb.org.br\/site\/wp-json\/wp\/v2\/posts"}],"about":[{"href":"https:\/\/www.adufpb.org.br\/site\/wp-json\/wp\/v2\/types\/post"}],"author":[{"embeddable":true,"href":"https:\/\/www.adufpb.org.br\/site\/wp-json\/wp\/v2\/users\/3"}],"replies":[{"embeddable":true,"href":"https:\/\/www.adufpb.org.br\/site\/wp-json\/wp\/v2\/comments?post=1146"}],"version-history":[{"count":0,"href":"https:\/\/www.adufpb.org.br\/site\/wp-json\/wp\/v2\/posts\/1146\/revisions"}],"wp:attachment":[{"href":"https:\/\/www.adufpb.org.br\/site\/wp-json\/wp\/v2\/media?parent=1146"}],"wp:term":[{"taxonomy":"category","embeddable":true,"href":"https:\/\/www.adufpb.org.br\/site\/wp-json\/wp\/v2\/categories?post=1146"},{"taxonomy":"post_tag","embeddable":true,"href":"https:\/\/www.adufpb.org.br\/site\/wp-json\/wp\/v2\/tags?post=1146"}],"curies":[{"name":"wp","href":"https:\/\/api.w.org\/{rel}","templated":true}]}}