{"id":1145,"date":"2010-07-05T15:04:37","date_gmt":"2010-07-05T19:04:37","guid":{"rendered":"http:\/\/www.adufpb.org.br\/site\/nota-de-pesar-2\/"},"modified":"2010-07-05T15:04:37","modified_gmt":"2010-07-05T19:04:37","slug":"nota-de-pesar-2","status":"publish","type":"post","link":"https:\/\/www.adufpb.org.br\/site\/nota-de-pesar-2\/","title":{"rendered":"NOTA DE PESAR"},"content":{"rendered":"<p align=\"center\">\n<p style=\"font-size: medium;\">\u00c9        com dor que comunicamos o falecimento, na \u00faltima sexta-feira (02\/07), do        professor EDIMAR        MESQUITA DE OLIVEIRA,        s\u00f3cio da ADUFPB, aposentado do Centro de Ci\u00eancias Agr\u00e1rias (Areia). Quem        teve a ventura de conviver com o professor EDIMAR        MESQUITA pode testemunhar suas lutas em prol da UFPB como um bem        p\u00fablico.<\/p>\n<p style=\"text-align: center;\">Jo\u00e3o        Pessoa, 05 de julho de 2010.<\/p>\n<p style=\"text-align: center;\">Diretoria Executiva    ADUFPB<\/p>\n<p style=\"text-align: center;\">\n<p style=\"text-align: center;\"><a href=\"http:\/\/www.adufpb.org.br\/site\/wp-content\/uploads\/2010\/07\/prof-edimar-mesquita.jpg\"><img loading=\"lazy\" decoding=\"async\" class=\"aligncenter size-medium wp-image-1144\" title=\"prof-edimar-mesquita\" src=\"http:\/\/www.adufpb.org.br\/site\/wp-content\/uploads\/2010\/07\/prof-edimar-mesquita-214x300.jpg\" alt=\"prof-edimar-mesquita\" width=\"214\" height=\"300\" srcset=\"https:\/\/www.adufpb.org.br\/site\/wp-content\/uploads\/2010\/07\/prof-edimar-mesquita-214x300.jpg 214w, https:\/\/www.adufpb.org.br\/site\/wp-content\/uploads\/2010\/07\/prof-edimar-mesquita.jpg 240w\" sizes=\"auto, (max-width: 214px) 100vw, 214px\" \/><\/a><\/p>\n","protected":false},"excerpt":{"rendered":"<p>\u00c9 com dor que comunicamos o falecimento, na \u00faltima sexta-feira (02\/07), do professor EDIMAR MESQUITA DE OLIVEIRA, s\u00f3cio da ADUFPB, aposentado do Centro de Ci\u00eancias Agr\u00e1rias (Areia). Quem teve a ventura de conviver com o professor EDIMAR MESQUITA pode testemunhar suas lutas em prol da UFPB como um bem p\u00fablico. Jo\u00e3o Pessoa, 05 de julho&hellip;<\/p>\n","protected":false},"author":3,"featured_media":0,"comment_status":"open","ping_status":"open","sticky":false,"template":"","format":"standard","meta":{"footnotes":""},"categories":[15],"tags":[],"class_list":["post-1145","post","type-post","status-publish","format-standard","hentry","category-noticias","category-15","description-off"],"_links":{"self":[{"href":"https:\/\/www.adufpb.org.br\/site\/wp-json\/wp\/v2\/posts\/1145","targetHints":{"allow":["GET"]}}],"collection":[{"href":"https:\/\/www.adufpb.org.br\/site\/wp-json\/wp\/v2\/posts"}],"about":[{"href":"https:\/\/www.adufpb.org.br\/site\/wp-json\/wp\/v2\/types\/post"}],"author":[{"embeddable":true,"href":"https:\/\/www.adufpb.org.br\/site\/wp-json\/wp\/v2\/users\/3"}],"replies":[{"embeddable":true,"href":"https:\/\/www.adufpb.org.br\/site\/wp-json\/wp\/v2\/comments?post=1145"}],"version-history":[{"count":0,"href":"https:\/\/www.adufpb.org.br\/site\/wp-json\/wp\/v2\/posts\/1145\/revisions"}],"wp:attachment":[{"href":"https:\/\/www.adufpb.org.br\/site\/wp-json\/wp\/v2\/media?parent=1145"}],"wp:term":[{"taxonomy":"category","embeddable":true,"href":"https:\/\/www.adufpb.org.br\/site\/wp-json\/wp\/v2\/categories?post=1145"},{"taxonomy":"post_tag","embeddable":true,"href":"https:\/\/www.adufpb.org.br\/site\/wp-json\/wp\/v2\/tags?post=1145"}],"curies":[{"name":"wp","href":"https:\/\/api.w.org\/{rel}","templated":true}]}}