{"id":11420,"date":"2015-07-02T09:20:09","date_gmt":"2015-07-02T13:20:09","guid":{"rendered":"http:\/\/www.adufpb.org.br\/site\/?p=11420"},"modified":"2015-07-03T11:32:32","modified_gmt":"2015-07-03T15:32:32","slug":"professores-da-ufpb-rejeitam-proposta-do-governo","status":"publish","type":"post","link":"https:\/\/www.adufpb.org.br\/site\/professores-da-ufpb-rejeitam-proposta-do-governo\/","title":{"rendered":"Professores da UFPB rejeitam proposta do governo"},"content":{"rendered":"<p dir=\"ltr\">Reunidos em nova rodada de assembleias na quarta-feira (1\/7), os professores da UFPB decidiram rejeitar a proposta de reajuste salarial abaixo da infla\u00e7\u00e3o que o Minist\u00e9rio do Planejamento apresentou ao F\u00f3rum dos Servidores P\u00fablico Federais no dia 25 de junho. Al\u00e9m disso, eles aprovaram a continuidade da greve da categoria, iniciada no dia 28 de maio.<\/p>\n<p><img loading=\"lazy\" decoding=\"async\" class=\"alignright size-medium wp-image-11421\" alt=\"2015.07.01 - 4 - assembleia\" src=\"http:\/\/www.adufpb.org.br\/site\/wp-content\/uploads\/2015\/07\/2015.07.01-4-assembleia-300x225.jpg\" width=\"300\" height=\"225\" srcset=\"https:\/\/www.adufpb.org.br\/site\/wp-content\/uploads\/2015\/07\/2015.07.01-4-assembleia-300x225.jpg 300w, https:\/\/www.adufpb.org.br\/site\/wp-content\/uploads\/2015\/07\/2015.07.01-4-assembleia.jpg 960w\" sizes=\"auto, (max-width: 300px) 100vw, 300px\" \/><\/p>\n<p dir=\"ltr\">No total, 167 professores votaram pela rejei\u00e7\u00e3o e nenhum pela aprova\u00e7\u00e3o da proposta do Governo, que prev\u00ea apenas reajuste de 21,3% parcelado em quatro anos. Foram registradas, ainda, duas absten\u00e7\u00f5es. Em m\u00e9dia, o aumento sugerido pelo Minist\u00e9rio do Planejamento seria de 5,3% ao ano, bem abaixo da infla\u00e7\u00e3o prevista para 2015, por exemplo, que \u00e9 de 9%.<\/p>\n<p dir=\"ltr\">Os professores tamb\u00e9m votaram pela continuidade a greve. No total, foram registrados 162 a favor, 10 contr\u00e1rios e uma absten\u00e7\u00e3o.<\/p>\n<div id=\"attachment_11428\" style=\"width: 310px\" class=\"wp-caption alignleft\"><a href=\"http:\/\/www.adufpb.org.br\/site\/wp-content\/uploads\/2015\/07\/ASSEMBLEIA-BANANEIRAS-02.jpg\"><img loading=\"lazy\" decoding=\"async\" aria-describedby=\"caption-attachment-11428\" class=\"size-medium wp-image-11428\" alt=\"Assembleia em Bananeiras\" src=\"http:\/\/www.adufpb.org.br\/site\/wp-content\/uploads\/2015\/07\/ASSEMBLEIA-BANANEIRAS-02-300x184.jpg\" width=\"300\" height=\"184\" srcset=\"https:\/\/www.adufpb.org.br\/site\/wp-content\/uploads\/2015\/07\/ASSEMBLEIA-BANANEIRAS-02-300x184.jpg 300w, https:\/\/www.adufpb.org.br\/site\/wp-content\/uploads\/2015\/07\/ASSEMBLEIA-BANANEIRAS-02.jpg 916w\" sizes=\"auto, (max-width: 300px) 100vw, 300px\" \/><\/a><p id=\"caption-attachment-11428\" class=\"wp-caption-text\">Assembleia em Bananeiras<\/p><\/div>\n<p dir=\"ltr\">Pela manh\u00e3, as assembleias aconteceram nos campi de Jo\u00e3o Pessoa e Bananeiras. \u00c0 tarde, foi a vez do campus de Areia. Os docentes do Litoral Norte participaram da assembleia na capital, assim como os da unidade do Centro de Ci\u00eancias Jur\u00eddicas do munic\u00edpio de Santa Rita e os do Centro de Tecnologia e Desenvolvimento Regional (CTDR), do bairro de Mangabeira (campus V).<\/p>\n<p dir=\"ltr\">Em Jo\u00e3o Pessoa, 129 docentes votaram pela rejei\u00e7\u00e3o da proposta do governo e em favor da apresenta\u00e7\u00e3o de uma contra-proposta. Nenhum dos presentes votou pela aprova\u00e7\u00e3o e dois se abstiveram. Em Bananeiras, foram 22 votos pela rejei\u00e7\u00e3o da proposta e, em Areia, 16. J\u00e1 pela continuidade da greve, foram registrados 129 favor\u00e1veis em Jo\u00e3o Pessoa, 22 em Bananeiras e 16 em Areia.<\/p>\n<p dir=\"ltr\">A pr\u00f3xima rodada de assembleias ficou marcada para o dia 9 de julho (quinta-feira). Al\u00e9m disso, os professores aprovaram o nome do professor Eduardo Henrique Guimar\u00e3es para representar a UFPB no Comando Nacional de Greves do Andes &#8211; Sindicato Nacional<\/p>\n<div id=\"attachment_11427\" style=\"width: 310px\" class=\"wp-caption alignright\"><a href=\"http:\/\/www.adufpb.org.br\/site\/wp-content\/uploads\/2015\/07\/ASSEMBLEIA-BANANEIRAS-01.jpg\"><img loading=\"lazy\" decoding=\"async\" aria-describedby=\"caption-attachment-11427\" class=\"size-medium wp-image-11427\" alt=\"Assembleia em Bananeiras\" src=\"http:\/\/www.adufpb.org.br\/site\/wp-content\/uploads\/2015\/07\/ASSEMBLEIA-BANANEIRAS-01-300x197.jpg\" width=\"300\" height=\"197\" srcset=\"https:\/\/www.adufpb.org.br\/site\/wp-content\/uploads\/2015\/07\/ASSEMBLEIA-BANANEIRAS-01-300x197.jpg 300w, https:\/\/www.adufpb.org.br\/site\/wp-content\/uploads\/2015\/07\/ASSEMBLEIA-BANANEIRAS-01.jpg 864w\" sizes=\"auto, (max-width: 300px) 100vw, 300px\" \/><\/a><p id=\"caption-attachment-11427\" class=\"wp-caption-text\">Assembleia em Bananeiras<\/p><\/div>\n<p>Outra delibera\u00e7\u00e3o importante aprovada na assembleia de quarta-feira foi o adiamento para 30 dias ap\u00f3s o t\u00e9rmino da greve na UFPB do prazo final para convoca\u00e7\u00e3o das elei\u00e7\u00f5es da Diretoria Executiva e dos membros do Conselho de Representantes da ADUFPB, prorrogando por consequ\u00eancia os mandatos da atual Diretoria e dos Conselhos at\u00e9 a posse da nova Diretoria eleita.<\/p>\n<p>Durante a assembleia, o presidente da ADUFPB, Jaldes Reis de Meneses, fez uma an\u00e1lise da proposta apresentada pelo Minist\u00e9rio do Planejamento. Veja o v\u00eddeo.<\/p>\n<p><iframe loading=\"lazy\" src=\"http:\/\/www.youtube.com\/embed\/0u76qdZXA2s\" height=\"350\" width=\"425\" frameborder=\"0\"><\/iframe><\/p>\n<p><em>Fonte: Ascom ADUFPB<\/em><\/p>\n","protected":false},"excerpt":{"rendered":"<p>Reunidos em nova rodada de assembleias na quarta-feira (1\/7), os professores da UFPB decidiram rejeitar a proposta de reajuste salarial abaixo da infla\u00e7\u00e3o que o Minist\u00e9rio do Planejamento apresentou ao F\u00f3rum dos Servidores P\u00fablico Federais no dia 25 de junho. Al\u00e9m disso, eles aprovaram a continuidade da greve da categoria, iniciada no dia 28 de&hellip;<\/p>\n","protected":false},"author":3,"featured_media":11424,"comment_status":"closed","ping_status":"closed","sticky":false,"template":"","format":"standard","meta":{"footnotes":""},"categories":[15,417],"tags":[816,526,132,455,186,585],"class_list":["post-11420","post","type-post","status-publish","format-standard","has-post-thumbnail","hentry","category-noticias","category-noticias-destaque","tag-assembleia","tag-campanha-salarial-unificada","tag-greve","tag-mpog","tag-negociacao","tag-spf","category-15","category-417","description-off"],"_links":{"self":[{"href":"https:\/\/www.adufpb.org.br\/site\/wp-json\/wp\/v2\/posts\/11420","targetHints":{"allow":["GET"]}}],"collection":[{"href":"https:\/\/www.adufpb.org.br\/site\/wp-json\/wp\/v2\/posts"}],"about":[{"href":"https:\/\/www.adufpb.org.br\/site\/wp-json\/wp\/v2\/types\/post"}],"author":[{"embeddable":true,"href":"https:\/\/www.adufpb.org.br\/site\/wp-json\/wp\/v2\/users\/3"}],"replies":[{"embeddable":true,"href":"https:\/\/www.adufpb.org.br\/site\/wp-json\/wp\/v2\/comments?post=11420"}],"version-history":[{"count":4,"href":"https:\/\/www.adufpb.org.br\/site\/wp-json\/wp\/v2\/posts\/11420\/revisions"}],"predecessor-version":[{"id":11431,"href":"https:\/\/www.adufpb.org.br\/site\/wp-json\/wp\/v2\/posts\/11420\/revisions\/11431"}],"wp:featuredmedia":[{"embeddable":true,"href":"https:\/\/www.adufpb.org.br\/site\/wp-json\/wp\/v2\/media\/11424"}],"wp:attachment":[{"href":"https:\/\/www.adufpb.org.br\/site\/wp-json\/wp\/v2\/media?parent=11420"}],"wp:term":[{"taxonomy":"category","embeddable":true,"href":"https:\/\/www.adufpb.org.br\/site\/wp-json\/wp\/v2\/categories?post=11420"},{"taxonomy":"post_tag","embeddable":true,"href":"https:\/\/www.adufpb.org.br\/site\/wp-json\/wp\/v2\/tags?post=11420"}],"curies":[{"name":"wp","href":"https:\/\/api.w.org\/{rel}","templated":true}]}}