{"id":11380,"date":"2015-06-19T10:44:02","date_gmt":"2015-06-19T14:44:02","guid":{"rendered":"http:\/\/www.adufpb.org.br\/site\/?p=11380"},"modified":"2015-06-19T10:44:02","modified_gmt":"2015-06-19T14:44:02","slug":"professores-aposentados-realizam-atividade-de-mobilizacao-contra-corte-nos-contracheques","status":"publish","type":"post","link":"https:\/\/www.adufpb.org.br\/site\/professores-aposentados-realizam-atividade-de-mobilizacao-contra-corte-nos-contracheques\/","title":{"rendered":"Professores aposentados realizam atividade de mobiliza\u00e7\u00e3o contra corte nos contracheques"},"content":{"rendered":"<p dir=\"ltr\"><a href=\"http:\/\/www.adufpb.org.br\/site\/wp-content\/uploads\/2015\/06\/CONVITE-CAF\u00c9-DA-AMANH\u00c3.jpg\"><img loading=\"lazy\" decoding=\"async\" class=\"aligncenter size-large wp-image-11381\" alt=\"CONVITE CAF\u00c9 DA AMANH\u00c3\" src=\"http:\/\/www.adufpb.org.br\/site\/wp-content\/uploads\/2015\/06\/CONVITE-CAF\u00c9-DA-AMANH\u00c3-1024x732.jpg\" width=\"1024\" height=\"732\" srcset=\"https:\/\/www.adufpb.org.br\/site\/wp-content\/uploads\/2015\/06\/CONVITE-CAF\u00c9-DA-AMANH\u00c3-1024x732.jpg 1024w, https:\/\/www.adufpb.org.br\/site\/wp-content\/uploads\/2015\/06\/CONVITE-CAF\u00c9-DA-AMANH\u00c3-300x214.jpg 300w, https:\/\/www.adufpb.org.br\/site\/wp-content\/uploads\/2015\/06\/CONVITE-CAF\u00c9-DA-AMANH\u00c3.jpg 1969w\" sizes=\"auto, (max-width: 1024px) 100vw, 1024px\" \/><\/a><\/p>\n<p dir=\"ltr\">O Grupo de Trabalho de Seguridade Social e Assuntos de Aposentadoria (GTSSA) da ADUFPB promove no dia 30 de junho, a partir das 9h30, um caf\u00e9 da manh\u00e3 no hall da reitoria para divulgar, entre a comunidade universit\u00e1ria, os problemas que os professores aposentados v\u00eam sofrendo, desde 2013, com seguidos cortes nos contracheques.<\/p>\n<p dir=\"ltr\">No total, 723 professores est\u00e3o sendo prejudicados pela medida. Em alguns casos, a redu\u00e7\u00e3o nos rendimentos mensais chega a R$ 1,5 mil, o que equivale a uma perda de R$ 27 mil entre outubro de 2013 e maio de 2015.<\/p>\n<p dir=\"ltr\">Os cortes est\u00e3o sendo feitos porque a Pr\u00f3-Reitoria de Gest\u00e3o de Pessoas (Progep) alterou a forma de pagamento da vantagem assegurada pelo artigo 192 da Lei 8.112\/90 (Regime Jur\u00eddico \u00danica \u2013 RJU) aos professores que se aposentaram at\u00e9 1996.<\/p>\n<p dir=\"ltr\">Pelo RJU, o servidor aposentado receberia como provento um valor equivalente \u00e0 remunera\u00e7\u00e3o da classe imediatamente superior \u00e0 que estava posicionado. Ou, quando ocupante da \u00faltima classe da carreira, a remunera\u00e7\u00e3o que j\u00e1 recebia acrescida da diferen\u00e7a entre essa e o padr\u00e3o da classe imediatamente anterior.<\/p>\n<p dir=\"ltr\">Em substitui\u00e7\u00e3o a esses crit\u00e9rios, a Progep adotou como par\u00e2metro de c\u00e1lculo a remunera\u00e7\u00e3o da classe \u201cprofessor associado\u201d, que s\u00f3 foi criada muito tempo depois, pela Lei 11.344\/2006. Essa medida foi tomada com base na Nota T\u00e9cnica n\u00ba 188\/2012, do Minist\u00e9rio do Planejamento, que tem car\u00e1ter meramente administrativo e contraria o preceito da irredutibilidade dos sal\u00e1rios previsto no artigo 7\u00ba da Constitui\u00e7\u00e3o Federal.<\/p>\n<p dir=\"ltr\">Desde 2013, os professores aposentados, por meio da ADUFPB, v\u00eam tentando administrativamente suspender os cortes. Em duas audi\u00eancias com a reitora Margareth Diniz, eles chegaram a receber a garantia de que o problema seria solucionado. Entretanto, at\u00e9 o momento nada foi feito.<\/p>\n<p><em>Fonte: Ascom ADUFPB<\/em><\/p>\n","protected":false},"excerpt":{"rendered":"<p>O Grupo de Trabalho de Seguridade Social e Assuntos de Aposentadoria (GTSSA) da ADUFPB promove no dia 30 de junho, a partir das 9h30, um caf\u00e9 da manh\u00e3 no hall da reitoria para divulgar, entre a comunidade universit\u00e1ria, os problemas que os professores aposentados v\u00eam sofrendo, desde 2013, com seguidos cortes nos contracheques. No total,&hellip;<\/p>\n","protected":false},"author":3,"featured_media":0,"comment_status":"closed","ping_status":"closed","sticky":false,"template":"","format":"standard","meta":{"footnotes":""},"categories":[15],"tags":[63,64,318],"class_list":["post-11380","post","type-post","status-publish","format-standard","hentry","category-noticias","tag-aposentados","tag-artigo-192","tag-gt-aposentadoria","category-15","description-off"],"_links":{"self":[{"href":"https:\/\/www.adufpb.org.br\/site\/wp-json\/wp\/v2\/posts\/11380","targetHints":{"allow":["GET"]}}],"collection":[{"href":"https:\/\/www.adufpb.org.br\/site\/wp-json\/wp\/v2\/posts"}],"about":[{"href":"https:\/\/www.adufpb.org.br\/site\/wp-json\/wp\/v2\/types\/post"}],"author":[{"embeddable":true,"href":"https:\/\/www.adufpb.org.br\/site\/wp-json\/wp\/v2\/users\/3"}],"replies":[{"embeddable":true,"href":"https:\/\/www.adufpb.org.br\/site\/wp-json\/wp\/v2\/comments?post=11380"}],"version-history":[{"count":2,"href":"https:\/\/www.adufpb.org.br\/site\/wp-json\/wp\/v2\/posts\/11380\/revisions"}],"predecessor-version":[{"id":11383,"href":"https:\/\/www.adufpb.org.br\/site\/wp-json\/wp\/v2\/posts\/11380\/revisions\/11383"}],"wp:attachment":[{"href":"https:\/\/www.adufpb.org.br\/site\/wp-json\/wp\/v2\/media?parent=11380"}],"wp:term":[{"taxonomy":"category","embeddable":true,"href":"https:\/\/www.adufpb.org.br\/site\/wp-json\/wp\/v2\/categories?post=11380"},{"taxonomy":"post_tag","embeddable":true,"href":"https:\/\/www.adufpb.org.br\/site\/wp-json\/wp\/v2\/tags?post=11380"}],"curies":[{"name":"wp","href":"https:\/\/api.w.org\/{rel}","templated":true}]}}