{"id":11356,"date":"2015-06-17T15:23:06","date_gmt":"2015-06-17T19:23:06","guid":{"rendered":"http:\/\/www.adufpb.org.br\/site\/?p=11356"},"modified":"2015-06-17T15:23:06","modified_gmt":"2015-06-17T19:23:06","slug":"resultado-das-assembleias-em-joao-pessoa-e-bananeiras","status":"publish","type":"post","link":"https:\/\/www.adufpb.org.br\/site\/resultado-das-assembleias-em-joao-pessoa-e-bananeiras\/","title":{"rendered":"Resultado das assembleias em Jo\u00e3o Pessoa e Bananeiras"},"content":{"rendered":"<div data-ft=\"{&quot;tn&quot;:&quot;K&quot;}\">\n<div id=\"id_5581c8887ea879364613117\">\n<p><strong>Resultado da assembleia hoje em Jo\u00e3o Pessoa<\/strong><br \/>\n&#8211; Votos favor\u00e1veis \u00e0 continuidade da greve: 92<br \/>\n&#8211; Votos contr\u00e1rios \u00e0 continuidade da greve: 13<br \/>\n&#8211; Absten\u00e7\u00f5es: 4<\/p>\n<div>\n<p><strong>Resultado da assembleia em Bananeira<\/strong><br \/>\n&#8211; Votos favor\u00e1veis \u00e0 continuidade da greve: 18<br \/>\n&#8211; Votos contr\u00e1rios \u00e0 continuidade da greve: 0<br \/>\n&#8211; Absten\u00e7\u00f5es: 0<\/p>\n<p>Nova assembleia dia 1\u00ba de julho.<\/p>\n<\/div>\n<\/div>\n<\/div>\n","protected":false},"excerpt":{"rendered":"<p>Resultado da assembleia hoje em Jo\u00e3o Pessoa &#8211; Votos favor\u00e1veis \u00e0 continuidade da greve: 92 &#8211; Votos contr\u00e1rios \u00e0 continuidade da greve: 13 &#8211; Absten\u00e7\u00f5es: 4 Resultado da assembleia em Bananeira &#8211; Votos favor\u00e1veis \u00e0 continuidade da greve: 18 &#8211; Votos contr\u00e1rios \u00e0 continuidade da greve: 0 &#8211; Absten\u00e7\u00f5es: 0 Nova assembleia dia 1\u00ba de&hellip;<\/p>\n","protected":false},"author":3,"featured_media":0,"comment_status":"closed","ping_status":"closed","sticky":false,"template":"","format":"standard","meta":{"footnotes":""},"categories":[15],"tags":[95,132],"class_list":["post-11356","post","type-post","status-publish","format-standard","hentry","category-noticias","tag-assembleias","tag-greve","category-15","description-off"],"_links":{"self":[{"href":"https:\/\/www.adufpb.org.br\/site\/wp-json\/wp\/v2\/posts\/11356","targetHints":{"allow":["GET"]}}],"collection":[{"href":"https:\/\/www.adufpb.org.br\/site\/wp-json\/wp\/v2\/posts"}],"about":[{"href":"https:\/\/www.adufpb.org.br\/site\/wp-json\/wp\/v2\/types\/post"}],"author":[{"embeddable":true,"href":"https:\/\/www.adufpb.org.br\/site\/wp-json\/wp\/v2\/users\/3"}],"replies":[{"embeddable":true,"href":"https:\/\/www.adufpb.org.br\/site\/wp-json\/wp\/v2\/comments?post=11356"}],"version-history":[{"count":1,"href":"https:\/\/www.adufpb.org.br\/site\/wp-json\/wp\/v2\/posts\/11356\/revisions"}],"predecessor-version":[{"id":11357,"href":"https:\/\/www.adufpb.org.br\/site\/wp-json\/wp\/v2\/posts\/11356\/revisions\/11357"}],"wp:attachment":[{"href":"https:\/\/www.adufpb.org.br\/site\/wp-json\/wp\/v2\/media?parent=11356"}],"wp:term":[{"taxonomy":"category","embeddable":true,"href":"https:\/\/www.adufpb.org.br\/site\/wp-json\/wp\/v2\/categories?post=11356"},{"taxonomy":"post_tag","embeddable":true,"href":"https:\/\/www.adufpb.org.br\/site\/wp-json\/wp\/v2\/tags?post=11356"}],"curies":[{"name":"wp","href":"https:\/\/api.w.org\/{rel}","templated":true}]}}