{"id":1128,"date":"2010-07-01T13:23:29","date_gmt":"2010-07-01T17:23:29","guid":{"rendered":"http:\/\/www.adufpb.org.br\/site\/nota-de-pesar\/"},"modified":"2010-07-01T14:08:59","modified_gmt":"2010-07-01T18:08:59","slug":"nota-de-pesar","status":"publish","type":"post","link":"https:\/\/www.adufpb.org.br\/site\/nota-de-pesar\/","title":{"rendered":"NOTA DE PESAR"},"content":{"rendered":"<p align=\"center\"><strong> <\/strong><\/p>\n<p style=\"font-size: medium;\">A  Diretoria Executiva da ADUFPB vem a p\u00fablico, com profundo pesar, dar not\u00edcia aos  s\u00f3cios de nossa entidade do falecimento em acidente automobil\u00edstico, na cidade  de Itaporanga, do professor <strong><em>RADEGUNDIS FEITOSA,<\/em><\/strong> do Departamento  de M\u00fasica\/UFPB.<\/p>\n<p style=\"font-size: medium;\">Generosa  figura humana e grande m\u00fasico paraibano, um dos principais trombonistas  brasileiros, <strong>Radegundis<\/strong> era,  atualmente, membro do Conselho de Representantes da ADUFPB. Sabendo que a obra  de <strong>Radegundis<\/strong> \u00e9 imorredoura,  estendemos nossos p\u00easames \u00e0 fam\u00edlia e a toda a sua enorme legi\u00e3o de amigos e  admiradores.<\/p>\n<p style=\"text-align: center;\">\n<p style=\"text-align: center;\">Jo\u00e3o Pessoa, 01 de julho  de 2010<\/p>\n<p style=\"text-align: center;\">Diretoria Executiva da  ADUFPB<\/p>\n<p style=\"text-align: center;\"><img loading=\"lazy\" decoding=\"async\" class=\"size-full wp-image-1127  aligncenter\" title=\"radegundis\" src=\"http:\/\/www.adufpb.org.br\/site\/wp-content\/uploads\/2010\/07\/radegundis.jpg\" alt=\"radegundis\" width=\"250\" height=\"166\" \/><\/p>\n","protected":false},"excerpt":{"rendered":"<p>A Diretoria Executiva da ADUFPB vem a p\u00fablico, com profundo pesar, dar not\u00edcia aos s\u00f3cios de nossa entidade do falecimento em acidente automobil\u00edstico, na cidade de Itaporanga, do professor RADEGUNDIS FEITOSA, do Departamento de M\u00fasica\/UFPB. Generosa figura humana e grande m\u00fasico paraibano, um dos principais trombonistas brasileiros, Radegundis era, atualmente, membro do Conselho de Representantes&hellip;<\/p>\n","protected":false},"author":3,"featured_media":0,"comment_status":"open","ping_status":"open","sticky":false,"template":"","format":"standard","meta":{"footnotes":""},"categories":[15],"tags":[],"class_list":["post-1128","post","type-post","status-publish","format-standard","hentry","category-noticias","category-15","description-off"],"_links":{"self":[{"href":"https:\/\/www.adufpb.org.br\/site\/wp-json\/wp\/v2\/posts\/1128","targetHints":{"allow":["GET"]}}],"collection":[{"href":"https:\/\/www.adufpb.org.br\/site\/wp-json\/wp\/v2\/posts"}],"about":[{"href":"https:\/\/www.adufpb.org.br\/site\/wp-json\/wp\/v2\/types\/post"}],"author":[{"embeddable":true,"href":"https:\/\/www.adufpb.org.br\/site\/wp-json\/wp\/v2\/users\/3"}],"replies":[{"embeddable":true,"href":"https:\/\/www.adufpb.org.br\/site\/wp-json\/wp\/v2\/comments?post=1128"}],"version-history":[{"count":6,"href":"https:\/\/www.adufpb.org.br\/site\/wp-json\/wp\/v2\/posts\/1128\/revisions"}],"predecessor-version":[{"id":1134,"href":"https:\/\/www.adufpb.org.br\/site\/wp-json\/wp\/v2\/posts\/1128\/revisions\/1134"}],"wp:attachment":[{"href":"https:\/\/www.adufpb.org.br\/site\/wp-json\/wp\/v2\/media?parent=1128"}],"wp:term":[{"taxonomy":"category","embeddable":true,"href":"https:\/\/www.adufpb.org.br\/site\/wp-json\/wp\/v2\/categories?post=1128"},{"taxonomy":"post_tag","embeddable":true,"href":"https:\/\/www.adufpb.org.br\/site\/wp-json\/wp\/v2\/tags?post=1128"}],"curies":[{"name":"wp","href":"https:\/\/api.w.org\/{rel}","templated":true}]}}