{"id":1105,"date":"2010-06-07T08:44:36","date_gmt":"2010-06-07T12:44:36","guid":{"rendered":"http:\/\/www.adufpb.org.br\/site\/sao-joao-da-adufpb-sera-dia-17\/"},"modified":"2010-06-11T11:13:27","modified_gmt":"2010-06-11T15:13:27","slug":"sao-joao-da-adufpb-sera-dia-17","status":"publish","type":"post","link":"https:\/\/www.adufpb.org.br\/site\/sao-joao-da-adufpb-sera-dia-17\/","title":{"rendered":"S\u00e3o Jo\u00e3o da ADUFPB ser\u00e1 dia 17"},"content":{"rendered":"<p><img loading=\"lazy\" decoding=\"async\" class=\"alignleft size-medium wp-image-1104\" title=\"sao-joao-2009\" src=\"http:\/\/www.adufpb.org.br\/site\/wp-content\/uploads\/2010\/06\/sao-joao-2009-300x200.jpg\" alt=\"sao-joao-2009\" width=\"300\" height=\"200\" srcset=\"https:\/\/www.adufpb.org.br\/site\/wp-content\/uploads\/2010\/06\/sao-joao-2009-300x200.jpg 300w, https:\/\/www.adufpb.org.br\/site\/wp-content\/uploads\/2010\/06\/sao-joao-2009.jpg 460w\" sizes=\"auto, (max-width: 300px) 100vw, 300px\" \/>Com muito forr\u00f3 e comida t\u00edpica, ser\u00e1 realizada no pr\u00f3ximo dia 17 de junho, a partir das 22h, a festa de S\u00e3o Jo\u00e3o da ADUFPB. A confraterniza\u00e7\u00e3o acontecer\u00e1 na Granja S\u00e3o Lucas, localizada no bairro do Altiplano Cabo Branco, em Jo\u00e3o Pessoa. As senhas para entrada come\u00e7ar\u00e3o a ser distribu\u00eddas no in\u00edcio da pr\u00f3xima semana.<\/p>\n<p>Um trio de forr\u00f3 p\u00e9 de serra animar\u00e1 a festa, tocando grandes sucessos da m\u00fasica nordestina. Haver\u00e1, ainda, muita comida t\u00edpica, como milho verde, pamonha, canjica e bolos. A bebida ficar\u00e1 por conta dos participantes e ser\u00e1 vendida na hora.<\/p>\n<p>A ADUFPB convida todos os professores filiados a participarem deste momento de festa e confraterniza\u00e7\u00e3o.<\/p>\n<p><em>Fonte: Ascom ADUFPB<\/em><\/p>\n","protected":false},"excerpt":{"rendered":"<p>Com muito forr\u00f3 e comida t\u00edpica, ser\u00e1 realizada no pr\u00f3ximo dia 17 de junho, a partir das 22h, a festa de S\u00e3o Jo\u00e3o da ADUFPB. A confraterniza\u00e7\u00e3o acontecer\u00e1 na Granja S\u00e3o Lucas, localizada no bairro do Altiplano Cabo Branco, em Jo\u00e3o Pessoa. As senhas para entrada come\u00e7ar\u00e3o a ser distribu\u00eddas no in\u00edcio da pr\u00f3xima semana.&hellip;<\/p>\n","protected":false},"author":3,"featured_media":0,"comment_status":"open","ping_status":"open","sticky":false,"template":"","format":"standard","meta":{"footnotes":""},"categories":[15],"tags":[57],"class_list":["post-1105","post","type-post","status-publish","format-standard","hentry","category-noticias","tag-eventos","category-15","description-off"],"_links":{"self":[{"href":"https:\/\/www.adufpb.org.br\/site\/wp-json\/wp\/v2\/posts\/1105","targetHints":{"allow":["GET"]}}],"collection":[{"href":"https:\/\/www.adufpb.org.br\/site\/wp-json\/wp\/v2\/posts"}],"about":[{"href":"https:\/\/www.adufpb.org.br\/site\/wp-json\/wp\/v2\/types\/post"}],"author":[{"embeddable":true,"href":"https:\/\/www.adufpb.org.br\/site\/wp-json\/wp\/v2\/users\/3"}],"replies":[{"embeddable":true,"href":"https:\/\/www.adufpb.org.br\/site\/wp-json\/wp\/v2\/comments?post=1105"}],"version-history":[{"count":1,"href":"https:\/\/www.adufpb.org.br\/site\/wp-json\/wp\/v2\/posts\/1105\/revisions"}],"predecessor-version":[{"id":1113,"href":"https:\/\/www.adufpb.org.br\/site\/wp-json\/wp\/v2\/posts\/1105\/revisions\/1113"}],"wp:attachment":[{"href":"https:\/\/www.adufpb.org.br\/site\/wp-json\/wp\/v2\/media?parent=1105"}],"wp:term":[{"taxonomy":"category","embeddable":true,"href":"https:\/\/www.adufpb.org.br\/site\/wp-json\/wp\/v2\/categories?post=1105"},{"taxonomy":"post_tag","embeddable":true,"href":"https:\/\/www.adufpb.org.br\/site\/wp-json\/wp\/v2\/tags?post=1105"}],"curies":[{"name":"wp","href":"https:\/\/api.w.org\/{rel}","templated":true}]}}