{"id":11035,"date":"2015-05-27T14:52:58","date_gmt":"2015-05-27T18:52:58","guid":{"rendered":"http:\/\/www.adufpb.org.br\/site\/?p=11035"},"modified":"2015-05-28T20:48:46","modified_gmt":"2015-05-29T00:48:46","slug":"professores-da-ufpb-entram-em-greve-por-tempo-indeterminado","status":"publish","type":"post","link":"https:\/\/www.adufpb.org.br\/site\/professores-da-ufpb-entram-em-greve-por-tempo-indeterminado\/","title":{"rendered":"Professores da UFPB entram em greve por tempo indeterminado"},"content":{"rendered":"<p>Os professores da UFPB deflagraram greve por tempo indeterminado. A decis\u00e3o foi tomada em uma rodada de assembleias da categoria realizada nos campi de Areia e Bananeiras, na \u00faltima ter\u00e7a-feira (26\/5), e de Jo\u00e3o Pessoa, nesta quarta-feira (27). Com 346 votos favor\u00e1veis, 238 contr\u00e1rios e nove absten\u00e7\u00f5es, a assembleia aprovou a paralisa\u00e7\u00e3o das aulas em todos os campi da institui\u00e7\u00e3o a partir de quinta-feira, 28 de maio.<\/p>\n<p>De acordo com a Adufpb, esta foi a maior rodada de assembleias j\u00e1 realizada entre os docentes na institui\u00e7\u00e3o. Participaram das reuni\u00f5es 707 professores no total, sendo 603 na de Jo\u00e3o Pessoa, 52 em Areia e 52 em Bananeiras.<\/p>\n<p>Al\u00e9m da greve, eles aprovaram outras duas propostas: realiza\u00e7\u00e3o da primeira assembleia de greve no dia 10 de junho e ades\u00e3o \u00e0 paralisa\u00e7\u00e3o nacional dos trabalhadores, que acontece sexta-feira (29\/5) em todo o pa\u00eds. Em Jo\u00e3o Pessoa, o protesto ter\u00e1 concentra\u00e7\u00e3o a partir das 9h, no Parque Solon de Lucena, em frente \u00e0 Esplanada, no Centro. De l\u00e1, os trabalhadores seguem em passeata at\u00e9 a Assembleia Legislativa do Estado.<\/p>\n<p><b>Campanha salarial<\/b><\/p>\n<p>A assembleia desta quarta-feira aconteceu pela manh\u00e3, no audit\u00f3rio da Reitoria, e contou com a participa\u00e7\u00e3o tanto dos professores do campus I (que atuam nos cursos da unidade central, no Castelo Branco, quanto os da unidade do Centro de Ci\u00eancias Jur\u00eddicas, em Santa Rita), quanto os dos campi IV (Litoral Norte) e V (Centro de Tecnologia e Desenvolvimento Regional, no bairro de Mangabeira). V\u00e1rios estudantes tamb\u00e9m assistiram \u00e0 reuni\u00e3o.<\/p>\n<p>Em um audit\u00f3rio lotado, a Diretoria do Sindicato apresentou um panorama das \u00faltimas negocia\u00e7\u00f5es com o Governo Federal. O presidente da Adufpb, Jaldes Reis de Meneses, explicou que a luta dos professores est\u00e1 integrada \u00e0 dos demais servidores p\u00fablicos federais.<\/p>\n<p>\u201cA campanha come\u00e7ou com uma reuni\u00e3o nos dias 29 e 30 de janeiro, que criou o F\u00f3rum Nacional dos Servidores Federais. Em todo o per\u00edodo dos governos Lula e Dilma, essa foi a primeira vez que se conseguiu montar um f\u00f3rum dos servidores e unificar uma pauta\u201d, explicou Jaldes.<\/p>\n<p>O F\u00f3rum re\u00fane praticamente todos os sindicatos de servidores federais do pa\u00eds e, no dia 25 de fevereiro, protocolou no Minist\u00e9rio do Planejamento uma pauta de reivindica\u00e7\u00f5es com 20 pontos, entre eles, reajuste linear de 27,3%, data-base em 1\u00ba de maio, paridade salarial entre ativos e aposentados e retirada dos projetos que atacam os direitos dos servidores.<\/p>\n<p>Duas reuni\u00f5es j\u00e1 foram realizadas com o Minist\u00e9rio do Planejamento desde ent\u00e3o, mas sem avan\u00e7os nas negocia\u00e7\u00f5es. Por isso motivo, o F\u00f3rum estuda a possibilidade de deflagra\u00e7\u00e3o de greve geral no pa\u00eds.<\/p>\n<p>Al\u00e9m da pauta unificada, os professores federais ainda buscam negociar diretamente com o Minist\u00e9rio da Educa\u00e7\u00e3o uma pauta espec\u00edfica, que inclui reestrutura\u00e7\u00e3o da carreira docente. Uma mesa de negocia\u00e7\u00e3o foi formada no ano passado, mas interrompida para estudos do MEC sobre os pontos de reivindica\u00e7\u00f5es.<\/p>\n<p>Na semana passada, o Minist\u00e9rio chamou o Sindicato Nacional dos Professores das Institui\u00e7\u00f5es de Ensino Superior (Andes) para conversar. Isso aconteceu depois do Andes divulgar que o Setor das Institui\u00e7\u00f5es Federais de Ensino (Ifes) \u2013 segmento do sindicato que discute as quest\u00f5es ligadas \u00e0s universidades e aos institutos federais \u2013 deliberou por um indicativo de greve para o dia 28 de maio.<\/p>\n<p>A reuni\u00e3o do Sindicato Nacional com o MEC aconteceu na sexta-feira, 22, mas mais uma vez o Minist\u00e9rio da Educa\u00e7\u00e3o pediu tempo para estudar as reivindica\u00e7\u00f5es.<\/p>\n<p><strong>Confira o resultado das vota\u00e7\u00f5es:<\/strong><\/p>\n<p>&#8212; Bananeiras<\/p>\n<div>\n<p>Votos a favor: 31<br \/>\nVotos contr\u00e1rios: 12<br \/>\nAbsten\u00e7\u00f5es: 3<\/p>\n<p>&#8212; Areia<\/p>\n<p>Votos a favor: 38<br \/>\nVotos contr\u00e1rios: 11<br \/>\nAbsten\u00e7\u00f5es: 0<\/p>\n<p>&#8212; Jo\u00e3o Pessoa<\/p>\n<p>Votos a favor: 277<br \/>\nVotos contr\u00e1rios: 215<br \/>\nAbsten\u00e7\u00f5es: 6<\/p>\n<p>&#8212; Total<\/p>\n<p>Votos a favor:\u00a0346<br \/>\nVotos contr\u00e1rios:\u00a0238<br \/>\nAbsten\u00e7\u00f5es: 9<\/p>\n<p>&nbsp;<\/p>\n\n\t\t\t<style type='text\/css'>\n\t\t\t\t#gallery-1 {\n\t\t\t\t\tmargin: auto;\n\t\t\t\t}\n\t\t\t\t#gallery-1 .gallery-item {\n\t\t\t\t\tfloat: left;\n\t\t\t\t\tmargin-top: 10px;\n\t\t\t\t\ttext-align: center;\n\t\t\t\t\twidth: 33%;\n\t\t\t\t}\n\t\t\t\t#gallery-1 img {\n\t\t\t\t\tborder: 2px solid #cfcfcf;\n\t\t\t\t}\n\t\t\t\t#gallery-1 .gallery-caption {\n\t\t\t\t\tmargin-left: 0;\n\t\t\t\t}\n\t\t\t\t\/* see gallery_shortcode() in wp-includes\/media.php *\/\n\t\t\t<\/style>\n\t\t<div id='gallery-1' class='dt-gallery-container gallery galleryid-11035 gallery-columns-3 gallery-size-thumbnail'><dl class='gallery-item'>\n\t\t\t\t<dt class='gallery-icon landscape'>\n\t\t\t\t\t<a class=\"rollover\" href='https:\/\/www.adufpb.org.br\/site\/dt_gallery\/assembleia-27052015\/23-2\/'><img loading=\"lazy\" decoding=\"async\" width=\"150\" height=\"150\" src=\"https:\/\/www.adufpb.org.br\/site\/wp-content\/uploads\/2015\/05\/23-150x150.jpg\" class=\"attachment-thumbnail size-thumbnail\" alt=\"\" \/><\/a>\n\t\t\t\t<\/dt><\/dl><dl class='gallery-item'>\n\t\t\t\t<dt class='gallery-icon landscape'>\n\t\t\t\t\t<a class=\"rollover\" href='https:\/\/www.adufpb.org.br\/site\/dt_gallery\/assembleia-27052015\/21-2\/'><img loading=\"lazy\" decoding=\"async\" width=\"150\" height=\"150\" src=\"https:\/\/www.adufpb.org.br\/site\/wp-content\/uploads\/2015\/05\/211-150x150.jpg\" class=\"attachment-thumbnail size-thumbnail\" alt=\"\" \/><\/a>\n\t\t\t\t<\/dt><\/dl><dl class='gallery-item'>\n\t\t\t\t<dt class='gallery-icon landscape'>\n\t\t\t\t\t<a class=\"rollover\" href='https:\/\/www.adufpb.org.br\/site\/dt_gallery\/assembleia-27052015\/20-2\/'><img loading=\"lazy\" decoding=\"async\" width=\"150\" height=\"150\" src=\"https:\/\/www.adufpb.org.br\/site\/wp-content\/uploads\/2015\/05\/20-150x150.jpg\" class=\"attachment-thumbnail size-thumbnail\" alt=\"\" \/><\/a>\n\t\t\t\t<\/dt><\/dl><br style=\"clear: both\" \/><dl class='gallery-item'>\n\t\t\t\t<dt class='gallery-icon landscape'>\n\t\t\t\t\t<a class=\"rollover\" href='https:\/\/www.adufpb.org.br\/site\/dt_gallery\/assembleia-27052015\/19-3\/'><img loading=\"lazy\" decoding=\"async\" width=\"150\" height=\"150\" src=\"https:\/\/www.adufpb.org.br\/site\/wp-content\/uploads\/2015\/05\/19-150x150.jpg\" class=\"attachment-thumbnail size-thumbnail\" alt=\"\" \/><\/a>\n\t\t\t\t<\/dt><\/dl><dl class='gallery-item'>\n\t\t\t\t<dt class='gallery-icon landscape'>\n\t\t\t\t\t<a class=\"rollover\" href='https:\/\/www.adufpb.org.br\/site\/dt_gallery\/assembleia-27052015\/18-3\/'><img loading=\"lazy\" decoding=\"async\" width=\"150\" height=\"150\" src=\"https:\/\/www.adufpb.org.br\/site\/wp-content\/uploads\/2015\/05\/18-150x150.jpg\" class=\"attachment-thumbnail size-thumbnail\" alt=\"\" \/><\/a>\n\t\t\t\t<\/dt><\/dl><dl class='gallery-item'>\n\t\t\t\t<dt class='gallery-icon landscape'>\n\t\t\t\t\t<a class=\"rollover\" href='https:\/\/www.adufpb.org.br\/site\/dt_gallery\/assembleia-27052015\/17-3\/'><img loading=\"lazy\" decoding=\"async\" width=\"150\" height=\"150\" src=\"https:\/\/www.adufpb.org.br\/site\/wp-content\/uploads\/2015\/05\/17-150x150.jpg\" class=\"attachment-thumbnail size-thumbnail\" alt=\"\" \/><\/a>\n\t\t\t\t<\/dt><\/dl><br style=\"clear: both\" \/><dl class='gallery-item'>\n\t\t\t\t<dt class='gallery-icon landscape'>\n\t\t\t\t\t<a class=\"rollover\" href='https:\/\/www.adufpb.org.br\/site\/dt_gallery\/assembleia-27052015\/16-2\/'><img loading=\"lazy\" decoding=\"async\" width=\"150\" height=\"150\" src=\"https:\/\/www.adufpb.org.br\/site\/wp-content\/uploads\/2015\/05\/16-150x150.jpg\" class=\"attachment-thumbnail size-thumbnail\" alt=\"\" \/><\/a>\n\t\t\t\t<\/dt><\/dl><dl class='gallery-item'>\n\t\t\t\t<dt class='gallery-icon landscape'>\n\t\t\t\t\t<a class=\"rollover\" href='https:\/\/www.adufpb.org.br\/site\/dt_gallery\/assembleia-27052015\/15-2\/'><img loading=\"lazy\" decoding=\"async\" width=\"150\" height=\"150\" src=\"https:\/\/www.adufpb.org.br\/site\/wp-content\/uploads\/2015\/05\/15-150x150.jpg\" class=\"attachment-thumbnail size-thumbnail\" alt=\"\" \/><\/a>\n\t\t\t\t<\/dt><\/dl><dl class='gallery-item'>\n\t\t\t\t<dt class='gallery-icon landscape'>\n\t\t\t\t\t<a class=\"rollover\" href='https:\/\/www.adufpb.org.br\/site\/dt_gallery\/assembleia-27052015\/14-2\/'><img loading=\"lazy\" decoding=\"async\" width=\"150\" height=\"150\" src=\"https:\/\/www.adufpb.org.br\/site\/wp-content\/uploads\/2015\/05\/14-150x150.jpg\" class=\"attachment-thumbnail size-thumbnail\" alt=\"\" \/><\/a>\n\t\t\t\t<\/dt><\/dl><br style=\"clear: both\" \/><dl class='gallery-item'>\n\t\t\t\t<dt class='gallery-icon landscape'>\n\t\t\t\t\t<a class=\"rollover\" href='https:\/\/www.adufpb.org.br\/site\/dt_gallery\/assembleia-27052015\/12-4\/'><img loading=\"lazy\" decoding=\"async\" width=\"150\" height=\"150\" src=\"https:\/\/www.adufpb.org.br\/site\/wp-content\/uploads\/2015\/05\/12-150x150.jpg\" class=\"attachment-thumbnail size-thumbnail\" alt=\"\" \/><\/a>\n\t\t\t\t<\/dt><\/dl><dl class='gallery-item'>\n\t\t\t\t<dt class='gallery-icon landscape'>\n\t\t\t\t\t<a class=\"rollover\" href='https:\/\/www.adufpb.org.br\/site\/dt_gallery\/assembleia-27052015\/11-4\/'><img loading=\"lazy\" decoding=\"async\" width=\"150\" height=\"150\" src=\"https:\/\/www.adufpb.org.br\/site\/wp-content\/uploads\/2015\/05\/111-150x150.jpg\" class=\"attachment-thumbnail size-thumbnail\" alt=\"\" \/><\/a>\n\t\t\t\t<\/dt><\/dl><dl class='gallery-item'>\n\t\t\t\t<dt class='gallery-icon landscape'>\n\t\t\t\t\t<a class=\"rollover\" href='https:\/\/www.adufpb.org.br\/site\/dt_gallery\/assembleia-27052015\/10-3\/'><img loading=\"lazy\" decoding=\"async\" width=\"150\" height=\"150\" src=\"https:\/\/www.adufpb.org.br\/site\/wp-content\/uploads\/2015\/05\/10-150x150.jpg\" class=\"attachment-thumbnail size-thumbnail\" alt=\"\" \/><\/a>\n\t\t\t\t<\/dt><\/dl><br style=\"clear: both\" \/><dl class='gallery-item'>\n\t\t\t\t<dt class='gallery-icon landscape'>\n\t\t\t\t\t<a class=\"rollover\" href='https:\/\/www.adufpb.org.br\/site\/dt_gallery\/assembleia-27052015\/9-3\/'><img loading=\"lazy\" decoding=\"async\" width=\"150\" height=\"150\" src=\"https:\/\/www.adufpb.org.br\/site\/wp-content\/uploads\/2015\/05\/9-150x150.jpg\" class=\"attachment-thumbnail size-thumbnail\" alt=\"\" \/><\/a>\n\t\t\t\t<\/dt><\/dl><dl class='gallery-item'>\n\t\t\t\t<dt class='gallery-icon landscape'>\n\t\t\t\t\t<a class=\"rollover\" href='https:\/\/www.adufpb.org.br\/site\/dt_gallery\/assembleia-27052015\/8-3\/'><img loading=\"lazy\" decoding=\"async\" width=\"150\" height=\"150\" src=\"https:\/\/www.adufpb.org.br\/site\/wp-content\/uploads\/2015\/05\/8-150x150.jpg\" class=\"attachment-thumbnail size-thumbnail\" alt=\"\" \/><\/a>\n\t\t\t\t<\/dt><\/dl><dl class='gallery-item'>\n\t\t\t\t<dt class='gallery-icon landscape'>\n\t\t\t\t\t<a class=\"rollover\" href='https:\/\/www.adufpb.org.br\/site\/dt_gallery\/assembleia-27052015\/7-2\/'><img loading=\"lazy\" decoding=\"async\" width=\"150\" height=\"150\" src=\"https:\/\/www.adufpb.org.br\/site\/wp-content\/uploads\/2015\/05\/7-150x150.jpg\" class=\"attachment-thumbnail size-thumbnail\" alt=\"\" \/><\/a>\n\t\t\t\t<\/dt><\/dl><br style=\"clear: both\" \/><dl class='gallery-item'>\n\t\t\t\t<dt class='gallery-icon landscape'>\n\t\t\t\t\t<a class=\"rollover\" href='https:\/\/www.adufpb.org.br\/site\/dt_gallery\/assembleia-27052015\/6-3\/'><img loading=\"lazy\" decoding=\"async\" width=\"150\" height=\"150\" src=\"https:\/\/www.adufpb.org.br\/site\/wp-content\/uploads\/2015\/05\/6-150x150.jpg\" class=\"attachment-thumbnail size-thumbnail\" alt=\"\" \/><\/a>\n\t\t\t\t<\/dt><\/dl><dl class='gallery-item'>\n\t\t\t\t<dt class='gallery-icon landscape'>\n\t\t\t\t\t<a class=\"rollover\" href='https:\/\/www.adufpb.org.br\/site\/dt_gallery\/assembleia-27052015\/5-3\/'><img loading=\"lazy\" decoding=\"async\" width=\"150\" height=\"150\" src=\"https:\/\/www.adufpb.org.br\/site\/wp-content\/uploads\/2015\/05\/5-150x150.jpg\" class=\"attachment-thumbnail size-thumbnail\" alt=\"\" \/><\/a>\n\t\t\t\t<\/dt><\/dl><dl class='gallery-item'>\n\t\t\t\t<dt class='gallery-icon landscape'>\n\t\t\t\t\t<a class=\"rollover\" href='https:\/\/www.adufpb.org.br\/site\/dt_gallery\/assembleia-27052015\/4-4\/'><img loading=\"lazy\" decoding=\"async\" width=\"150\" height=\"150\" src=\"https:\/\/www.adufpb.org.br\/site\/wp-content\/uploads\/2015\/05\/41-150x150.jpg\" class=\"attachment-thumbnail size-thumbnail\" alt=\"\" \/><\/a>\n\t\t\t\t<\/dt><\/dl><br style=\"clear: both\" \/><dl class='gallery-item'>\n\t\t\t\t<dt class='gallery-icon landscape'>\n\t\t\t\t\t<a class=\"rollover\" href='https:\/\/www.adufpb.org.br\/site\/dt_gallery\/assembleia-27052015\/3-4\/'><img loading=\"lazy\" decoding=\"async\" width=\"150\" height=\"150\" src=\"https:\/\/www.adufpb.org.br\/site\/wp-content\/uploads\/2015\/05\/31-150x150.jpg\" class=\"attachment-thumbnail size-thumbnail\" alt=\"\" \/><\/a>\n\t\t\t\t<\/dt><\/dl><dl class='gallery-item'>\n\t\t\t\t<dt class='gallery-icon landscape'>\n\t\t\t\t\t<a class=\"rollover\" href='https:\/\/www.adufpb.org.br\/site\/dt_gallery\/assembleia-27052015\/2-4\/'><img loading=\"lazy\" decoding=\"async\" width=\"150\" height=\"150\" src=\"https:\/\/www.adufpb.org.br\/site\/wp-content\/uploads\/2015\/05\/21-150x150.jpg\" class=\"attachment-thumbnail size-thumbnail\" alt=\"\" \/><\/a>\n\t\t\t\t<\/dt><\/dl><dl class='gallery-item'>\n\t\t\t\t<dt class='gallery-icon landscape'>\n\t\t\t\t\t<a class=\"rollover\" href='https:\/\/www.adufpb.org.br\/site\/dt_gallery\/assembleia-27052015\/1-4\/'><img loading=\"lazy\" decoding=\"async\" width=\"150\" height=\"150\" src=\"https:\/\/www.adufpb.org.br\/site\/wp-content\/uploads\/2015\/05\/11-150x150.jpg\" class=\"attachment-thumbnail size-thumbnail\" alt=\"\" \/><\/a>\n\t\t\t\t<\/dt><\/dl><br style=\"clear: both\" \/>\n\t\t\t<\/div>\n\n<p>&nbsp;<\/p>\n<\/div>\n","protected":false},"excerpt":{"rendered":"<p>Os professores da UFPB deflagraram greve por tempo indeterminado. A decis\u00e3o foi tomada em uma rodada de assembleias da categoria realizada nos campi de Areia e Bananeiras, na \u00faltima ter\u00e7a-feira (26\/5), e de Jo\u00e3o Pessoa, nesta quarta-feira (27). Com 346 votos favor\u00e1veis, 238 contr\u00e1rios e nove absten\u00e7\u00f5es, a assembleia aprovou a paralisa\u00e7\u00e3o das aulas em&hellip;<\/p>\n","protected":false},"author":3,"featured_media":11043,"comment_status":"closed","ping_status":"closed","sticky":false,"template":"","format":"standard","meta":{"footnotes":""},"categories":[15,417],"tags":[95,525,132],"class_list":["post-11035","post","type-post","status-publish","format-standard","has-post-thumbnail","hentry","category-noticias","category-noticias-destaque","tag-assembleias","tag-campanha-salarial-2015","tag-greve","category-15","category-417","description-off"],"_links":{"self":[{"href":"https:\/\/www.adufpb.org.br\/site\/wp-json\/wp\/v2\/posts\/11035","targetHints":{"allow":["GET"]}}],"collection":[{"href":"https:\/\/www.adufpb.org.br\/site\/wp-json\/wp\/v2\/posts"}],"about":[{"href":"https:\/\/www.adufpb.org.br\/site\/wp-json\/wp\/v2\/types\/post"}],"author":[{"embeddable":true,"href":"https:\/\/www.adufpb.org.br\/site\/wp-json\/wp\/v2\/users\/3"}],"replies":[{"embeddable":true,"href":"https:\/\/www.adufpb.org.br\/site\/wp-json\/wp\/v2\/comments?post=11035"}],"version-history":[{"count":4,"href":"https:\/\/www.adufpb.org.br\/site\/wp-json\/wp\/v2\/posts\/11035\/revisions"}],"predecessor-version":[{"id":11065,"href":"https:\/\/www.adufpb.org.br\/site\/wp-json\/wp\/v2\/posts\/11035\/revisions\/11065"}],"wp:featuredmedia":[{"embeddable":true,"href":"https:\/\/www.adufpb.org.br\/site\/wp-json\/wp\/v2\/media\/11043"}],"wp:attachment":[{"href":"https:\/\/www.adufpb.org.br\/site\/wp-json\/wp\/v2\/media?parent=11035"}],"wp:term":[{"taxonomy":"category","embeddable":true,"href":"https:\/\/www.adufpb.org.br\/site\/wp-json\/wp\/v2\/categories?post=11035"},{"taxonomy":"post_tag","embeddable":true,"href":"https:\/\/www.adufpb.org.br\/site\/wp-json\/wp\/v2\/tags?post=11035"}],"curies":[{"name":"wp","href":"https:\/\/api.w.org\/{rel}","templated":true}]}}