{"id":11014,"date":"2015-05-25T08:07:12","date_gmt":"2015-05-25T12:07:12","guid":{"rendered":"http:\/\/www.adufpb.org.br\/site\/?p=11014"},"modified":"2015-05-25T08:07:12","modified_gmt":"2015-05-25T12:07:12","slug":"professores-fazem-assembleia-terca-e-quarta-feira-para-analisar-proposta-de-greve","status":"publish","type":"post","link":"https:\/\/www.adufpb.org.br\/site\/professores-fazem-assembleia-terca-e-quarta-feira-para-analisar-proposta-de-greve\/","title":{"rendered":"Professores fazem assembleia ter\u00e7a e quarta-feira para analisar proposta de greve"},"content":{"rendered":"<p>Esta semana ser\u00e1 de importantes decis\u00f5es para a categoria docente. Na ter\u00e7a (26) e na quarta-feira (27), os professores da UFPB re\u00fanem-se em uma nova rodada de assembleias para analisar a proposta do Andes &#8211; Sindicato Nacional de deflagra\u00e7\u00e3o de uma greve por tempo indeterminado nas universidades federais.<\/p>\n<p>Na ter\u00e7a-feira, a reuni\u00e3o acontecer\u00e1 nas subsecretarias da ADUFPB nos campi de Bananeiras (manh\u00e3) e Areia (tarde). J\u00e1 na quarta, ser\u00e1 a vez dos professores dos campi I (Cidade Universit\u00e1ria e unidade do CCJ em santa Rita), IV (Litoral Norte) e V (CTDR, em Mangabeira) realizarem assembleia no audit\u00f3rio da Reitoria, a partir das 9h.<\/p>\n<p>A decis\u00e3o de paralisar as atividades nas universidades federais foi tomada na \u00faltima reuni\u00e3o do Setor das Ifes do Andes-SN, em Bras\u00edlia, no dia 16 de maio. A deflagra\u00e7\u00e3o da greve em cada institui\u00e7\u00e3o depende, ainda, da decis\u00e3o da base, ou seja, das assembleias gerais nos estados. No caso da UFPB, as datas da pr\u00f3xima rodada (26 e 27 de maio) j\u00e1 haviam sido definidas na assembleia anterior, realizada no dia 13 de maio.<\/p>\n<p>\u201cChamamos os professores em todo o pa\u00eds a participarem das assembleias que ser\u00e3o realizadas para tratar da deflagra\u00e7\u00e3o da greve. A hora \u00e9 agora, as universidades e demais institui\u00e7\u00f5es federais de ensino est\u00e3o \u00e0 m\u00edngua, sem condi\u00e7\u00f5es de funcionamento, enquanto o governo anuncia que vai promover mais cortes\u201d, conclamou o presidente do Andes-SN, Paulo Rizzo, na reuni\u00e3o do Setor das Ifes, da qual participaram representantes de 43 se\u00e7\u00f5es sindicais.<\/p>\n<p><strong>MEC nega acordo<\/strong><\/p>\n<p>Na \u00faltima sexta-feira (22\/5), o Andes participou de uma reuni\u00e3o com o Minist\u00e9rio da Educa\u00e7\u00e3o (MEC) para discutir a pauta de reivindica\u00e7\u00f5es dos docentes federais. Na ocasi\u00e3o, o MEC afirmou que o acordo firmado em 23 de abril de 2014 sobre os conceitos da carreira n\u00e3o \u00e9 v\u00e1lido. Tamb\u00e9m disse que o corte na educa\u00e7\u00e3o deve ser de R$ 9 bilh\u00f5es, e que n\u00e3o se sabe ainda o impacto sobre as universidades e institutos federais.<\/p>\n<p>Marinalva Oliveira, 1\u00aa vice-presidente do Andes-SN, iniciou a reuni\u00e3o apresentando a pauta do Setor das Institui\u00e7\u00f5es Federais de Ensino Superior (Ifes), dividida em cinco eixos: defesa do car\u00e1ter p\u00fablico da educa\u00e7\u00e3o, condi\u00e7\u00f5es de trabalho, garantia de autonomia, reestrutura\u00e7\u00e3o da carreira e valoriza\u00e7\u00e3o salarial de ativos e aposentados. A diretora do ANDES-SN lembrou que o MEC havia assinado acordo, em 23 de abril de 2014 sobre conceitos iniciais de carreira, mas que, desde ent\u00e3o, n\u00e3o houve qualquer reuni\u00e3o entre o minist\u00e9rio e o Sindicato Nacional.<\/p>\n<p>\u201cNesse meio tempo realizamos Congresso, Conads, e diversas reuni\u00f5es do Setor das Ifes. Estamos h\u00e1 um ano e um m\u00eas esperando respostas do MEC\u201d, afirmou a docente. \u201cQueremos que o processo negocial seja retomado a partir do acordo assinado em abril de 2014, e que esses conceitos acordados sejam agora transformados em crit\u00e9rios objetivos\u201d, completou Marinalva, que ainda questionou os representantes do MEC sobre os cortes or\u00e7ament\u00e1rios que o governo anuncia ainda nesta sexta-feira, e quais seriam os impactos nas universidades e institutos federais.<\/p>\n<p>Luiz Cl\u00e1udio Costa, ministro da educa\u00e7\u00e3o em exerc\u00edcio, respondeu que nenhum secret\u00e1rio do MEC pode assinar acordo sem a aprova\u00e7\u00e3o do resto do minist\u00e9rio e disse que n\u00e3o pode come\u00e7ar a negocia\u00e7\u00e3o a partir do acordo firmado em abril de 2014 porque Paulo Speller, ent\u00e3o secret\u00e1rio da Sesu, n\u00e3o teria autonomia para assinar tal acordo. Quanto aos cortes, Costa afirmou que a educa\u00e7\u00e3o deve ser afetada com uma redu\u00e7\u00e3o de cerca de R$9 bilh\u00f5es, mas que o or\u00e7amento ficar\u00e1 acima do m\u00ednimo constitucional. Ressaltou ainda que o governo quer, mesmo com os cortes, consolidar a expans\u00e3o de universidades e institutos federais.<\/p>\n<p>O ministro em exerc\u00edcio ainda considerou que o an\u00fancio da deflagra\u00e7\u00e3o da greve gerou um desconforto no MEC porque, segundo ele, um novo governo acaba de assumir e, portanto, n\u00e3o deve se considerar a falta de negocia\u00e7\u00e3o do governo anterior. As diretoras do Sindicato Nacional responderam que a interpreta\u00e7\u00e3o da base do ANDES-SN, expressa nas assembleias docentes, n\u00e3o \u00e9 essa, j\u00e1 que a categoria espera a resposta do MEC h\u00e1 mais de um ano, e a negocia\u00e7\u00e3o foi rompida unilateralmente pelo governo, sem nenhuma justificativa.<\/p>\n<p>A reuni\u00e3o continuou com a manifesta\u00e7\u00e3o de Jesualdo Farias, secret\u00e1rio da Sesu. Ele afirmou que, em rela\u00e7\u00e3o a concursos, n\u00e3o h\u00e1 respostas. Sobre o restante da pauta do ANDES-SN, ele disse que \u00e9 necess\u00e1rio estudar a proposta para poder dar uma resposta por escrito em uma pr\u00f3xima reuni\u00e3o, possivelmente ap\u00f3s a metade do m\u00eas de junho.<\/p>\n<p>Farias afirmou que a Sesu ainda n\u00e3o sabe quais ser\u00e3o os reais impactos do corte or\u00e7ament\u00e1rio na pasta, e que, at\u00e9 a primeira semana de junho, deve ter uma resposta concreta sobre quais os impactos. Segundo ele, \u00e9 prov\u00e1vel que ocorrer\u00e1 impactos sobre verbas de custeio e capital.<\/p>\n<p><em>Fonte: Ascom ADUFPB e Andes-SN<\/em><\/p>\n","protected":false},"excerpt":{"rendered":"<p>Esta semana ser\u00e1 de importantes decis\u00f5es para a categoria docente. Na ter\u00e7a (26) e na quarta-feira (27), os professores da UFPB re\u00fanem-se em uma nova rodada de assembleias para analisar a proposta do Andes &#8211; Sindicato Nacional de deflagra\u00e7\u00e3o de uma greve por tempo indeterminado nas universidades federais. Na ter\u00e7a-feira, a reuni\u00e3o acontecer\u00e1 nas subsecretarias&hellip;<\/p>\n","protected":false},"author":3,"featured_media":11015,"comment_status":"closed","ping_status":"closed","sticky":false,"template":"","format":"standard","meta":{"footnotes":""},"categories":[417],"tags":[95,525,25,132,71],"class_list":["post-11014","post","type-post","status-publish","format-standard","has-post-thumbnail","hentry","category-noticias-destaque","tag-assembleias","tag-campanha-salarial-2015","tag-carreira-docente","tag-greve","tag-mec","category-417","description-off"],"_links":{"self":[{"href":"https:\/\/www.adufpb.org.br\/site\/wp-json\/wp\/v2\/posts\/11014","targetHints":{"allow":["GET"]}}],"collection":[{"href":"https:\/\/www.adufpb.org.br\/site\/wp-json\/wp\/v2\/posts"}],"about":[{"href":"https:\/\/www.adufpb.org.br\/site\/wp-json\/wp\/v2\/types\/post"}],"author":[{"embeddable":true,"href":"https:\/\/www.adufpb.org.br\/site\/wp-json\/wp\/v2\/users\/3"}],"replies":[{"embeddable":true,"href":"https:\/\/www.adufpb.org.br\/site\/wp-json\/wp\/v2\/comments?post=11014"}],"version-history":[{"count":1,"href":"https:\/\/www.adufpb.org.br\/site\/wp-json\/wp\/v2\/posts\/11014\/revisions"}],"predecessor-version":[{"id":11016,"href":"https:\/\/www.adufpb.org.br\/site\/wp-json\/wp\/v2\/posts\/11014\/revisions\/11016"}],"wp:featuredmedia":[{"embeddable":true,"href":"https:\/\/www.adufpb.org.br\/site\/wp-json\/wp\/v2\/media\/11015"}],"wp:attachment":[{"href":"https:\/\/www.adufpb.org.br\/site\/wp-json\/wp\/v2\/media?parent=11014"}],"wp:term":[{"taxonomy":"category","embeddable":true,"href":"https:\/\/www.adufpb.org.br\/site\/wp-json\/wp\/v2\/categories?post=11014"},{"taxonomy":"post_tag","embeddable":true,"href":"https:\/\/www.adufpb.org.br\/site\/wp-json\/wp\/v2\/tags?post=11014"}],"curies":[{"name":"wp","href":"https:\/\/api.w.org\/{rel}","templated":true}]}}