{"id":10992,"date":"2015-05-19T10:32:18","date_gmt":"2015-05-19T14:32:18","guid":{"rendered":"http:\/\/www.adufpb.org.br\/site\/?p=10992"},"modified":"2015-05-21T09:12:06","modified_gmt":"2015-05-21T13:12:06","slug":"assembleia-de-professores-da-ufpb-analisa-proposta-de-greve-por-tempo-indeterminado","status":"publish","type":"post","link":"https:\/\/www.adufpb.org.br\/site\/assembleia-de-professores-da-ufpb-analisa-proposta-de-greve-por-tempo-indeterminado\/","title":{"rendered":"Assembleia de professores da UFPB analisa proposta de greve por tempo indeterminado"},"content":{"rendered":"<p>A proposta de greve por tempo indeterminado dos professores das universidades federais ser\u00e1 analisada na pr\u00f3xima semana em uma nova rodada de assembleias dos docentes da UFPB.<\/p>\n<p>Na ter\u00e7a-feira, 26\/5, a reuni\u00e3o acontecer\u00e1 nas subsecretarias da ADUFPB\u00a0nos campi de Bananeiras (manh\u00e3) e Areia (tarde).<\/p>\n<p>J\u00e1 na quarta-feira, 27\/5, ser\u00e1 a vez dos professores dos campi I (Cidade Universit\u00e1ria e unidade do CCJ em santa Rita), IV (Litoral Norte) e V (CTDR, em Mangabeira) realizarem assembleia no audit\u00f3rio da Reitoria, a partir das 9h.<\/p>\n<p>Em pauta, informes e an\u00e1lise e delibera\u00e7\u00e3o da proposta do Andes-SN de greve por tempo indeterminado. A decis\u00e3o de paralisar as atividades nas universidades federais foi tomada no \u00faltimo fim de semana na reuni\u00e3o do Setor das Ifes do Sindicato Nacional, em Bras\u00edlia.<\/p>\n<p>A deflagra\u00e7\u00e3o da greve em cada institui\u00e7\u00e3o depende, ainda, da decis\u00e3o da base, ou seja, das assembleias gerais nos estados. No caso da UFPB, as datas da pr\u00f3xima rodada (26 e 27 de maio) j\u00e1 haviam sido definidas na assembleia anterior, realizada no dia 13 de maio.<\/p>\n<p>\u201cChamamos os professores em todo o pa\u00eds a participarem das assembleias que ser\u00e3o realizadas para tratar da deflagra\u00e7\u00e3o da greve. A hora \u00e9 agora, as universidades e demais institui\u00e7\u00f5es federais de ensino est\u00e3o \u00e0 m\u00edngua, sem condi\u00e7\u00f5es de funcionamento, enquanto o governo anuncia que vai promover mais cortes\u201d, conclamou o presidente do Andes-SN, Paulo Rizzo, na reuni\u00e3o do Setor das Ifes, da qual participaram representantes de 43 se\u00e7\u00f5es sindicais.<\/p>\n<p><em>Fonte: Ascom ADUFPB<\/em><\/p>\n","protected":false},"excerpt":{"rendered":"<p>A proposta de greve por tempo indeterminado dos professores das universidades federais ser\u00e1 analisada na pr\u00f3xima semana em uma nova rodada de assembleias dos docentes da UFPB. Na ter\u00e7a-feira, 26\/5, a reuni\u00e3o acontecer\u00e1 nas subsecretarias da ADUFPB\u00a0nos campi de Bananeiras (manh\u00e3) e Areia (tarde). J\u00e1 na quarta-feira, 27\/5, ser\u00e1 a vez dos professores dos campi&hellip;<\/p>\n","protected":false},"author":3,"featured_media":0,"comment_status":"closed","ping_status":"closed","sticky":false,"template":"","format":"standard","meta":{"footnotes":""},"categories":[15,417],"tags":[816,525,132,202,207],"class_list":["post-10992","post","type-post","status-publish","format-standard","hentry","category-noticias","category-noticias-destaque","tag-assembleia","tag-campanha-salarial-2015","tag-greve","tag-ifes","tag-setor-das-ifes","category-15","category-417","description-off"],"_links":{"self":[{"href":"https:\/\/www.adufpb.org.br\/site\/wp-json\/wp\/v2\/posts\/10992","targetHints":{"allow":["GET"]}}],"collection":[{"href":"https:\/\/www.adufpb.org.br\/site\/wp-json\/wp\/v2\/posts"}],"about":[{"href":"https:\/\/www.adufpb.org.br\/site\/wp-json\/wp\/v2\/types\/post"}],"author":[{"embeddable":true,"href":"https:\/\/www.adufpb.org.br\/site\/wp-json\/wp\/v2\/users\/3"}],"replies":[{"embeddable":true,"href":"https:\/\/www.adufpb.org.br\/site\/wp-json\/wp\/v2\/comments?post=10992"}],"version-history":[{"count":1,"href":"https:\/\/www.adufpb.org.br\/site\/wp-json\/wp\/v2\/posts\/10992\/revisions"}],"predecessor-version":[{"id":10993,"href":"https:\/\/www.adufpb.org.br\/site\/wp-json\/wp\/v2\/posts\/10992\/revisions\/10993"}],"wp:attachment":[{"href":"https:\/\/www.adufpb.org.br\/site\/wp-json\/wp\/v2\/media?parent=10992"}],"wp:term":[{"taxonomy":"category","embeddable":true,"href":"https:\/\/www.adufpb.org.br\/site\/wp-json\/wp\/v2\/categories?post=10992"},{"taxonomy":"post_tag","embeddable":true,"href":"https:\/\/www.adufpb.org.br\/site\/wp-json\/wp\/v2\/tags?post=10992"}],"curies":[{"name":"wp","href":"https:\/\/api.w.org\/{rel}","templated":true}]}}